{"id":365416,"date":"2025-09-04T10:04:10","date_gmt":"2025-09-04T10:04:10","guid":{"rendered":"https:\/\/www.europesays.com\/fr\/365416\/"},"modified":"2025-09-04T10:04:10","modified_gmt":"2025-09-04T10:04:10","slug":"toulon-entre-fracture-du-temps-et-cri-dalerte-nucleaire","status":"publish","type":"post","link":"https:\/\/www.europesays.com\/fr\/365416\/","title":{"rendered":"TOULON : Entre fracture du temps et cri d\u2019alerte nucl\u00e9aire"},"content":{"rendered":"<p><b>P<\/b><b>ierre B\u00e9loni, auteur-compositeur-interpr\u00e8te toulonnais, d\u00e9voile \u00ab Fracture du Temps \u00bb, une \u0153uvre double, musicale et cin\u00e9matographique.<\/b><\/p>\n<p>Ce manifeste contre la menace nucl\u00e9aire m\u00eale une composition musicale en trois actes \u00e0 un court-m\u00e9trage percutant, dans lequel Paris devient le symbole d\u2019un effondrement fictif. Avec son \u2019arrangeur Aur\u00e9lien Morris, Pierre B\u00e9loni sculpte une narration sonore et visuelle qui interpelle autant qu\u2019elle d\u00e9range.<\/p>\n<p><b>Apr\u00e8s la sortie de deux albums, \u00ab\u00a0Souffrances\u00a0\u00bb et \u00ab\u00a0C\u2019est la vie\u00a0\u00bb, avec le titre \u00ab\u00a0Toulon de mon enfance\u00a0\u00bb dont nous nous sommes fait \u00e9cho dans nos colonnes, il y a quelques semaines, vous signez, ici, un manifeste musical et cin\u00e9matographique poignant contre la menace nucl\u00e9aire.<\/b><\/p>\n<p><strong>Pierre B\u00e9loni<\/strong>\u00a0: L\u2019escalade nucl\u00e9aire me glace. Les discours mena\u00e7ants ne sont plus rh\u00e9toriques, ce sont des avertissements. \u00ab\u00a0Fracture du Temps\u00a0\u00bb\u00a0est un cri d\u2019artiste, mais aussi et surtout un cri d\u2019homme.<\/p>\n<p><b>La chanson est construite en trois actes ?<\/b><\/p>\n<p><strong>P.B.<\/strong>\u00a0Oui. Le premier acte \u00e9voque une matin\u00e9e paisible, presque na\u00efve. Le second est une rupture brutale, style heavy metal, percussions saccad\u00e9es : la d\u00e9tonation. Le troisi\u00e8me, c\u2019est l\u2019apr\u00e8s. L\u2019adagio du chaos. Guitares satur\u00e9es, silence irradi\u00e9. Le monde suspendu.<\/p>\n<p><b>Le film montre Paris dans une r\u00e9alit\u00e9 fictionnelle frapp\u00e9e par un missile nucl\u00e9aire.<\/b><\/p>\n<p><strong>P.B.<\/strong>\u00a0Paris est un symbole. Ce n\u2019est pas une provocation, mais un miroir. La fiction permet de dire ce que la r\u00e9alit\u00e9 refuse. Chaque plan interroge notre fragilit\u00e9. Ce film est une alerte, pas un choc gratuit.<\/p>\n<p><b>Cin\u00e9matographiquement, avez-vous utilis\u00e9 l\u2019intelligence artificielle ?<\/b><\/p>\n<p><strong>P.B.<\/strong>\u00a0Oui, mais l\u2019IA refuse la g\u00e9n\u00e9ration de violences visuelles trop r\u00e9alistes et script\u00e9es. J\u2019ai donc repris la main en postproduction avec des logiciels sp\u00e9cialis\u00e9s que je ma\u00eetrise parfaitement et qui existaient bien avant l\u2019IA. L\u2019ensemble a \u00e9t\u00e9 sc\u00e9naris\u00e9 en amont : chaque plan, chaque trucage est pens\u00e9, orchestr\u00e9 et synchronis\u00e9 avec la musique.<\/p>\n<p><b>Musicalement, avez-vous travaill\u00e9 avec Aur\u00e9lien Morris, votre arrangeur ?<\/b><\/p>\n<p><strong>P.B.<\/strong>\u00a0\u00c9videmment, Aur\u00e9lien est un orf\u00e8vre du son. Il a compris que cette chanson \u00e9tait une narration sonore. Ensemble, nous avons sculpt\u00e9 les trois actes pour qu\u2019ils soient coh\u00e9rents et bouleversants.<\/p>\n<p><b>Quel message souhaitez-vous transmettre ?<\/b><\/p>\n<p><strong>P.B.<\/strong>\u00a0Que la menace nucl\u00e9aire est r\u00e9elle. Que le temps se fissure. Que l\u2019art peut \u00eatre un rempart contre l\u2019indiff\u00e9rence. Je refuse de regarder le monde sombrer en silence.<\/p>\n<p><b>O\u00f9 d\u00e9couvrir\u00a0<\/b><b>Fracture du Temps<\/b><b>\u00a0?<\/b><\/p>\n<p><strong>P.B.<\/strong>\u00a0Le titre audio est disponible sur toutes les plateformes de streaming. Le teaser et le court-m\u00e9trage sont en ligne sur YouTube, ainsi que sur mon profil Facebook. C\u2019est une \u0153uvre rare, urgente, profond\u00e9ment ancr\u00e9e dans notre \u00e9poque. Il suffit de taper\u00a0sur le r\u00e9seau de votre choix : Pierre B\u00e9loni\u00a0\u2013 Fracture du temps, pour me trouver.<\/p>\n","protected":false},"excerpt":{"rendered":"Pierre B\u00e9loni, auteur-compositeur-interpr\u00e8te toulonnais, d\u00e9voile \u00ab Fracture du Temps \u00bb, une \u0153uvre double, musicale et cin\u00e9matographique. Ce manifeste&hellip;\n","protected":false},"author":2,"featured_media":365417,"comment_status":"","ping_status":"","sticky":false,"template":"","format":"standard","meta":{"footnotes":""},"categories":[9619],"tags":[1111,11,1777,674,1011,27,12,882,25,2310],"class_list":{"0":"post-365416","1":"post","2":"type-post","3":"status-publish","4":"format-standard","5":"has-post-thumbnail","7":"category-toulon","8":"tag-actu","9":"tag-actualites","10":"tag-eu","11":"tag-europe","12":"tag-fr","13":"tag-france","14":"tag-news","15":"tag-provence-alpes-cote-dazur","16":"tag-republique-francaise","17":"tag-toulon"},"share_on_mastodon":{"url":"https:\/\/pubeurope.com\/@fr\/115145465228979290","error":""},"_links":{"self":[{"href":"https:\/\/www.europesays.com\/fr\/wp-json\/wp\/v2\/posts\/365416","targetHints":{"allow":["GET"]}}],"collection":[{"href":"https:\/\/www.europesays.com\/fr\/wp-json\/wp\/v2\/posts"}],"about":[{"href":"https:\/\/www.europesays.com\/fr\/wp-json\/wp\/v2\/types\/post"}],"author":[{"embeddable":true,"href":"https:\/\/www.europesays.com\/fr\/wp-json\/wp\/v2\/users\/2"}],"replies":[{"embeddable":true,"href":"https:\/\/www.europesays.com\/fr\/wp-json\/wp\/v2\/comments?post=365416"}],"version-history":[{"count":0,"href":"https:\/\/www.europesays.com\/fr\/wp-json\/wp\/v2\/posts\/365416\/revisions"}],"wp:featuredmedia":[{"embeddable":true,"href":"https:\/\/www.europesays.com\/fr\/wp-json\/wp\/v2\/media\/365417"}],"wp:attachment":[{"href":"https:\/\/www.europesays.com\/fr\/wp-json\/wp\/v2\/media?parent=365416"}],"wp:term":[{"taxonomy":"category","embeddable":true,"href":"https:\/\/www.europesays.com\/fr\/wp-json\/wp\/v2\/categories?post=365416"},{"taxonomy":"post_tag","embeddable":true,"href":"https:\/\/www.europesays.com\/fr\/wp-json\/wp\/v2\/tags?post=365416"}],"curies":[{"name":"wp","href":"https:\/\/api.w.org\/{rel}","templated":true}]}}