{"id":365418,"date":"2025-09-04T10:05:16","date_gmt":"2025-09-04T10:05:16","guid":{"rendered":"https:\/\/www.europesays.com\/fr\/365418\/"},"modified":"2025-09-04T10:05:16","modified_gmt":"2025-09-04T10:05:16","slug":"montpellier-un-homme-pris-en-flagrant-delit-en-voulant-vendre-un-ordinateur-vole-a-un-policier-en-civil","status":"publish","type":"post","link":"https:\/\/www.europesays.com\/fr\/365418\/","title":{"rendered":"Montpellier : un homme pris en flagrant d\u00e9lit en voulant vendre un ordinateur vol\u00e9 \u00e0 un policier en civil \u00a0"},"content":{"rendered":"<p>La personne est donc interpell\u00e9e avec son sac de courses. L\u2019homme de 48 ans est contr\u00f4l\u00e9 positif \u00e0 la coca\u00efne et \u00e0 l\u2019alcool. Une petite bonbonne de poudre blanche a \u00e9t\u00e9 trouv\u00e9e sur lui. Il confesse avoir consomm\u00e9 de la bi\u00e8re et avoir vol\u00e9 cet ordinateur portable\u00a0\u00e0\u00a0une femme dans le quartier Eurom\u00e9decine. L\u2019individu assure qu\u2019il ne se contr\u00f4le plus et qu\u2019il vole quand il est sous alcool et sous stup\u00e9fiants. \u00a0<\/p>\n","protected":false},"excerpt":{"rendered":"La personne est donc interpell\u00e9e avec son sac de courses. L\u2019homme de 48 ans est contr\u00f4l\u00e9 positif \u00e0&hellip;\n","protected":false},"author":2,"featured_media":365419,"comment_status":"","ping_status":"","sticky":false,"template":"","format":"standard","meta":{"footnotes":""},"categories":[9599],"tags":[1111,11,1777,674,1011,27,2208,12,2680,25],"class_list":{"0":"post-365418","1":"post","2":"type-post","3":"status-publish","4":"format-standard","5":"has-post-thumbnail","7":"category-montpellier","8":"tag-actu","9":"tag-actualites","10":"tag-eu","11":"tag-europe","12":"tag-fr","13":"tag-france","14":"tag-montpellier","15":"tag-news","16":"tag-occitanie","17":"tag-republique-francaise"},"share_on_mastodon":{"url":"https:\/\/pubeurope.com\/@fr\/115145469253844224","error":""},"_links":{"self":[{"href":"https:\/\/www.europesays.com\/fr\/wp-json\/wp\/v2\/posts\/365418","targetHints":{"allow":["GET"]}}],"collection":[{"href":"https:\/\/www.europesays.com\/fr\/wp-json\/wp\/v2\/posts"}],"about":[{"href":"https:\/\/www.europesays.com\/fr\/wp-json\/wp\/v2\/types\/post"}],"author":[{"embeddable":true,"href":"https:\/\/www.europesays.com\/fr\/wp-json\/wp\/v2\/users\/2"}],"replies":[{"embeddable":true,"href":"https:\/\/www.europesays.com\/fr\/wp-json\/wp\/v2\/comments?post=365418"}],"version-history":[{"count":0,"href":"https:\/\/www.europesays.com\/fr\/wp-json\/wp\/v2\/posts\/365418\/revisions"}],"wp:featuredmedia":[{"embeddable":true,"href":"https:\/\/www.europesays.com\/fr\/wp-json\/wp\/v2\/media\/365419"}],"wp:attachment":[{"href":"https:\/\/www.europesays.com\/fr\/wp-json\/wp\/v2\/media?parent=365418"}],"wp:term":[{"taxonomy":"category","embeddable":true,"href":"https:\/\/www.europesays.com\/fr\/wp-json\/wp\/v2\/categories?post=365418"},{"taxonomy":"post_tag","embeddable":true,"href":"https:\/\/www.europesays.com\/fr\/wp-json\/wp\/v2\/tags?post=365418"}],"curies":[{"name":"wp","href":"https:\/\/api.w.org\/{rel}","templated":true}]}}