{"id":365420,"date":"2025-09-04T10:06:09","date_gmt":"2025-09-04T10:06:09","guid":{"rendered":"https:\/\/www.europesays.com\/fr\/365420\/"},"modified":"2025-09-04T10:06:09","modified_gmt":"2025-09-04T10:06:09","slug":"pourquoi-parents-et-enseignants-du-college-sont-mobilises","status":"publish","type":"post","link":"https:\/\/www.europesays.com\/fr\/365420\/","title":{"rendered":"pourquoi parents et enseignants du coll\u00e8ge sont mobilis\u00e9s"},"content":{"rendered":"<p>            Par<br \/>\n        <strong><br \/>\n            <a href=\"https:\/\/actu.fr\/auteur\/metropoop\" title=\"Consulter tous les articles de R\u00e9daction M\u00e9tropolitain\" target=\"_blank\" rel=\"noopener\">R\u00e9daction M\u00e9tropolitain<\/a><br \/>\n        <\/strong><\/p>\n<p>        Publi\u00e9 le<\/p>\n<p>            4 sept. 2025 \u00e0 11h42<br \/>\n        ; mis \u00e0 jour le 4 sept. 2025 \u00e0 11h43    <\/p>\n<p>Le <strong>coll\u00e8ge Fr\u00e9d\u00e9ric Bazille de Castelnau-le-Lez, <\/strong>aux portes est de Montpellier est en crise et ce d\u00e8s cette rentr\u00e9e : parents et enseignants d\u00e9noncent \u2018l\u2019abandon du rectorat\u00a0\u00bb, avec \u00e0 l\u2019appui une forte mobilisation, ce mercredi 3 septembre 2025, de 8h \u00e0 midi. Une action avec cette occupation spectaculaire dans la grande cour du coll\u00e8ge qui ne laisse pas l\u2019acad\u00e9mie de Montpellier indiff\u00e9rente. \u00ab\u00a0<strong>Tout sera r\u00e9gl\u00e9 ce lundi matin<\/strong>\u00ab\u00a0, assure le Rectorat.<\/p>\n<p class=\" wall-content\">Alors que les parents d\u2019\u00e9l\u00e8ves et les enseignants pointent du doigt l\u2019absence d\u2019un professeur et d\u2019AESH, ainsi que celle du principal adjoint :\u00a0\u00ab\u00a0La rentr\u00e9e 2025 au coll\u00e8ge Fr\u00e9d\u00e9ric Bazille s\u2019ouvre dans un climat de crise qui compromet \u00e0 la fois la s\u00e9curit\u00e9 des \u00e9l\u00e8ves et la continuit\u00e9 p\u00e9dagogique\u00a0\u00bb, selon Jordan Homps, un responsable de la F\u00e9d\u00e9ration des parents d\u2019\u00e9l\u00e8ves (FCPE) de l\u2019\u00e9tablissement : \u00ab\u00a0D\u00e8s le premier jour, nous constatons l\u2019absence de principal adjoint, essentiel \u00e0 la gestion de l\u2019\u00e9tablissement, l\u2019absence totale de professeur de fran\u00e7ais pour les classes de 3.A et 3.F, mettant en p\u00e9ril leur pr\u00e9paration au brevet. Il manque \u00e9galement deux AESH, privant les \u00e9l\u00e8ves en situation de handicap du soutien auquel ils ont droit et compromettant leur s\u00e9curit\u00e9, t\u00e9l\u00e9phones hors service, emp\u00eachant toute communication normale avec les familles, y compris en cas d\u2019urgence. Ces manquements rendent impossible le fonctionnement normal du coll\u00e8ge et mettent en danger la qualit\u00e9 de l\u2019enseignement\u00a0\u00bb.<\/p>\n<p>    <a href=\"https:\/\/www.google.com\/maps\/embed?pb=!1m18!1m12!1m3!1d3823.5405290697095!2d3.906529609071858!3d43.63409263239486!2m3!1f0!2f0!3f0!3m2!1i1024!2i768!4f13.1!3m3!1m2!1s0x12b6a5f666f608b7%3A0x4e8b3162ffaf5c48!2zQ29sbMOoZ2UgRnLDqWTDqXJpYyBCYXppbGxl!5e0!3m2!1sfr!2sfr!4v1756973244399!5m2!1sfr!2sfr\" title=\"Ouvrie le lien\" target=\"_blank\" rel=\"noopener\">Cliquez ici pour visualiser le contenu<\/a><\/p>\n<p>Des probl\u00e8mes r\u00e9currents<\/p>\n<p class=\" wall-content\">Selon Jordan Homps, \u00ab\u00a0ce n\u2019est pas un probl\u00e8me isol\u00e9. L\u2019an dernier d\u00e9j\u00e0, le rectorat n\u2019avait pas \u00e9t\u00e9 en mesure de fournir les professeurs de fran\u00e7ais n\u00e9cessaires. Le coll\u00e8ge avait d\u00fb recruter lui-m\u00eame en urgence pour pallier cette carence, apr\u00e8s que huit classes ont \u00e9t\u00e9 priv\u00e9es de cours de fran\u00e7ais pendant un trimestre entier. Une situation d\u00e9sastreuse pour la r\u00e9ussite scolaire de nos enfants et un signe inqui\u00e9tant du d\u00e9sengagement de l\u2019\u00c9ducation nationale vis-\u00e0-vis de notre territoire\u00a0\u00bb.\u00a0<\/p>\n<p class=\" wall-content\">Pernille Kongstad, une parent d\u2019\u00e9l\u00e8ve abonde dans ce sens : \u00ab\u00a0j\u2019ai vu depuis le d\u00e9but de l\u2019ann\u00e9e derni\u00e8re une vraie difficult\u00e9 pour les \u00e9tablissements \u00e0 avoir des rempla\u00e7ants car le rectorat n\u2019en a pas de disponibles. Surtout pour le fran\u00e7ais et les maths, qui sont vraiment des mati\u00e8res r\u00e9ellement sous tension. Et \u00e0 chaque fois, c\u2019est une gal\u00e8re monstrueuse. On a eu un prof de maths qui a \u00e9t\u00e9 malade longtemps et pareil, pas de rempla\u00e7ant. L\u2019ann\u00e9e derni\u00e8re, ce sont les parents qui ont cherch\u00e9 le prof de fran\u00e7ais pour le proposer\u00a0\u00bb.\u00a0<\/p>\n<p>Vid\u00e9os : en ce moment sur Actu<\/p>\n<p class=\" wall-content\">Jordan Homps ajoute que \u00ab\u00a0les familles de Castelnau-le-Lez avaient choisi ce secteur pour la qualit\u00e9 reconnue de ses \u00e9coles \u2013 un atout majeur \u00e9galement pour l\u2019attractivit\u00e9 des entreprises locales. Mais aujourd\u2019hui, c\u2019est tout un coll\u00e8ge que l\u2019\u00c9ducation nationale semble avoir d\u00e9cid\u00e9 d\u2019abandonner\u00a0\u00bb.<\/p>\n<p>Votre r\u00e9gion, votre actu !<\/p>\n<p>Recevez chaque jour les infos qui comptent pour vous.<\/p>\n<p>\t<a href=\"https:\/\/actu.fr\/newsletter\" class=\"ac-btn ac-btn--corner ac-btn--medium ac-btn--blue800\" target=\"_blank\" rel=\"noopener\">S&rsquo;incrire<\/a><\/p>\n<p class=\" wall-content\">Face \u00e0 cette situation, les enseignants, personnels et parents d\u2019\u00e9l\u00e8ves ont appel\u00e9 \u00e0 la gr\u00e8ve avec un rassemblement massif, ce mercredi matin, un mouvement tr\u00e8s suivi. Ces parents et enseignants exigent des mesures imm\u00e9diates du rectorat pour garantir la s\u00e9curit\u00e9 des \u00e9l\u00e8ves, assurer un enseignement digne de ce nom et mettre fin \u00e0 une gestion qui sacrifie l\u2019avenir des enfants.<\/p>\n<p class=\" wall-content\">Sollicit\u00e9 ce jeudi 4 septembre \u00e0 10h par <strong>M\u00e9tropolitain<\/strong>, le cabinet de la rectrice de l\u2019acad\u00e9mie de Montpellier r\u00e9v\u00e8le que \u00ab\u00a0cette situation a \u00e9t\u00e9 prise en compte dans l\u2019urgence et que tout rentrera dans l\u2019ordre ce lundi 8 septembre\u00a0\u00bb. Une annonce qui devrait calmer la tension au coll\u00e8ge Fr\u00e9d\u00e9ric Bazille de Castelnau-le-Lez, mais parents d\u2019\u00e9l\u00e8ves, enseignants et personnels seront tr\u00e8s vigilants lundi.<\/p>\n<p class=\" wall-content\">Personnalisez votre actualit\u00e9 en ajoutant vos villes et m\u00e9dias en favori avec <a href=\"https:\/\/moncompte.actu.fr\" title=\"D\u00e9couvez Mon Actu\" rel=\"nofollow noopener\" data-trk=\"{&quot;cta&quot;:{&quot;action&quot;:&quot;https:\\\/\\\/moncompte.actu.fr&quot;,&quot;category&quot;:&quot;mon compte&quot;,&quot;from&quot;:&quot;article footer&quot;,&quot;name&quot;:&quot;Mon actu&quot;,&quot;type&quot;:&quot;cta&quot;}}\" target=\"_blank\">Mon Actu<\/a>.<\/p>\n","protected":false},"excerpt":{"rendered":"Par R\u00e9daction M\u00e9tropolitain Publi\u00e9 le 4 sept. 2025 \u00e0 11h42 ; mis \u00e0 jour le 4 sept. 2025&hellip;\n","protected":false},"author":2,"featured_media":365421,"comment_status":"","ping_status":"","sticky":false,"template":"","format":"standard","meta":{"footnotes":""},"categories":[9599],"tags":[1111,11,1057,1777,674,1011,27,1272,2208,12,2680,25,104],"class_list":{"0":"post-365420","1":"post","2":"type-post","3":"status-publish","4":"format-standard","5":"has-post-thumbnail","7":"category-montpellier","8":"tag-actu","9":"tag-actualites","10":"tag-education","11":"tag-eu","12":"tag-europe","13":"tag-fr","14":"tag-france","15":"tag-manifestations","16":"tag-montpellier","17":"tag-news","18":"tag-occitanie","19":"tag-republique-francaise","20":"tag-societe"},"share_on_mastodon":{"url":"https:\/\/pubeurope.com\/@fr\/115145473133321929","error":""},"_links":{"self":[{"href":"https:\/\/www.europesays.com\/fr\/wp-json\/wp\/v2\/posts\/365420","targetHints":{"allow":["GET"]}}],"collection":[{"href":"https:\/\/www.europesays.com\/fr\/wp-json\/wp\/v2\/posts"}],"about":[{"href":"https:\/\/www.europesays.com\/fr\/wp-json\/wp\/v2\/types\/post"}],"author":[{"embeddable":true,"href":"https:\/\/www.europesays.com\/fr\/wp-json\/wp\/v2\/users\/2"}],"replies":[{"embeddable":true,"href":"https:\/\/www.europesays.com\/fr\/wp-json\/wp\/v2\/comments?post=365420"}],"version-history":[{"count":0,"href":"https:\/\/www.europesays.com\/fr\/wp-json\/wp\/v2\/posts\/365420\/revisions"}],"wp:featuredmedia":[{"embeddable":true,"href":"https:\/\/www.europesays.com\/fr\/wp-json\/wp\/v2\/media\/365421"}],"wp:attachment":[{"href":"https:\/\/www.europesays.com\/fr\/wp-json\/wp\/v2\/media?parent=365420"}],"wp:term":[{"taxonomy":"category","embeddable":true,"href":"https:\/\/www.europesays.com\/fr\/wp-json\/wp\/v2\/categories?post=365420"},{"taxonomy":"post_tag","embeddable":true,"href":"https:\/\/www.europesays.com\/fr\/wp-json\/wp\/v2\/tags?post=365420"}],"curies":[{"name":"wp","href":"https:\/\/api.w.org\/{rel}","templated":true}]}}