{"id":365422,"date":"2025-09-04T10:07:10","date_gmt":"2025-09-04T10:07:10","guid":{"rendered":"https:\/\/www.europesays.com\/fr\/365422\/"},"modified":"2025-09-04T10:07:10","modified_gmt":"2025-09-04T10:07:10","slug":"avec-de-funes-en-tete-daffiche-la-gastronomie-fait-son-cinema-pour-la-deuxieme-edition-de-rouen-a-table","status":"publish","type":"post","link":"https:\/\/www.europesays.com\/fr\/365422\/","title":{"rendered":"Avec de Fun\u00e8s en t\u00eate d\u2019affiche, la gastronomie fait son cin\u00e9ma pour la deuxi\u00e8me \u00e9dition de \u00ab\u00a0Rouen \u00e0 table\u00a0!\u00a0\u00bb"},"content":{"rendered":"<p class=\"paragraph text_align_left lp-f-body-02\">Du 8 au 12 octobre, la municipalit\u00e9 de Rouen (Seine-Maritime) remet le couvert \u00e0 l\u2019occasion de la seconde \u00e9dition <a href=\"https:\/\/www.visiterouen.com\/actualites\/rouen-a-table\/\" target=\"_blank\" rel=\"noreferrer noopener\">du festival \u00ab Rouen \u00e0 table ! \u00bb<\/a>. Un \u00e9v\u00e9nement dont l\u2019ambition est de surfer sur <a href=\"https:\/\/www.leparisien.fr\/seine-maritime-76\/la-gastronomie-rouennaise-distinguee-par-lunesco-16-11-2021-ROIGWEXHBZCA5N4BCSPAV7KETI.php\" target=\"_blank\" rel=\"noreferrer noopener\">le label \u00ab Ville cr\u00e9ative \u00bb dans la cat\u00e9gorie gastronomie remis fin 2021 par l\u2019Unesco<\/a>, le seul accord\u00e9 \u00e0 une ville fran\u00e7aise.<\/p>\n<p class=\"paragraph text_align_left lp-f-body-02\">En 2024, le public avait r\u00e9pondu pr\u00e9sent puisque l\u2019ensemble des propositions concoct\u00e9es par Rouen tourisme, en charge de la programmation, affichait complet. \u00ab Nous avons donc augment\u00e9 le nombre de rendez-vous et \u00e9tendu la dur\u00e9e de l\u2019\u00e9v\u00e9nement \u00bb, d\u00e9taille Christine de Cintr\u00e9, la pr\u00e9sidente de l\u2019office de tourisme rouennais. Avec l\u2019ambition de toucher une client\u00e8le au-del\u00e0 de la Normandie, et notamment du c\u00f4t\u00e9 de l\u2019\u00cele-de-France, o\u00f9 la communication a d\u00e9j\u00e0 d\u00e9but\u00e9 depuis quelques semaines sur les murs du m\u00e9tro. Louis de Fun\u00e8s y est pr\u00e9sent en t\u00eate d\u2019affiche, puisque, cette ann\u00e9e, \u00ab Rouen \u00e0 table ! \u00bb explore <a href=\"https:\/\/www.leparisien.fr\/eure-27\/dans-leure-marie-chemorin-scenographe-culinaire-met-en-valeur-les-plats-du-cinema-ma-force-cest-mon-imagination-11-11-2024-YIL4AXQVKJD2HA3WGE5NJAH63M.php\" target=\"_blank\" rel=\"noreferrer noopener\">les liens entre le cin\u00e9ma et le monde de la cuisine<\/a>.<\/p>\n<p class=\"paragraph text_align_left lp-f-body-02\">Au menu, un floril\u00e8ge de rendez-vous d\u00e9j\u00e0 exp\u00e9riment\u00e9s lors de la pr\u00e9c\u00e9dente \u00e9dition, un plat de r\u00e9sistance avec la 26e \u00e9dition de la F\u00eate du ventre, o\u00f9 250 artisans normands sont attendus tout le week-end, le tout rehauss\u00e9 de quelques nouveaut\u00e9s inspir\u00e9es par le 7e art. Un ensemble qui marie \u00e9galement rendez-vous gratuits et moments d\u2019exception pour lesquels il faudra pr\u00e9voir un petit budget.<\/p>\n<p>Mexique, B\u00e9nin, Gr\u00e8ce, Suisse, Japon : le combat des chefs<\/p>\n<p class=\"paragraph text_align_left lp-f-body-02\">Parmi les concepts les plus attendus, les rallyes culinaires o\u00f9 plusieurs restaurants s\u2019associent pour proposer un menu entier le long d\u2019un parcours qui permet de sillonner la ville en sept \u00e9tapes, des cours de cuisine propos\u00e9s par l\u2019\u00e9cole Fauchon ou encore des \u00ab battles \u00bb de chefs en public, pour lesquelles des professionnels originaires <a href=\"https:\/\/www.leparisien.fr\/bien-manger\/la-vraie-cuisine-mexicaine-debarque-a-paris-de-nouvelles-saveurs-ont-fait-leur-apparition-04-11-2023-PLMUZD75AFGQFBHKCRUNM44E2A.php\" target=\"_blank\" rel=\"noreferrer noopener\">du Mexique<\/a>, du B\u00e9nin, <a href=\"https:\/\/www.leparisien.fr\/bien-manger\/simple-genereuse-dans-lair-du-temps-voici-pourquoi-on-aime-tant-la-cuisine-grecque-19-07-2025-L2S3L6XXMNAM5EUODCILUBRGHQ.php\" target=\"_blank\" rel=\"noreferrer noopener\">de Gr\u00e8ce<\/a>, de Suisse ou encore du Japon ont \u00e9t\u00e9 convi\u00e9s via le r\u00e9seau Unesco des villes cr\u00e9atives.<\/p>\n<p class=\"paragraph text_align_left lp-f-body-02\">Ces derniers seront d\u2019ailleurs au c\u0153ur d\u2019une des nouveaut\u00e9s de l\u2019\u00e9dition 2025, baptis\u00e9e \u00ab Deux mondes, un menu \u00bb, pour laquelle six h\u00f4tels proposeront une offre compl\u00e8te d\u2019h\u00e9bergement et de restauration autour de d\u00eeners r\u00e9alis\u00e9s \u00e0 quatre mains qui marieront les cultures de chaque chef. \u00ab C\u2019\u00e9tait une mani\u00e8re d\u2019associer ces \u00e9tablissements \u00e0 l\u2019\u00e9v\u00e9nement, avec pour objectif d\u2019\u00e9tendre la saison touristique rouennaise au-del\u00e0 de l\u2019\u00e9t\u00e9 \u00bb, continue Christine de Cintr\u00e9.<\/p>\n<p class=\"paragraph text_align_left lp-f-body-02\">C\u00f4t\u00e9 cin\u00e9ma, les bars rouennais se sont inspir\u00e9s de films pour concocter des cocktails &#8211; avec ou sans alcool \u2013 pour aller \u00ab D\u2019un verre \u00e0 l\u2019autre \u00bb le temps d\u2019une soir\u00e9e. Un grand chapiteau install\u00e9 sur le parvis de la cath\u00e9drale accueillera par ailleurs une s\u00e9lection de chefs qui feront leur cin\u00e9ma autour de sc\u00e8nes embl\u00e9matiques pour trois d\u00eeners d\u2019exception.<\/p>\n<p class=\"paragraph text_align_left lp-f-body-02\">Enfin, le dimanche 12 octobre apr\u00e8s-midi, en guise de cl\u00f4ture, le site sera r\u00e9serv\u00e9 aux familles pour se transformer en studio des petits gourmands.<\/p>\n<p class=\"paragraph text_align_left lp-f-body-02\">Le <a href=\"https:\/\/www.visiterouen.com\/actualites\/rouen-a-table\/\" target=\"_blank\" rel=\"noreferrer noopener\">programme complet de la manifestation<\/a> est disponible sur le site de Rouen tourisme, sur lequel les r\u00e9servations pour les \u00e9v\u00e9nements payants peuvent d\u00e9j\u00e0 \u00eatre effectu\u00e9es. Avec l\u2019objectif affich\u00e9 de d\u00e9passer le succ\u00e8s de l\u2019an dernier et ses 120 000 visiteurs, dont 80 000 pour la seule F\u00eate du ventre.<\/p>\n","protected":false},"excerpt":{"rendered":"Du 8 au 12 octobre, la municipalit\u00e9 de Rouen (Seine-Maritime) remet le couvert \u00e0 l\u2019occasion de la seconde&hellip;\n","protected":false},"author":2,"featured_media":365423,"comment_status":"","ping_status":"","sticky":false,"template":"","format":"standard","meta":{"footnotes":""},"categories":[9587],"tags":[1111,11,459,1777,674,1011,27,12,5161,25,9590,11074,104],"class_list":{"0":"post-365422","1":"post","2":"type-post","3":"status-publish","4":"format-standard","5":"has-post-thumbnail","7":"category-rouen","8":"tag-actu","9":"tag-actualites","10":"tag-departements-horsidfo","11":"tag-eu","12":"tag-europe","13":"tag-fr","14":"tag-france","15":"tag-news","16":"tag-normandie","17":"tag-republique-francaise","18":"tag-rouen","19":"tag-seine-maritime-76","20":"tag-societe"},"share_on_mastodon":{"url":"https:\/\/pubeurope.com\/@fr\/115145477219385028","error":""},"_links":{"self":[{"href":"https:\/\/www.europesays.com\/fr\/wp-json\/wp\/v2\/posts\/365422","targetHints":{"allow":["GET"]}}],"collection":[{"href":"https:\/\/www.europesays.com\/fr\/wp-json\/wp\/v2\/posts"}],"about":[{"href":"https:\/\/www.europesays.com\/fr\/wp-json\/wp\/v2\/types\/post"}],"author":[{"embeddable":true,"href":"https:\/\/www.europesays.com\/fr\/wp-json\/wp\/v2\/users\/2"}],"replies":[{"embeddable":true,"href":"https:\/\/www.europesays.com\/fr\/wp-json\/wp\/v2\/comments?post=365422"}],"version-history":[{"count":0,"href":"https:\/\/www.europesays.com\/fr\/wp-json\/wp\/v2\/posts\/365422\/revisions"}],"wp:featuredmedia":[{"embeddable":true,"href":"https:\/\/www.europesays.com\/fr\/wp-json\/wp\/v2\/media\/365423"}],"wp:attachment":[{"href":"https:\/\/www.europesays.com\/fr\/wp-json\/wp\/v2\/media?parent=365422"}],"wp:term":[{"taxonomy":"category","embeddable":true,"href":"https:\/\/www.europesays.com\/fr\/wp-json\/wp\/v2\/categories?post=365422"},{"taxonomy":"post_tag","embeddable":true,"href":"https:\/\/www.europesays.com\/fr\/wp-json\/wp\/v2\/tags?post=365422"}],"curies":[{"name":"wp","href":"https:\/\/api.w.org\/{rel}","templated":true}]}}