{"id":365424,"date":"2025-09-04T10:08:16","date_gmt":"2025-09-04T10:08:16","guid":{"rendered":"https:\/\/www.europesays.com\/fr\/365424\/"},"modified":"2025-09-04T10:08:16","modified_gmt":"2025-09-04T10:08:16","slug":"contresens-pneus-creves-la-folle-fuite-dun-chauffard-adolescent-et-sans-permis-a-rouen","status":"publish","type":"post","link":"https:\/\/www.europesays.com\/fr\/365424\/","title":{"rendered":"Contresens, pneus crev\u00e9s&#8230; La folle fuite d&rsquo;un chauffard adolescent et sans permis \u00e0 Rouen"},"content":{"rendered":"<p>            Par<br \/>\n        <strong><br \/>\n            <a href=\"https:\/\/actu.fr\/auteur\/julien-bouteiller\" title=\"Consulter tous les articles de Julien Bouteiller\" target=\"_blank\" rel=\"noopener\">Julien Bouteiller<\/a><br \/>\n        <\/strong><\/p>\n<p>        Publi\u00e9 le<\/p>\n<p>            4 sept. 2025 \u00e0 11h46        <\/p>\n<p><strong>Pr\u00eat \u00e0 tout pour fuir la police<\/strong>, il a multipli\u00e9 les actes dangereux. Dans la soir\u00e9e du 3 septembre 2025, <strong>un adolescent de 17 ans a \u00e9t\u00e9 interpell\u00e9<\/strong> \u00e0 <a href=\"https:\/\/actu.fr\/normandie\/rouen_76540\" target=\"_blank\" rel=\"noopener\">Rouen<\/a>, apr\u00e8s <strong>une folle course-poursuite.<\/strong><\/p>\n<p>Il conduit tr\u00e8s dangereusement<\/p>\n<p class=\" wall-content\">Selon une source polici\u00e8re, vers 23h25, une patrouille de police remarque une Polo roulant \u00ab\u00a0\u00e0 tr\u00e8s vive allure\u00a0\u00bb, <strong>rue Ren\u00e9-Plaisant \u00e0 Darn\u00e9tal<\/strong>. Sous les yeux des policiers, le chauffard continue de circuler \u00e0 toute vitesse, \u00ab\u00a0oubliant\u00a0\u00bb de marquer un stop notamment.<\/p>\n<p class=\" wall-content\">Lorsque les agents activent sir\u00e8ne et gyrophare pour le contr\u00f4ler, \u00ab\u00a0il acc\u00e9l\u00e8re vers la rue Sadi-Carnot\u00a0\u00bb. Et sa fuite est loin de s\u2019arr\u00eater l\u00e0\u2026<\/p>\n<p class=\" wall-content\">Pour \u00e9chapper au contr\u00f4le, <strong>le conducteur multiplie les risques<\/strong> <a href=\"https:\/\/actu.fr\/tag\/hauts-de-rouen\" target=\"_blank\" rel=\"noopener\">sur les Hauts de Rouen<\/a> : rue \u00e0 contresens, travers\u00e9e d\u2019un rond-point par l\u2019\u00eelot central, embard\u00e9es pour emp\u00eacher les policiers d\u2019arriver \u00e0 son niveau, circulation sur un trottoir\u2026<\/p>\n<p>Sans permis et drogu\u00e9<\/p>\n<p class=\" wall-content\">Un deuxi\u00e8me v\u00e9hicule de police<strong> tente de stopper cette course dangereuse<\/strong>, en d\u00e9ployant un dispositif d\u2019immobilisation (appel\u00e9 stop-stick, permettant de crever lentement les pneus). Mais, <strong>malgr\u00e9 ses pneus crev\u00e9s<\/strong>, le chauffard poursuit sa route \u00e0 grande vitesse. Jusqu\u2019\u00e0 ce qu\u2019il se gare sur un parking derri\u00e8re la tour Antar\u00e8s.<\/p>\n<p class=\" wall-content\"><strong>L\u00e0, il tente une derni\u00e8re entourloupe<\/strong> en se pla\u00e7ant sur le si\u00e8ge arri\u00e8re, laissant seulement son passager \u00e0 l\u2019avant. Mais les policiers ne sont pas dupes et interpellent le conducteur.\u00a0<\/p>\n<p>Votre r\u00e9gion, votre actu !<\/p>\n<p>Recevez chaque jour les infos qui comptent pour vous.<\/p>\n<p>\t<a href=\"https:\/\/actu.fr\/newsletter\" class=\"ac-btn ac-btn--corner ac-btn--medium ac-btn--blue800\" target=\"_blank\" rel=\"noopener\">S&rsquo;incrire<\/a><\/p>\n<p class=\" wall-content\">Outre tous les exc\u00e8s de vitesse et multiples infractions, le jeune homme de 17 ans ajoute \u00e0 son dossier<strong> la conduite sans permis et sous stup\u00e9fiants<\/strong>. Un palmar\u00e8s qui lui vaut de finir sa nuit en garde \u00e0 vue.<\/p>\n<p>Suivez l\u2019actualit\u00e9 de Rouen <a href=\"https:\/\/www.whatsapp.com\/channel\/0029VaKfnf99hXF2ddApFB1D\" target=\"_blank\" rel=\"noopener\">sur notre cha\u00eene WhatsApp<\/a> et <a href=\"https:\/\/www.tiktok.com\/@76actu.fr?lang=fr\" target=\"_blank\" rel=\"noopener\">sur notre compte TikTok<\/a><\/p>\n<p class=\" wall-content\">Personnalisez votre actualit\u00e9 en ajoutant vos villes et m\u00e9dias en favori avec <a href=\"https:\/\/moncompte.actu.fr\" title=\"D\u00e9couvez Mon Actu\" rel=\"nofollow noopener\" data-trk=\"{&quot;cta&quot;:{&quot;action&quot;:&quot;https:\\\/\\\/moncompte.actu.fr&quot;,&quot;category&quot;:&quot;mon compte&quot;,&quot;from&quot;:&quot;article footer&quot;,&quot;name&quot;:&quot;Mon actu&quot;,&quot;type&quot;:&quot;cta&quot;}}\" target=\"_blank\">Mon Actu<\/a>.<\/p>\n<p>                    <script async src=\"\/\/www.tiktok.com\/embed.js\"><\/script><\/p>\n","protected":false},"excerpt":{"rendered":"Par Julien Bouteiller Publi\u00e9 le 4 sept. 2025 \u00e0 11h46 Pr\u00eat \u00e0 tout pour fuir la police, il&hellip;\n","protected":false},"author":2,"featured_media":365425,"comment_status":"","ping_status":"","sticky":false,"template":"","format":"standard","meta":{"footnotes":""},"categories":[9587],"tags":[1111,11,1777,674,118,1011,27,12028,12,5161,1072,2852,25,9590],"class_list":{"0":"post-365424","1":"post","2":"type-post","3":"status-publish","4":"format-standard","5":"has-post-thumbnail","7":"category-rouen","8":"tag-actu","9":"tag-actualites","10":"tag-eu","11":"tag-europe","12":"tag-faits-divers","13":"tag-fr","14":"tag-france","15":"tag-hauts-de-rouen","16":"tag-news","17":"tag-normandie","18":"tag-police","19":"tag-refus-dobtemperer","20":"tag-republique-francaise","21":"tag-rouen"},"share_on_mastodon":{"url":"https:\/\/pubeurope.com\/@fr\/115145480923971893","error":""},"_links":{"self":[{"href":"https:\/\/www.europesays.com\/fr\/wp-json\/wp\/v2\/posts\/365424","targetHints":{"allow":["GET"]}}],"collection":[{"href":"https:\/\/www.europesays.com\/fr\/wp-json\/wp\/v2\/posts"}],"about":[{"href":"https:\/\/www.europesays.com\/fr\/wp-json\/wp\/v2\/types\/post"}],"author":[{"embeddable":true,"href":"https:\/\/www.europesays.com\/fr\/wp-json\/wp\/v2\/users\/2"}],"replies":[{"embeddable":true,"href":"https:\/\/www.europesays.com\/fr\/wp-json\/wp\/v2\/comments?post=365424"}],"version-history":[{"count":0,"href":"https:\/\/www.europesays.com\/fr\/wp-json\/wp\/v2\/posts\/365424\/revisions"}],"wp:featuredmedia":[{"embeddable":true,"href":"https:\/\/www.europesays.com\/fr\/wp-json\/wp\/v2\/media\/365425"}],"wp:attachment":[{"href":"https:\/\/www.europesays.com\/fr\/wp-json\/wp\/v2\/media?parent=365424"}],"wp:term":[{"taxonomy":"category","embeddable":true,"href":"https:\/\/www.europesays.com\/fr\/wp-json\/wp\/v2\/categories?post=365424"},{"taxonomy":"post_tag","embeddable":true,"href":"https:\/\/www.europesays.com\/fr\/wp-json\/wp\/v2\/tags?post=365424"}],"curies":[{"name":"wp","href":"https:\/\/api.w.org\/{rel}","templated":true}]}}