{"id":365428,"date":"2025-09-04T10:10:14","date_gmt":"2025-09-04T10:10:14","guid":{"rendered":"https:\/\/www.europesays.com\/fr\/365428\/"},"modified":"2025-09-04T10:10:14","modified_gmt":"2025-09-04T10:10:14","slug":"hakima-necib-se-rallie-a-la-candidature-dherve-gerbi","status":"publish","type":"post","link":"https:\/\/www.europesays.com\/fr\/365428\/","title":{"rendered":"Hakima Necib se rallie \u00e0 la candidature d&rsquo;Herv\u00e9 Gerbi"},"content":{"rendered":"<p>Apr\u00e8s l\u2019an\u00adcien direc\u00adteur de Grenoble \u00c9cole de mana\u00adge\u00adment <a href=\"https:\/\/www.placegrenet.fr\/2025\/08\/27\/municipales-a-grenoble-loick-roche-ex-directeur-de-gem-sengage-aux-cotes-du-candidat-horizons-herve-gerbi\/658261\" target=\"_blank\" rel=\"noopener nofollow\">Lo\u00efck Roche<\/a>, c\u2019est au tour d\u2019Hakima Necib de rejoindre les rangs du can\u00addi\u00addat aux muni\u00adci\u00adpales Herv\u00e9 Gerbi. Ce der\u00adnier, d\u00e9si\u00adgn\u00e9 chef de file du parti Horizons, l\u2019a annonc\u00e9 lui-m\u00eame par com\u00admu\u00adni\u00adqu\u00e9 le mer\u00adcredi 3 sep\u00adtembre 2025. Et Hakima Necib ne vient pas toute seule\u00a0: c\u2019est l\u2019en\u00adsemble du col\u00adlec\u00adtif Demain Grenoble qu\u2019elle pr\u00e9\u00adside qui marque son sou\u00adtien \u00e0 l\u2019a\u00advo\u00adcat grenoblois.<\/p>\n<p>\u00ab\u00a0Ancienne \u00e9lue gre\u00adno\u00adbloise, sous le man\u00addat de Michel Destot, femme de gauche atta\u00adch\u00e9e \u00e0 la jus\u00adtice sociale et \u00e0 l\u2019\u00e9cologie, Hakima Necib incarne un enga\u00adge\u00adment sin\u00adc\u00e8re et durable pour une poli\u00adtique muni\u00adci\u00adpale proche des habi\u00adtants\u00a0\u00bb, d\u00e9crit Herv\u00e9 Gerbi. Le can\u00addi\u00addat salue en outre une femme qui, avec son col\u00adlec\u00adtif, \u00ab\u00a0a tou\u00adjours d\u00e9fendu une d\u00e9mo\u00adcra\u00adtie vivante, atten\u00adtive aux asso\u00adcia\u00adtions, aux quar\u00adtiers et aux citoyens\u00a0\u00bb, et insiste sur \u00ab\u00a0la valeur de cet enga\u00adge\u00adment de convic\u00adtion et d\u2019ex\u00adp\u00e9\u00adrience\u00a0\u00bb.<\/p>\n<p><a href=\"https:\/\/www.europesays.com\/fr\/wp-content\/uploads\/2025\/06\/Hakima-Necib-Pierre-Edouard-Cardinal-FM-scaled.jpg\" target=\"_blank\" rel=\"noopener\"><img fetchpriority=\"high\" decoding=\"async\" aria-describedby=\"caption-attachment-653655\" class=\"wp-image-653655 size-full\" src=\"data:image\/svg+xml,%3Csvg%20xmlns=\" http:=\"\" alt=\"Hakima Necib aux c\u00f4t\u00e9s de Pierre-\u00c9douard Cardinal en juin 2026, quand les collectifs Demain Grenoble et Retrouver Grenoble annon\u00e7aient s'unir. Finalement, les deux collectifs ont &quot;repris leur autonomie politique&quot;, et Demain Grenoble se range derri\u00e8re les rangs du candidat Herv\u00e9 Gerbi. \u00a9 Florent Mathieu - Place Gre'net\" width=\"2048\" height=\"1532\" data-lazy- data-lazy- data-lazy-src=\"https:\/\/www.europesays.com\/fr\/wp-content\/uploads\/2025\/06\/Hakima-Necib-Pierre-Edouard-Cardinal-FM-scaled.jpg\"\/><\/a><\/p>\n<p id=\"caption-attachment-653655\" class=\"wp-caption-text\">Hakima Necib aux c\u00f4t\u00e9s de Pierre-\u00c9douard Cardinal en juin 2026, quand les col\u00adlec\u00adtifs Demain Grenoble et Retrouver Grenoble annon\u00ad\u00e7aient s\u2019u\u00adnir. Finalement, les deux col\u00adlec\u00adtifs ont \u00ab\u00a0repris leur auto\u00adno\u00admie poli\u00adtique\u00a0\u00bb et Demain Grenoble se range der\u00adri\u00e8re les rangs du can\u00addi\u00addat Herv\u00e9 Gerbi. \u00a9 Florent Mathieu \u2013 Place Gre\u2019net<\/p>\n<p>Pour Herv\u00e9 Gerbi, ce sou\u00adtien marque aussi \u00ab\u00a0un nou\u00adveau pas pour le ras\u00adsem\u00adble\u00adment des mod\u00e9\u00adr\u00e9s \u00e0 Grenoble\u00a0\u00bb, alors que le can\u00addi\u00addat a fait de l\u2019op\u00adpo\u00adsi\u00adtion \u00e0 la \u00ab\u00a0radi\u00adca\u00adlit\u00e9\u00a0\u00bb <a href=\"https:\/\/www.placegrenet.fr\/2025\/08\/30\/municipales-a-grenoble-herve-gerbi-propose-un-contrat-de-rassemblement-contre-la-radicalite\/658467\" target=\"_blank\" rel=\"noopener nofollow\">l\u2019un de ses cr\u00e9\u00addos<\/a>. \u00ab\u00a0Jamais depuis 14 ans un tel ras\u00adsem\u00adble\u00adment n\u2019avait offert autant de pers\u00adpec\u00adtives d\u2019alternance dans un contexte aussi favo\u00adrable\u00a0\u00bb, pour\u00adsuit-il, en assu\u00adrant que le ral\u00adlie\u00adment d\u2019Hakima Necib \u00ab\u00a0en annonce d\u2019autres, tout aussi diverses, qui vien\u00addront enri\u00adchir la dyna\u00admique que nous construi\u00adsons\u00a0\u00bb.<\/p>\n<p>Quid de l\u2019u\u00adnion entre Demain Grenoble et Retrouver Grenoble\u00a0? En juin 2026, les deux col\u00adlec\u00adtifs <a href=\"https:\/\/www.placegrenet.fr\/2025\/06\/09\/municipales-de-2026-les-collectifs-demain-grenoble-et-retrouver-grenoble-sunissent-pour-creer-une-troisieme-voie\/653651\" target=\"_blank\" rel=\"noopener nofollow\">avaient annonc\u00e9 s\u2019al\u00adlier<\/a> en esp\u00e9\u00adrant un ras\u00adsem\u00adble\u00adment de gauche plus large face \u00e0 la majo\u00adrit\u00e9 sor\u00adtante. Quelques mois plus tard, Hakima Necib indique que fina\u00adle\u00adment, \u00ab\u00a0chaque col\u00adlec\u00adtif a sou\u00adhait\u00e9 conser\u00adver son auto\u00adno\u00admie poli\u00adtique\u00a0\u00bb, quand bien m\u00eame les deux \u00ab\u00a0par\u00adtagent nombre de valeurs\u00a0\u00bb et \u00ab\u00a0font le m\u00eame constat poli\u00adtique\u00a0\u00bb.<\/p>\n<p>\u00ab\u00a0Nous avons beau\u00adcoup \u0153uvr\u00e9 pour dia\u00adlo\u00adguer avec l\u2019en\u00adsemble des forces poli\u00adtiques r\u00e9pu\u00adbli\u00adcaines et de la gauche\u00a0\u00bb, indique encore Hakima Necib, qui sou\u00adligne les \u00ab\u00a0ambi\u00adgu\u00ef\u00adt\u00e9s\u00a0\u00bb de <a href=\"https:\/\/www.grenoblecapitalecitoyenne.fr\/\" target=\"_blank\" rel=\"noopener nofollow\">Grenoble capi\u00adtale citoyenne<\/a> vis-\u00e0-vis d\u2019une alliance pos\u00adsible avec LFI. \u00ab\u00a0Notre col\u00adlec\u00adtif fait aujourd\u2019\u00adhui le choix d\u2019un ras\u00adsem\u00adble\u00adment large autour d\u2019Herv\u00e9 Gerbi, allant de la gauche au centre\u00a0\u00bb, conclut-elle, en appe\u00adlant \u00e0 \u00ab\u00a0construire une pos\u00adsi\u00adbi\u00adlit\u00e9 d\u2019alternance claire, d\u00e9ter\u00admi\u00adn\u00e9e, qui tien\u00addra ses enga\u00adge\u00adments\u00a0\u00bb.<\/p>\n","protected":false},"excerpt":{"rendered":"Apr\u00e8s l\u2019an\u00adcien direc\u00adteur de Grenoble \u00c9cole de mana\u00adge\u00adment Lo\u00efck Roche, c\u2019est au tour d\u2019Hakima Necib de rejoindre les&hellip;\n","protected":false},"author":2,"featured_media":365429,"comment_status":"","ping_status":"","sticky":false,"template":"","format":"standard","meta":{"footnotes":""},"categories":[9566],"tags":[1111,11,2430,1777,674,1011,27,2731,12,25],"class_list":{"0":"post-365428","1":"post","2":"type-post","3":"status-publish","4":"format-standard","5":"has-post-thumbnail","7":"category-grenoble","8":"tag-actu","9":"tag-actualites","10":"tag-auvergne-rhone-alpes","11":"tag-eu","12":"tag-europe","13":"tag-fr","14":"tag-france","15":"tag-grenoble","16":"tag-news","17":"tag-republique-francaise"},"share_on_mastodon":{"url":"https:\/\/pubeurope.com\/@fr\/115145488932417678","error":""},"_links":{"self":[{"href":"https:\/\/www.europesays.com\/fr\/wp-json\/wp\/v2\/posts\/365428","targetHints":{"allow":["GET"]}}],"collection":[{"href":"https:\/\/www.europesays.com\/fr\/wp-json\/wp\/v2\/posts"}],"about":[{"href":"https:\/\/www.europesays.com\/fr\/wp-json\/wp\/v2\/types\/post"}],"author":[{"embeddable":true,"href":"https:\/\/www.europesays.com\/fr\/wp-json\/wp\/v2\/users\/2"}],"replies":[{"embeddable":true,"href":"https:\/\/www.europesays.com\/fr\/wp-json\/wp\/v2\/comments?post=365428"}],"version-history":[{"count":0,"href":"https:\/\/www.europesays.com\/fr\/wp-json\/wp\/v2\/posts\/365428\/revisions"}],"wp:featuredmedia":[{"embeddable":true,"href":"https:\/\/www.europesays.com\/fr\/wp-json\/wp\/v2\/media\/365429"}],"wp:attachment":[{"href":"https:\/\/www.europesays.com\/fr\/wp-json\/wp\/v2\/media?parent=365428"}],"wp:term":[{"taxonomy":"category","embeddable":true,"href":"https:\/\/www.europesays.com\/fr\/wp-json\/wp\/v2\/categories?post=365428"},{"taxonomy":"post_tag","embeddable":true,"href":"https:\/\/www.europesays.com\/fr\/wp-json\/wp\/v2\/tags?post=365428"}],"curies":[{"name":"wp","href":"https:\/\/api.w.org\/{rel}","templated":true}]}}