{"id":365430,"date":"2025-09-04T10:11:09","date_gmt":"2025-09-04T10:11:09","guid":{"rendered":"https:\/\/www.europesays.com\/fr\/365430\/"},"modified":"2025-09-04T10:11:09","modified_gmt":"2025-09-04T10:11:09","slug":"il-ny-a-aucune-logique-pourquoi-il-devient-de-plus-en-plus-complique-de-faire-lecole-a-la-maison-en-bretagne","status":"publish","type":"post","link":"https:\/\/www.europesays.com\/fr\/365430\/","title":{"rendered":"\u00ab\u00a0Il n\u2019y a aucune logique\u00a0\u00bb\u00a0: pourquoi il devient de plus en plus compliqu\u00e9 de faire l\u2019\u00e9cole \u00e0 la maison en Bretagne"},"content":{"rendered":"<p>Jusqu\u2019en 2021, une simple d\u00e9claration suffisait pour instruire son enfant \u00e0 la maison. Dans le cadre de la lutte contre la radicalisation et les \u00e9coles non d\u00e9clar\u00e9es, la loi a durci les conditions. Depuis cette date, les parents doivent obtenir une autorisation du rectorat, accord\u00e9e uniquement pour des raisons pr\u00e9cises (\u00e9tat de sant\u00e9, pratique sportive ou artistique de haut niveau, itin\u00e9rance de la famille, ou situation propre \u00e0 l\u2019enfant).<\/p>\n<p>Un recul massif de l\u2019IEF en France<\/p>\n<p>Cons\u00e9quence directe : l\u2019instruction en famille (IEF) recule fortement. Un rapport de la Cour des comptes, publi\u00e9 en avril 2025, dresse un constat sans appel. Alors que 72 000 enfants \u00e9taient instruits \u00e0 domicile en 2021-2022, ils n\u2019\u00e9taient plus que 30 644 trois ans plus tard, soit 0,3 % des enfants soumis \u00e0 l\u2019obligation scolaire.<\/p>\n<p>Cette tendance se retrouve \u00e9galement en Bretagne. Dans l\u2019acad\u00e9mie de Rennes, le nombre d\u2019\u00e9l\u00e8ves concern\u00e9s est pass\u00e9 de 2351 en 2023\/24 \u00e0 1432 l\u2019ann\u00e9e suivante. Une baisse de 40 % en un an.<\/p>\n<p>Des causes multiples<\/p>\n<p>La chute s\u2019explique d\u2019abord par le contexte sanitaire. En 2020-2021, de nombreuses familles avaient choisi l\u2019IEF pour \u00e9viter un retour en classe apr\u00e8s les confinements. Mais avec la stabilisation du syst\u00e8me scolaire, une partie d\u2019entre elles a r\u00e9int\u00e9gr\u00e9 l\u2019enseignement classique.<\/p>\n<p>S\u2019y ajoute le nouveau r\u00e9gime d\u2019autorisation, beaucoup plus restrictif. La prolongation temporaire accord\u00e9e aux enfants d\u00e9j\u00e0 instruits \u00e0 domicile a pris fin en 2024\/25. D\u00e9sormais, toutes les familles doivent d\u00e9poser un dossier justifiant leur choix.<\/p>\n<blockquote><p>Aucune logique<\/p><\/blockquote>\n<p>En 2021, une demande sur quatre \u00e9tait rejet\u00e9e. En 2024, pr\u00e8s d\u2019une demande sur trois n\u2019a pas abouti. L\u2019acad\u00e9mie de Rennes affiche un taux de refus de 30 %, dans la moyenne nationale haute. \u00ab Il n\u2019y a pas de raison logique qui explique que telle ou telle acad\u00e9mie refuse davantage l\u2019instruction \u00e0 la maison, souffle Caroline de l\u2019association Enfance libre qui d\u00e9fend le retour \u00e0 un r\u00e9gime d\u00e9claratif. Comme les textes sont flous, c\u2019est l\u2019interpr\u00e9tation faite par les Directeurs acad\u00e9miques des services de l\u2018\u00e9ducation nationale (DASEN) qui joue\u2026 Voil\u00e0 pourquoi dans les acad\u00e9mies de Rennes ou Versailles, on a 30 % de refus alors qu\u2019on a 8 % \u00e0 Bordeaux. Il n\u2019y a aucune logique. \u00bb<\/p>\n<p>Recours en justice en hausse<\/p>\n<p>Le motif de la \u00ab situation propre \u00e0 l\u2019enfant \u00bb concentre l\u2019essentiel des d\u00e9saccords. \u00ab Chaque demande est analys\u00e9e au cas par cas pour appr\u00e9cier l\u2019existence d\u2019une telle situation \u00bb, pr\u00e9cise le cabinet de la rectrice. \u00ab Il appartient aux familles de d\u00e9montrer en quoi leur projet \u00e9ducatif r\u00e9pond \u00e0 cette situation particuli\u00e8re. \u00bb<\/p>\n<p>Une r\u00e8gle jug\u00e9e floue, qui pousse de nombreux parents \u00e0 contester les d\u00e9cisions devant le tribunal administratif. \u00c0 Rennes, 25 jugements ou ordonnances avaient \u00e9t\u00e9 rendus en 2022. Deux ans plus tard, ce chiffre est mont\u00e9 \u00e0 121, avant de redescendre \u00e0 moins de 30 en 2025. \u00ab Ce contentieux alourdit la charge des juges de r\u00e9f\u00e9r\u00e9s pendant la p\u00e9riode estivale \u00bb, confie Alain Poujade, pr\u00e9sident du tribunal administratif de Rennes. \u00ab C\u2019\u00e9tait particuli\u00e8rement vrai en 2024, mais beaucoup moins en 2025. Il s\u2019agit toujours de dossiers sensibles humainement, qui n\u00e9cessitent un examen attentif de la situation de l\u2019enfant et de sa famille. \u00bb<\/p>\n","protected":false},"excerpt":{"rendered":"Jusqu\u2019en 2021, une simple d\u00e9claration suffisait pour instruire son enfant \u00e0 la maison. Dans le cadre de la&hellip;\n","protected":false},"author":2,"featured_media":365431,"comment_status":"","ping_status":"","sticky":false,"template":"","format":"standard","meta":{"footnotes":""},"categories":[2821],"tags":[1111,11,829,1057,765,1777,674,1011,27,12,584,25],"class_list":{"0":"post-365430","1":"post","2":"type-post","3":"status-publish","4":"format-standard","5":"has-post-thumbnail","7":"category-rennes","8":"tag-actu","9":"tag-actualites","10":"tag-bretagne","11":"tag-education","12":"tag-en-continu","13":"tag-eu","14":"tag-europe","15":"tag-fr","16":"tag-france","17":"tag-news","18":"tag-rennes","19":"tag-republique-francaise"},"share_on_mastodon":{"url":"https:\/\/pubeurope.com\/@fr\/115145492855007860","error":""},"_links":{"self":[{"href":"https:\/\/www.europesays.com\/fr\/wp-json\/wp\/v2\/posts\/365430","targetHints":{"allow":["GET"]}}],"collection":[{"href":"https:\/\/www.europesays.com\/fr\/wp-json\/wp\/v2\/posts"}],"about":[{"href":"https:\/\/www.europesays.com\/fr\/wp-json\/wp\/v2\/types\/post"}],"author":[{"embeddable":true,"href":"https:\/\/www.europesays.com\/fr\/wp-json\/wp\/v2\/users\/2"}],"replies":[{"embeddable":true,"href":"https:\/\/www.europesays.com\/fr\/wp-json\/wp\/v2\/comments?post=365430"}],"version-history":[{"count":0,"href":"https:\/\/www.europesays.com\/fr\/wp-json\/wp\/v2\/posts\/365430\/revisions"}],"wp:featuredmedia":[{"embeddable":true,"href":"https:\/\/www.europesays.com\/fr\/wp-json\/wp\/v2\/media\/365431"}],"wp:attachment":[{"href":"https:\/\/www.europesays.com\/fr\/wp-json\/wp\/v2\/media?parent=365430"}],"wp:term":[{"taxonomy":"category","embeddable":true,"href":"https:\/\/www.europesays.com\/fr\/wp-json\/wp\/v2\/categories?post=365430"},{"taxonomy":"post_tag","embeddable":true,"href":"https:\/\/www.europesays.com\/fr\/wp-json\/wp\/v2\/tags?post=365430"}],"curies":[{"name":"wp","href":"https:\/\/api.w.org\/{rel}","templated":true}]}}