{"id":365432,"date":"2025-09-04T10:12:19","date_gmt":"2025-09-04T10:12:19","guid":{"rendered":"https:\/\/www.europesays.com\/fr\/365432\/"},"modified":"2025-09-04T10:12:19","modified_gmt":"2025-09-04T10:12:19","slug":"nouveau-showroom-pres-de-rennes","status":"publish","type":"post","link":"https:\/\/www.europesays.com\/fr\/365432\/","title":{"rendered":"Nouveau showroom pr\u00e8s de Rennes"},"content":{"rendered":"<p><strong>La <a href=\"https:\/\/ac-franchise.com\/annuaire\/franchise-noblessa-cuisines\" rel=\"nofollow noopener\" target=\"_blank\">franchise d\u2019am\u00e9nagement int\u00e9rieur noblessa<\/a> poursuit son d\u00e9veloppement territorial avec l\u2019ouverture d\u2019un nouveau showroom de 350 m\u00b2 \u00e0 M\u00e9lesse, pr\u00e8s de Rennes<\/strong>. Inaugur\u00e9 le <strong>1er septembre<\/strong> sur la Route du Meuble, cet espace immersif repr\u00e9sente une nouvelle \u00e9tape dans la strat\u00e9gie d\u2019expansion de l\u2019enseigne sp\u00e9cialis\u00e9e dans l\u2019am\u00e9nagement int\u00e9rieur haut de gamme. Sous la direction de <strong>J\u00e9r\u00e9my Porcher<\/strong>, fort de <strong>11 ann\u00e9es d\u2019exp\u00e9rience dans le secteur<\/strong>, ce nouveau point de vente b\u00e9n\u00e9ficie de l\u2019exclusivit\u00e9 sur le march\u00e9 rennais. Cette implantation s\u2019inscrit dans une <strong>vision plus large de d\u00e9veloppement national, combinant formats p\u00e9riph\u00e9riques et concepts urbains compacts<\/strong>, offrant ainsi de nouvelles opportunit\u00e9s aux entrepreneurs souhaitant rejoindre un r\u00e9seau en pleine croissance dans le segment premium de l\u2019am\u00e9nagement int\u00e9rieur.<\/p>\n<p><img fetchpriority=\"high\" decoding=\"async\" class=\"wp-image-518050\" src=\"https:\/\/www.europesays.com\/fr\/wp-content\/uploads\/2025\/09\/noblessa-cuisines-Rennes-facade-300x225.jpg\" alt=\"Noblessa Cuisines M\u00e9lesse, pr\u00e8s de Rennes\" width=\"600\" height=\"450\"  \/>Noblessa Cuisines M\u00e9lesse, pr\u00e8s de Rennes<br \/>\nUn mod\u00e8le d\u2019affaires ax\u00e9 sur l\u2019exp\u00e9rience client premium<\/p>\n<p>Le concept noblessa se distingue par une <strong>approche globale de l\u2019am\u00e9nagement int\u00e9rieur<\/strong> qui d\u00e9passe largement le simple \u00e9quipement de cuisine. <strong>Chaque showroom devient une v\u00e9ritable exp\u00e9rience immersive dans l\u2019univers du design<\/strong>, permettant aux clients de visualiser des solutions pour toutes les pi\u00e8ces de la maison : <strong>cuisine, salle de bain, chambre, bureau, et m\u00eame les espaces de rangement comme les dressings et buanderies.<\/strong> Cette approche holistique constitue un avantage concurrentiel significatif pour les franchis\u00e9s.<\/p>\n<p>Le mod\u00e8le \u00e9conomique repose \u00e9galement sur une <strong>personnalisation pouss\u00e9e de la relation client. \u00c0 Rennes<\/strong>, comme dans les autres points de vente du r\u00e9seau, chaque projet est suivi par <strong>un interlocuteur unique, de la conception \u00e0 l\u2019installation finale<\/strong>. Cette m\u00e9thodologie, compl\u00e9t\u00e9e par des <strong>services \u00e0 domicile et des \u00e9v\u00e9nements th\u00e9matiques<\/strong> (ateliers cuisine, d\u00e9monstrations avec des marques d\u2019\u00e9lectrom\u00e9nager), g\u00e9n\u00e8re une <strong>fid\u00e9lisation client sup\u00e9rieure et un potentiel de recommandation \u00e9lev\u00e9. <\/strong><\/p>\n<blockquote>\n<p>\u00ab J\u2019ai choisi noblessa pour sa capacit\u00e9 \u00e0 concevoir des projets d\u2019am\u00e9nagement int\u00e9rieur pour toutes les pi\u00e8ces de la maison, avec une proposition premium sur mesure \u00bb, a affirm\u00e9 <strong>J\u00e9r\u00e9my Porcher, g\u00e9rant noblessa cuisines Rennes.<\/strong><\/p>\n<\/blockquote>\n<p>Les opportunit\u00e9s d\u2019affiliation avec noblessa en France<\/p>\n<p>La strat\u00e9gie de d\u00e9veloppement de la franchise noblessa offre deux formats compl\u00e9mentaires aux entrepreneurs int\u00e9ress\u00e9s par le secteur. <strong>Les showrooms p\u00e9riph\u00e9riques de 250 \u00e0 600 m\u00b2 permettent une pr\u00e9sentation exhaustive des concepts d\u2019am\u00e9nagement<\/strong>, tandis que les <strong>formats compacts de centre-ville (100 \u00e0 250 m\u00b2) ciblent une client\u00e8le urbaine<\/strong> avec une approche plus condens\u00e9e. Cette flexibilit\u00e9 permet <strong>d\u2019adapter l\u2019investissement initial aux capacit\u00e9s financi\u00e8res et aux objectifs de chaque affili\u00e9.<\/strong><\/p>\n<p><strong>L\u2019innovation se manifeste \u00e9galement \u00e0 travers le concept de showroom mobile<\/strong>, permettant aux franchis\u00e9s d\u2019\u00e9tendre leur zone de chalandise sans investissement immobilier suppl\u00e9mentaire. \u00c9quip\u00e9s d\u2019\u00e9chantillons et d\u2019un configurateur 3D, ces v\u00e9hicules-magasins constituent un <strong>outil de prospection efficace et diff\u00e9renciant.<\/strong><\/p>\n<p>D\u00e9sirant poursuivre son expansion, le r\u00e9seau noblessa recherche particuli\u00e8rement des <strong>profils d\u2019experts de l\u2019ameublement premium.<\/strong> Rejoindre le r\u00e9seau en tant qu\u2019affili\u00e9 offre<strong> l\u2019ind\u00e9pendance entrepreneuriale tout en b\u00e9n\u00e9ficiant de l\u2019accompagnement structur\u00e9 de la centrale<\/strong>, incluant formation, outils marketing et support op\u00e9rationnel. Dans un march\u00e9 de l\u2019am\u00e9nagement int\u00e9rieur en constante \u00e9volution, le positionnement haut de gamme de noblessa repr\u00e9sente une opportunit\u00e9 pour les entrepreneurs souhaitant s\u2019implanter dans un secteur \u00e0 forte valeur ajout\u00e9e.<\/p>\n","protected":false},"excerpt":{"rendered":"La franchise d\u2019am\u00e9nagement int\u00e9rieur noblessa poursuit son d\u00e9veloppement territorial avec l\u2019ouverture d\u2019un nouveau showroom de 350 m\u00b2 \u00e0&hellip;\n","protected":false},"author":2,"featured_media":365433,"comment_status":"","ping_status":"","sticky":false,"template":"","format":"standard","meta":{"footnotes":""},"categories":[2821],"tags":[1111,11,829,1777,674,1011,27,12,584,25],"class_list":{"0":"post-365432","1":"post","2":"type-post","3":"status-publish","4":"format-standard","5":"has-post-thumbnail","7":"category-rennes","8":"tag-actu","9":"tag-actualites","10":"tag-bretagne","11":"tag-eu","12":"tag-europe","13":"tag-fr","14":"tag-france","15":"tag-news","16":"tag-rennes","17":"tag-republique-francaise"},"share_on_mastodon":{"url":"https:\/\/pubeurope.com\/@fr\/115145496774611939","error":""},"_links":{"self":[{"href":"https:\/\/www.europesays.com\/fr\/wp-json\/wp\/v2\/posts\/365432","targetHints":{"allow":["GET"]}}],"collection":[{"href":"https:\/\/www.europesays.com\/fr\/wp-json\/wp\/v2\/posts"}],"about":[{"href":"https:\/\/www.europesays.com\/fr\/wp-json\/wp\/v2\/types\/post"}],"author":[{"embeddable":true,"href":"https:\/\/www.europesays.com\/fr\/wp-json\/wp\/v2\/users\/2"}],"replies":[{"embeddable":true,"href":"https:\/\/www.europesays.com\/fr\/wp-json\/wp\/v2\/comments?post=365432"}],"version-history":[{"count":0,"href":"https:\/\/www.europesays.com\/fr\/wp-json\/wp\/v2\/posts\/365432\/revisions"}],"wp:featuredmedia":[{"embeddable":true,"href":"https:\/\/www.europesays.com\/fr\/wp-json\/wp\/v2\/media\/365433"}],"wp:attachment":[{"href":"https:\/\/www.europesays.com\/fr\/wp-json\/wp\/v2\/media?parent=365432"}],"wp:term":[{"taxonomy":"category","embeddable":true,"href":"https:\/\/www.europesays.com\/fr\/wp-json\/wp\/v2\/categories?post=365432"},{"taxonomy":"post_tag","embeddable":true,"href":"https:\/\/www.europesays.com\/fr\/wp-json\/wp\/v2\/tags?post=365432"}],"curies":[{"name":"wp","href":"https:\/\/api.w.org\/{rel}","templated":true}]}}