{"id":365434,"date":"2025-09-04T10:13:12","date_gmt":"2025-09-04T10:13:12","guid":{"rendered":"https:\/\/www.europesays.com\/fr\/365434\/"},"modified":"2025-09-04T10:13:12","modified_gmt":"2025-09-04T10:13:12","slug":"qui-serait-pret-a-devenir-le-nakama-de-luffy-le-chinchilla-abandonne-malgre-un-coeur-en-or","status":"publish","type":"post","link":"https:\/\/www.europesays.com\/fr\/365434\/","title":{"rendered":"qui serait pr\u00eat \u00e0 devenir le\u00a0nakama de Luffy le chinchilla, abandonn\u00e9 malgr\u00e9 un c\u0153ur en or\u00a0?"},"content":{"rendered":"<p>Luffy est un chinchilla m\u00e2le st\u00e9rilis\u00e9 n\u00e9 en 2024. Il est arriv\u00e9 au refuge de <a href=\"https:\/\/www.dna.fr\/societe\/2025\/06\/06\/crise-a-la-spa-20-salaries-refusent-que-la-directrice-soit-poussee-vers-la-sortie\" target=\"_blank\" rel=\"noopener\">la SPA de Strasbourg<\/a> le 17\u00a0mai 2025. Son histoire\u00a0: il a \u00e9t\u00e9 abandonn\u00e9 pour cause d\u2019allergie. \u00ab\u00a0Je deviendrai le roi des\u2026 <a href=\"https:\/\/www.dna.fr\/magazine-lifestyle\/2022\/10\/20\/furet-lapin-chinchilla-perroquet-leur-identification-est-elle-obligatoire\" target=\"_blank\" rel=\"noopener\">chinchillas<\/a> ! \u00bb\u200d\ufe0f Notre petit aventurier a de grandes moustaches et un c\u0153ur en or. Il n\u2019a peut-\u00eatre pas mang\u00e9 le fruit du d\u00e9mon comme son alter ego dans le manga One Piece , mais il a clairement le pouvoir de faire fondre n\u2019importe qui\u00a0!<\/p>\n<p>Un vrai gourmet \u00a0!<\/p>\n<p>Sa qu\u00eate\u00a0? Trouver un \u00e9quipage aimant et attentionn\u00e9 pour vivre mille aventures\u2026 Ou bien juste se pr\u00e9lasser dans un maxi-hamac, bien loin des grilles de notre refuge.<\/p>\n<p>Ce contenu est bloqu\u00e9 car vous n&rsquo;avez pas accept\u00e9 les cookies et autres traceurs.<\/p>\n<p>En cliquant sur \u00ab J\u2019accepte \u00bb, les cookies et autres traceurs seront d\u00e9pos\u00e9s et vous pourrez visualiser les contenus  (<a href=\"\" class=\"consentModule_policy\" target=\"_blank\" title=\"Consulter la politique de protection des donn\u00e9es du fournisseur\">plus d&rsquo;informations<\/a>).<\/p>\n<p>En cliquant sur \u00ab J\u2019accepte tous les cookies \u00bb, vous autorisez des d\u00e9p\u00f4ts de cookies et autres traceurs pour le stockage de vos donn\u00e9es sur nos sites et applications \u00e0 des fins de personnalisation et de ciblage publicitaire.<\/p>\n<p class=\"consentModule_secondaryText\">Vous gardez la possibilit\u00e9 de retirer votre consentement \u00e0 tout moment en consultant notre <a href=\"https:\/\/www.dna.fr\/protection-des-donnees\" target=\"_blank\" title=\"Consulter notre politique de protection des donn\u00e9es\" rel=\"noopener\">politique de protection des donn\u00e9es<\/a>. <br \/>&#13;<br \/>\n            <a href=\"https:\/\/www.dna.fr\/societe\/2025\/09\/04\/javascript:Didomi.notice.show()\" class=\"consentModule_cmp\" target=\"_blank\" rel=\"noopener\">G\u00e9rer mes choix<\/a>&#13;\n        <\/p>\n<p>&#13;<br \/>\n                        J&rsquo;accepte&#13;<br \/>\n            J&rsquo;accepte tous les cookies&#13;\n        <\/p>\n<p>Luffy n\u2019est pas un glouton comme son homonyme, mais c\u2019est un vrai gourmet\u00a0! Il a un palais raffin\u00e9, il aime les friandises de qualit\u00e9 et part toujours \u00e0 la recherche de grandes saveurs. En clair\u00a0: monsieur est un peu difficile, mais c\u2019est un roi, apr\u00e8s tout&#8230; Lorsqu\u2019il ne joue pas les explorateurs, Luffy aime se reposer sur son tr\u00f4ne en bois, alias sa cabane, o\u00f9 il r\u00e8gne en ma\u00eetre zen, les moustaches au vent.\ufe0f Il est d\u2019une gentillesse et d\u2019une douceur \u00e0 faire chavirer les c\u0153urs. Un vrai \u00ab\u00a0nakama\u00a0\u00bb, un ami fid\u00e8le\u00a0: affectueux, sociable et toujours pr\u00eat pour une caresse. Luffy ne cherche pas le One Piece, juste une famille en or. Si vous avez une place \u00e0 bord de votre navire (et un coin cosy pour son tr\u00f4ne), il est pr\u00eat \u00e0 embarquer\u00a0!<\/p>\n<p class=\"insetTitle\">Pour l&rsquo;adopter<\/p>\n<p>La SPA de Strasbourg recherche un foyer pouvant offrir \u00e0 Luffy une vie en semi-libert\u00e9 ou en libert\u00e9 totale, et obligatoirement en pr\u00e9sence d\u2019une cong\u00e9n\u00e8re femelle.<\/p>\n<p>Pour toute information au sujet de Luffy et\/ou pour pouvoir le rencontrer, contacter l\u2019association via\u00a0: nacs@spa-strasbourg.org\u00a0; SPA de Strasbourg, 7 rue de l\u2019Entenloch \u00e0 Strasbourg-Cronenbourg, 03\u00a088\u00a034\u00a067\u00a067. www.spa-strasbourg.org<\/p>\n","protected":false},"excerpt":{"rendered":"Luffy est un chinchilla m\u00e2le st\u00e9rilis\u00e9 n\u00e9 en 2024. Il est arriv\u00e9 au refuge de la SPA de&hellip;\n","protected":false},"author":2,"featured_media":365435,"comment_status":"","ping_status":"","sticky":false,"template":"","format":"standard","meta":{"footnotes":""},"categories":[2820],"tags":[1111,11,2389,1867,2649,2880,1777,674,107,1011,27,775,12,25,104,640,2879],"class_list":{"0":"post-365434","1":"post","2":"type-post","3":"status-publish","4":"format-standard","5":"has-post-thumbnail","7":"category-strasbourg","8":"tag-actu","9":"tag-actualites","10":"tag-alsace","11":"tag-animaux","12":"tag-bas-rhin","13":"tag-edition-strasbourg","14":"tag-eu","15":"tag-europe","16":"tag-fil-info","17":"tag-fr","18":"tag-france","19":"tag-grand-est","20":"tag-news","21":"tag-republique-francaise","22":"tag-societe","23":"tag-strasbourg","24":"tag-strasbourg-ville"},"share_on_mastodon":{"url":"https:\/\/pubeurope.com\/@fr\/115145500690907553","error":""},"_links":{"self":[{"href":"https:\/\/www.europesays.com\/fr\/wp-json\/wp\/v2\/posts\/365434","targetHints":{"allow":["GET"]}}],"collection":[{"href":"https:\/\/www.europesays.com\/fr\/wp-json\/wp\/v2\/posts"}],"about":[{"href":"https:\/\/www.europesays.com\/fr\/wp-json\/wp\/v2\/types\/post"}],"author":[{"embeddable":true,"href":"https:\/\/www.europesays.com\/fr\/wp-json\/wp\/v2\/users\/2"}],"replies":[{"embeddable":true,"href":"https:\/\/www.europesays.com\/fr\/wp-json\/wp\/v2\/comments?post=365434"}],"version-history":[{"count":0,"href":"https:\/\/www.europesays.com\/fr\/wp-json\/wp\/v2\/posts\/365434\/revisions"}],"wp:featuredmedia":[{"embeddable":true,"href":"https:\/\/www.europesays.com\/fr\/wp-json\/wp\/v2\/media\/365435"}],"wp:attachment":[{"href":"https:\/\/www.europesays.com\/fr\/wp-json\/wp\/v2\/media?parent=365434"}],"wp:term":[{"taxonomy":"category","embeddable":true,"href":"https:\/\/www.europesays.com\/fr\/wp-json\/wp\/v2\/categories?post=365434"},{"taxonomy":"post_tag","embeddable":true,"href":"https:\/\/www.europesays.com\/fr\/wp-json\/wp\/v2\/tags?post=365434"}],"curies":[{"name":"wp","href":"https:\/\/api.w.org\/{rel}","templated":true}]}}