{"id":365438,"date":"2025-09-04T10:15:11","date_gmt":"2025-09-04T10:15:11","guid":{"rendered":"https:\/\/www.europesays.com\/fr\/365438\/"},"modified":"2025-09-04T10:15:11","modified_gmt":"2025-09-04T10:15:11","slug":"quel-ordinateur-portable-acheter-en-2025","status":"publish","type":"post","link":"https:\/\/www.europesays.com\/fr\/365438\/","title":{"rendered":"quel ordinateur portable acheter en 2025 ?"},"content":{"rendered":"<p><strong>Nice fait partie des villes en France qui sont les plus plaisantes lorsqu\u2019on pratique le t\u00e9l\u00e9travail. C\u2019est surtout vrai pour les personnes logeant dans le sud de la ville \u00e9tant donn\u00e9 qu\u2019il est possible de se rendre \u00e0\u00a0la plage l\u2019apr\u00e8s-\u200bmidi apr\u00e8s une matin\u00e9e de dur labeur. \u00c0\u00a0condition bien s\u00fbr d\u2019avoir un employeur suffi\u00adsamment flexible\u00a0!\u00a0<\/strong><\/p>\n<p>Quoi qu\u2019il en soit, pour exercer le t\u00e9l\u00e9travail dans les meilleures condi\u00adtions, il est n\u00e9ces\u00adsaire d\u2019\u00eatre \u00e9quip\u00e9 d\u2019un <strong>ordinateur portable<\/strong> de bonne facture. Mais vers quoi se tourner en\u00a02025\u00a0?<\/p>\n<p>Pourquoi pr\u00e9f\u00e9rer un ordinateur portable \u00e0\u00a0un PC de bureau\u00a0?<\/p>\n<p>Avant m\u00eame de vous pr\u00e9senter les carac\u00adt\u00e9\u00adris\u00adtiques d\u2019un bon PC portable en 2025, il faut <strong>s\u2019inter\u00adroger sur la perti\u00adnence d\u2019une telle machine<\/strong>. Apr\u00e8s tout, vous pourriez vous contenter de votre smart\u00adphone ou d\u2019une tablette tactile dans l\u2019absolu. N\u00e9anmoins, on comprend rapidement que ce type de produit est peu pratique au quotidien\u00a0: \u00e9cran trop petit, ergonomie pas vraiment adapt\u00e9e \u00e0\u00a0un travail r\u00e9gulier, limita\u00adtions techniques\u2026<\/p>\n<p>Bref, vous l\u2019aurez compris\u00a0: que ce soit pour effectuer des t\u00e2ches de bureau\u00adtique classiques ou d\u2019autres plus exigeantes,<strong> rien ne vaut un ordinateur profes\u00adsionnel dot\u00e9 d\u2019une souris et d\u2019un clavier<\/strong>. Il n\u2019en reste pas moins qu\u2019une autre question se pose\u00a0: pourquoi ne pas se tourner vers un PC de bureau fixe pour le t\u00e9l\u00e9travail\u00a0? Selon nous, il y\u00a0a plusieurs raisons qui devraient vous convaincre de pr\u00e9f\u00e9rer une solution mobile\u00a0:\u00a0<\/p>\n<ul class=\"wp-block-list\">\n<li>Vous pouvez <strong>emporter facilement votre ordinateur portable avec vous<\/strong> en d\u00e9pla\u00adcement. En outre, si vous pratiquez du t\u00e9l\u00e9travail partiel, ce sera bien plus simple \u00e0\u00a0g\u00e9rer avec ce type d\u2019\u00e9quipement.<\/li>\n<li>Vous effectuez des <strong>\u00e9conomies d\u2019\u00e9nergie<\/strong> \u00e9tant donn\u00e9 qu\u2019un PC portable est 5\u00a0fois moins \u00e9nergivore en moyenne qu\u2019un mod\u00e8le fixe. Quand on prend en compte l\u2019aug\u00admen\u00adtation des prix de l\u2019\u00e9lec\u00adtricit\u00e9, c\u2019est loin d\u2019\u00eatre n\u00e9gligeable\u00a0!<\/li>\n<li>Vous avez la possi\u00adbilit\u00e9 de <strong>brancher un moniteur externe<\/strong> si vous trouvez que l\u2019\u00e9cran de votre ordinateur portable est trop\u00a0petit.<\/li>\n<li>En cas de <strong>coupure d\u2019\u00e9lec\u00adtricit\u00e9<\/strong>, vous pouvez continuer \u00e0\u00a0travailler (\u00e0 condition d\u2019avoir une connexion internet bien\u00a0s\u00fbr\u00a0!).<\/li>\n<\/ul>\n<p>Quels crit\u00e8res retenir dans le choix d\u2019un PC portable professionnel\u00a0?<\/p>\n<p>Plut\u00f4t que de vous pr\u00e9senter des mod\u00e8les d\u2019ordi\u00adna\u00adteurs incon\u00adtour\u00adnables, il nous semble plus pertinent de vous donner des crit\u00e8res pr\u00e9cis. En effet, les r\u00e9f\u00e9rences sont tr\u00e8s nombreuses dans le domaine et il serait impos\u00adsible de tout lister dans un seul article.<\/p>\n<p>La r\u00e9putation de la marque de l\u2019ordinateur portable<\/p>\n<p>Ce premier crit\u00e8re vous semblera peut-\u200b\u00eatre \u00e9tonnant, mais <strong>la qualit\u00e9 est essen\u00adtielle<\/strong> lorsqu\u2019on parle d\u2019usage profes\u00adsionnel. Rappelons que vous allez utiliser votre appareil <strong>au moins 8\u00a0heures par jour<\/strong>\u00a0: si celui-\u200bci est mal assembl\u00e9 ou mal refroidi, il risque de rendre l\u2019\u00e2me rapidement. Il existe <strong>plusieurs marques r\u00e9put\u00e9es<\/strong> auxquelles vous pouvez vous fier les yeux ferm\u00e9s\u00a0: Apple bien s\u00fbr, mais aussi Dell, Asus, HP ou encore Lenovo.<\/p>\n<p>Ainsi, <a href=\"https:\/\/www.inmac-wstore.com\/pc-portable\/c507.htm?m=1057\" target=\"_blank\" rel=\"noopener nofollow\">avec un ordinateur portable HP compact<\/a> par exemple, vous allez \u00eatre en mesure de <strong>travailler depuis n\u2019importe o\u00f9<\/strong> durant de longues ann\u00e9es\u00a0!<\/p>\n<p>La puissance de l\u2019appareil<\/p>\n<p>Sans un ordinateur portable parfai\u00adtement <strong>fluide et stable<\/strong>, votre produc\u00adtivit\u00e9 en prendra forc\u00e9ment un coup. Et m\u00eame si le syst\u00e8me d\u2019exploi\u00adtation influe beaucoup sur la fluidit\u00e9, il vous faudra de toute fa\u00e7on <strong>un appareil performant<\/strong> pour des <strong>t\u00e2ches profes\u00adsion\u00adnelles<\/strong>. Cela dit, tout d\u00e9pend de la nature des t\u00e2ches en question. On peut les r\u00e9partir en deux cat\u00e9gories pour simplifier\u00a0:\u00a0<\/p>\n<p><a href=\"https:\/\/anneedelamer.nice.fr\/\" rel=\"nofollow noopener\" target=\"_blank\"><img loading=\"lazy\" decoding=\"async\" width=\"300\" height=\"300\" src=\"data:image\/svg+xml,%3Csvg%20xmlns=\" http:=\"\" alt=\"\" class=\"wp-image-235449\" data-lazy-src=\"https:\/\/www.europesays.com\/fr\/wp-content\/uploads\/2025\/04\/IMG_1416-2.png\"\/><\/a><\/p>\n<ul class=\"wp-block-list\">\n<li><strong>Les t\u00e2ches l\u00e9g\u00e8res<\/strong> (bureau\u00adtique, navigation sur le Web\u2026) qui ne n\u00e9ces\u00adsitent pas une machine tr\u00e8s v\u00e9loce. Si vous \u00eates concern\u00e9, optez pour un mod\u00e8le \u00e9quip\u00e9 d\u2019au moins un Intel Core i3 (ou Ryzen 3) et de 8\u00a0Go de RAM. Pour \u00eatre tranquille sur la dur\u00e9e, prenez un Intel Core i5 (ou Ryzen 5) avec 16\u00a0Go de\u00a0RAM.<\/li>\n<li><strong>Les t\u00e2ches lourdes<\/strong> (montage de vid\u00e9os en 4k, conception de mod\u00e8les en 3D\u2026). Dans ce cas, privi\u00adl\u00e9giez les proces\u00adseurs les plus rapides (Intel Core i9 ou Ultra 7) avec un minimum de 32\u00a0Go de\u00a0RAM.\u00a0<\/li>\n<\/ul>\n<p>La qualit\u00e9 de la webcam<\/p>\n<p>On sait\u00a0: il est toujours possible de brancher des p\u00e9riph\u00e9\u00adriques externes sur un ordinateur portable. Clavier, souris, micro, webcam, disque dur externe\u2026 N\u00e9anmoins, pour des raisons de praticit\u00e9, c\u2019est toujours mieux de disposer d\u2019une <strong>machine bien \u00e9quip\u00e9e de base<\/strong>. C\u2019est d\u2019autant plus vrai si vous <a href=\"https:\/\/nicepresse.com\/teletravail-les-meilleures-communes-pour-sinstaller-en-provence-alpes-cote-dazur\/\" rel=\"nofollow noopener\" target=\"_blank\">pratiquez le t\u00e9l\u00e9travail<\/a> aussi en dehors de chez vous (caf\u00e9, espace de coworking\u2026).<\/p>\n<p>La raison pour laquelle nous insistons sur la qualit\u00e9 de la webcam r\u00e9side dans le fait que <strong>celle-\u200bci vous servira durant vos r\u00e9unions de travail<\/strong>. D\u2019o\u00f9 l\u2019impor\u00adtance d\u2019avoir une bonne r\u00e9solution (Full HD au minimum) et d\u2019un micro suffi\u00adsamment correct. <strong>La marque Apple est assez reconnue<\/strong> pour ses webcams de bonne facture, mais vous trouverez aussi des cam\u00e9ras d\u2019excel\u00adlente qualit\u00e9 chez d\u2019autres fabricants.<\/p>\n<p>La taille de l\u2019\u00e9cran<\/p>\n<p>Les <strong>ordina\u00adteurs portables de 13 pouces<\/strong> ont l\u2019avantage d\u2019\u00eatre tr\u00e8s l\u00e9gers (moins de 1\u00a0kilo) et compacts. Cependant, pour le multi\u00adt\u00e2che, c\u2019est tout de m\u00eame compliqu\u00e9 avec une si petite diagonale. Il vous faudra alors n\u00e9ces\u00adsai\u00adrement <strong>brancher un moniteur externe<\/strong> pour b\u00e9n\u00e9ficier de condi\u00adtions optimales, ce qui est contrai\u00adgnant quand on bouge beaucoup.<\/p>\n<p>Ainsi, pour \u00eatre tranquille dans n\u2019importe quelle situation, optez plut\u00f4t pour un <strong>mod\u00e8le 16 pouces<\/strong> (ou plus). Vous pourrez notamment placer plusieurs appli\u00adca\u00adtions c\u00f4te \u00e0\u00a0c\u00f4te sans probl\u00e8me.<\/p>\n<p>L\u2019autonomie<\/p>\n<p>Si nous pla\u00e7ons le crit\u00e8re de l\u2019auto\u00adnomie en dernier, c\u2019est qu\u2019elle est finalement peu perti\u00adnente dans le cadre du t\u00e9l\u00e9travail. Vous vous trouverez en effet \u00e0\u00a0proximit\u00e9 d\u2019une prise \u00e9lectrique si vous travaillez chez vous ou dans un espace de coworking. N\u00e9anmoins sur Nice, vous pourriez avoir envie de<strong> t\u00e9l\u00e9tra\u00advailler depuis la terrasse d\u2019un caf\u00e9<\/strong> ou direc\u00adtement sur la plage. Dans ce cas, un ordinateur portable profes\u00adsionnel avec une <strong>autonomie d\u2019au moins 10 heures<\/strong> devrait r\u00e9pondre \u00e0\u00a0vos envies d\u2019ailleurs\u00a0!<\/p>\n","protected":false},"excerpt":{"rendered":"Nice fait partie des villes en France qui sont les plus plaisantes lorsqu\u2019on pratique le t\u00e9l\u00e9travail. C\u2019est surtout&hellip;\n","protected":false},"author":2,"featured_media":365439,"comment_status":"","ping_status":"","sticky":false,"template":"","format":"standard","meta":{"footnotes":""},"categories":[2819],"tags":[1111,11,1777,674,1011,27,12,2401,882,25],"class_list":{"0":"post-365438","1":"post","2":"type-post","3":"status-publish","4":"format-standard","5":"has-post-thumbnail","7":"category-nice","8":"tag-actu","9":"tag-actualites","10":"tag-eu","11":"tag-europe","12":"tag-fr","13":"tag-france","14":"tag-news","15":"tag-nice","16":"tag-provence-alpes-cote-dazur","17":"tag-republique-francaise"},"share_on_mastodon":{"url":"https:\/\/pubeurope.com\/@fr\/115145508486528816","error":""},"_links":{"self":[{"href":"https:\/\/www.europesays.com\/fr\/wp-json\/wp\/v2\/posts\/365438","targetHints":{"allow":["GET"]}}],"collection":[{"href":"https:\/\/www.europesays.com\/fr\/wp-json\/wp\/v2\/posts"}],"about":[{"href":"https:\/\/www.europesays.com\/fr\/wp-json\/wp\/v2\/types\/post"}],"author":[{"embeddable":true,"href":"https:\/\/www.europesays.com\/fr\/wp-json\/wp\/v2\/users\/2"}],"replies":[{"embeddable":true,"href":"https:\/\/www.europesays.com\/fr\/wp-json\/wp\/v2\/comments?post=365438"}],"version-history":[{"count":0,"href":"https:\/\/www.europesays.com\/fr\/wp-json\/wp\/v2\/posts\/365438\/revisions"}],"wp:featuredmedia":[{"embeddable":true,"href":"https:\/\/www.europesays.com\/fr\/wp-json\/wp\/v2\/media\/365439"}],"wp:attachment":[{"href":"https:\/\/www.europesays.com\/fr\/wp-json\/wp\/v2\/media?parent=365438"}],"wp:term":[{"taxonomy":"category","embeddable":true,"href":"https:\/\/www.europesays.com\/fr\/wp-json\/wp\/v2\/categories?post=365438"},{"taxonomy":"post_tag","embeddable":true,"href":"https:\/\/www.europesays.com\/fr\/wp-json\/wp\/v2\/tags?post=365438"}],"curies":[{"name":"wp","href":"https:\/\/api.w.org\/{rel}","templated":true}]}}