{"id":365440,"date":"2025-09-04T10:16:13","date_gmt":"2025-09-04T10:16:13","guid":{"rendered":"https:\/\/www.europesays.com\/fr\/365440\/"},"modified":"2025-09-04T10:16:13","modified_gmt":"2025-09-04T10:16:13","slug":"logement-frais-caches-a-nice-la-vie-etudiante-devient-un-luxe-que-beaucoup-ont-du-mal-a-assumer-la-rentree-est-tres-eprouvante","status":"publish","type":"post","link":"https:\/\/www.europesays.com\/fr\/365440\/","title":{"rendered":"Logement, frais cach\u00e9s&#8230; \u00c0 Nice, la vie \u00e9tudiante devient un luxe que beaucoup ont du mal \u00e0 assumer, \u00ab\u00a0la rentr\u00e9e est tr\u00e8s \u00e9prouvante\u00a0\u00bb"},"content":{"rendered":"<p><strong>Combien co\u00fbte une rentr\u00e9e ni\u00e7oise dans le sup\u00e9rieur\u00a0? La FACE 06, la premi\u00e8re f\u00e9d\u00e9ration des associa\u00adtions \u00e9tudiantes maral\u00adpines, a\u00a0d\u00e9gain\u00e9 sa calcu\u00adla\u00adtrice. Attention les yeux, tout grimpe, ou presque.<\/strong><\/p>\n<p>Le farniente \u00e0\u00a0la plage et au soleil est d\u00e9sormais derri\u00e8re nous. Retour sur les bancs de la fac du lundi au vendredi. C\u2019est la rentr\u00e9e, et pour les \u00e9l\u00e8ves en \u00e9tudes sup\u00e9rieures, ce n\u2019est clairement pas le moment le plus agr\u00e9able de l\u2019ann\u00e9e. Car il faut sortir la carte bleue et on le sait, notamment par le biais du syndicat l\u2019Unef, <a href=\"https:\/\/nicepresse.com\/nice-trop-chere-pour-les-etudiants-cout-de-la-vie-loyers-une-equation-impossible-pour-beaucoup-de-jeunes-malgre-une-vraie-attractivite\/\" rel=\"nofollow noopener\" target=\"_blank\">le co\u00fbt de la vie est tr\u00e8s \u00e9lev\u00e9 chez nous<\/a>, bien plus qu\u2019ailleurs en Province.<\/p>\n<p>Mercredi 3\u00a0septembre, la FACE 06 publiait ses estima\u00adtions des d\u00e9penses incon\u00adtour\u00adnables pour entamer l\u2019ann\u00e9e scolaire. Avec une tendance assez nette, qui se v\u00e9rifie <a href=\"https:\/\/nicepresse.com\/hausse-du-cout-de-la-vie-etudiante-loyers-crous-inscriptions-voici-lardoise-pour-cette-annee\/\" rel=\"nofollow noopener\" target=\"_blank\">depuis un long moment<\/a>\u00a0: il faut de plus en plus d\u00e9bourser pour suivre un cursus sur la C\u00f4te d\u2019Azur.<\/p>\n<p>3.900 euros pour la rentr\u00e9e\u00a0?<\/p>\n<p>Le tableau r\u00e9capi\u00adtu\u00adlatif fait \u00e9tat d\u2019un budget \u00ab\u00a0rentr\u00e9e\u00a0\u00bb de 3.900 euros. Par mois, le montant s\u2019\u00e9l\u00e8ve \u00e0\u00a01.719 euros selon la premi\u00e8re f\u00e9d\u00e9ration des Alpes-\u200bMaritimes. Un rapide coup d\u2019\u0153il \u00e0\u00a0ces pr\u00e9vi\u00adsions nous montre le poste de frais le plus important, \u00e0\u00a0savoir <a href=\"https:\/\/nicepresse.com\/immobilier-des-tarifs-tres-eleves-a-nice-meme-la-colocation-desormais-hors-de-prix\/\" rel=\"nofollow noopener\" target=\"_blank\">le logement<\/a>.<\/p>\n<p>C\u00f4t\u00e9 studios, pour un T1 de moins de 25 m\u00e8tres carr\u00e9s, il faut compter 694 euros de loyer. On grimpe \u00e0\u00a0720 euros pour ceux de 30 m\u00e8tres carr\u00e9s. Entre 2024 et 2025, <a href=\"https:\/\/nicepresse.com\/immobilier-les-studios-pour-les-etudiants-sont-hors-de-prix-dans-ces-villes-de-provence-alpes-cote-dazur\/\" rel=\"nofollow noopener\" target=\"_blank\">ces baux, tr\u00e8s on\u00e9reux<\/a>, sont relati\u00advement stables, bien qu\u2019en hausse (+1,58\u00a0% et +1,12\u00a0%).<\/p>\n<p>Des frais d\u2019inscription de plus en plus \u00e9lev\u00e9s\u00a0<\/p>\n<p>Il faut \u00e9galement prendre en compte les d\u00e9bits li\u00e9s \u00e0\u00a0l\u2019ins\u00adcription. De la licence (178 euros) au dipl\u00f4me d\u2019ing\u00e9\u00adnieur (628 euros), ils vont crescendo, des tarifs major\u00e9s par rapport \u00e0\u00a0l\u2019an pass\u00e9. Entre 1,53\u00a0% et 1,71\u00a0% selon le niveau. M\u00eame la CVEC, une contri\u00adbution obliga\u00adtoire, est aujourd\u2019hui de 105 euros, contre 100 euros en\u00a02023.<\/p>\n<p>Deux autres secteurs sont \u00e0\u00a0scruter parti\u00adcu\u00adli\u00e8\u00adrement, la sant\u00e9 et les trans\u00adports. On observe peu de change\u00adments dans ces cat\u00e9gories, si ce n\u2019est la compl\u00e9\u00admen\u00adtaire HEYME, qui conna\u00eet une augmen\u00adtation de 7,35\u00a0% pour s\u2019\u00e9tablir \u00e0\u00a0507 euros l\u2019ann\u00e9e. Quant aux abonne\u00adments pour les bus et tramways, ils restent \u00e0\u00a0192 euros pour les moins de 26\u00a0ans.\u00a0<\/p>\n<p>L\u2019inflation p\u00e8se lourd dans le budget\u00a0<\/p>\n<p>Parmi les points \u00e0\u00a0souligner, et qui expliquent la progression du co\u00fbt de la vie \u00e9tudiante, il y\u00a0a le mat\u00e9riel qui a\u00a0pris 18,64\u00a0% en un an. En raison de l\u2019inflation notamment, il faut d\u00e9sormais en moyenne payer 300 euros pour les fournitures.\u00a0<\/p>\n<p><a href=\"https:\/\/anneedelamer.nice.fr\/\" rel=\"nofollow noopener\" target=\"_blank\"><img loading=\"lazy\" decoding=\"async\" width=\"300\" height=\"300\" src=\"data:image\/svg+xml,%3Csvg%20xmlns=\" http:=\"\" alt=\"\" class=\"wp-image-235449\" data-lazy-src=\"https:\/\/www.europesays.com\/fr\/wp-content\/uploads\/2025\/04\/IMG_1416-2.png\"\/><\/a><\/p>\n<p>L\u2019alimentation et le forfait t\u00e9l\u00e9pho\u00adnique aussi (+6\u00a0% et +5\u00a0%) deviennent moins abordables. Cependant, le tarif du restaurant univer\u00adsi\u00adtaire du Crous ne varie pas (66 euros par\u00a0mois).<\/p>\n<p>Optionnels, ce sont surtout les loisirs et les sorties qui p\u00e9nalisent de plus en plus les jeunes adultes. De 51 euros en 2024, on monte \u00e0\u00a0pr\u00e9sent \u00e0\u00a062 euros en 2025, ce qui s\u2019explique par \u00ab\u00a0le forfait cin\u00e9ma, mais aussi par la hausse des abonne\u00adments de streaming et m\u00eame de la musique\u00a0\u00bb.<\/p>\n<p>Rentr\u00e9e 2025 \u00ab\u00a0\u00e9prouvante\u00a0\u00bb pour les \u00e9tudiants<\/p>\n<p>Au rayon des bonnes nouvelles, pour finir, l\u2019hygi\u00e8ne, \u00e0\u00a0savoir les produits de premi\u00e8re n\u00e9cessit\u00e9, qui reculent de trois euros. Une baisse n\u00e9anmoins compens\u00e9e par les frais li\u00e9s aux r\u00e8gles, qui prennent \u00e0\u00a0leur tour 3\u00a0euros, entre les protec\u00adtions et les antidouleurs.<\/p>\n<p>Tout cela fait relever \u00e0\u00a0la FACE06 dans son bilan que \u00ab\u00a0le manque de revalo\u00adri\u00adsation des bourses et des aides sociales accentue encore ces diffi\u00adcult\u00e9s, rendant la rentr\u00e9e 2025 parti\u00adcu\u00adli\u00e8\u00adrement \u00e9prou\u00advante.\u00a0\u00bb Sans grande surprise, les \u00e9tudiants sont \u00ab\u00a0frapp\u00e9s de plein fouet par la crise \u00e9cono\u00admique, \u00e9tant toujours l\u2019un des publics les plus pr\u00e9caires.\u00a0\u00bb<\/p>\n","protected":false},"excerpt":{"rendered":"Combien co\u00fbte une rentr\u00e9e ni\u00e7oise dans le sup\u00e9rieur\u00a0? La FACE 06, la premi\u00e8re f\u00e9d\u00e9ration des associa\u00adtions \u00e9tudiantes maral\u00adpines,&hellip;\n","protected":false},"author":2,"featured_media":365441,"comment_status":"","ping_status":"","sticky":false,"template":"","format":"standard","meta":{"footnotes":""},"categories":[2819],"tags":[1111,11,1777,674,1011,27,12,2401,882,25],"class_list":{"0":"post-365440","1":"post","2":"type-post","3":"status-publish","4":"format-standard","5":"has-post-thumbnail","7":"category-nice","8":"tag-actu","9":"tag-actualites","10":"tag-eu","11":"tag-europe","12":"tag-fr","13":"tag-france","14":"tag-news","15":"tag-nice","16":"tag-provence-alpes-cote-dazur","17":"tag-republique-francaise"},"share_on_mastodon":{"url":"https:\/\/pubeurope.com\/@fr\/115145512370635670","error":""},"_links":{"self":[{"href":"https:\/\/www.europesays.com\/fr\/wp-json\/wp\/v2\/posts\/365440","targetHints":{"allow":["GET"]}}],"collection":[{"href":"https:\/\/www.europesays.com\/fr\/wp-json\/wp\/v2\/posts"}],"about":[{"href":"https:\/\/www.europesays.com\/fr\/wp-json\/wp\/v2\/types\/post"}],"author":[{"embeddable":true,"href":"https:\/\/www.europesays.com\/fr\/wp-json\/wp\/v2\/users\/2"}],"replies":[{"embeddable":true,"href":"https:\/\/www.europesays.com\/fr\/wp-json\/wp\/v2\/comments?post=365440"}],"version-history":[{"count":0,"href":"https:\/\/www.europesays.com\/fr\/wp-json\/wp\/v2\/posts\/365440\/revisions"}],"wp:featuredmedia":[{"embeddable":true,"href":"https:\/\/www.europesays.com\/fr\/wp-json\/wp\/v2\/media\/365441"}],"wp:attachment":[{"href":"https:\/\/www.europesays.com\/fr\/wp-json\/wp\/v2\/media?parent=365440"}],"wp:term":[{"taxonomy":"category","embeddable":true,"href":"https:\/\/www.europesays.com\/fr\/wp-json\/wp\/v2\/categories?post=365440"},{"taxonomy":"post_tag","embeddable":true,"href":"https:\/\/www.europesays.com\/fr\/wp-json\/wp\/v2\/tags?post=365440"}],"curies":[{"name":"wp","href":"https:\/\/api.w.org\/{rel}","templated":true}]}}