{"id":365442,"date":"2025-09-04T10:17:53","date_gmt":"2025-09-04T10:17:53","guid":{"rendered":"https:\/\/www.europesays.com\/fr\/365442\/"},"modified":"2025-09-04T10:17:53","modified_gmt":"2025-09-04T10:17:53","slug":"forum-des-associations-de-la-generale","status":"publish","type":"post","link":"https:\/\/www.europesays.com\/fr\/365442\/","title":{"rendered":"Forum des associations de la G\u00e9n\u00e9rale"},"content":{"rendered":"<p>\n                                                                          Rencontre &#8211; Forum<br \/>\n                                                                                            Culture &#8211; Loisirs\n                                                    <\/p>\n<p class=\"Node__locations__item\">Nantes,\u00a0<\/p>\n<p class=\"Node__locations__item\">Malakoff &#8211; Saint-Donatien<\/p>\n<p class=\"Node__chapo\">\n              Forum des associations qui animeront la G\u00e9n\u00e9rale cette ann\u00e9e 2025\/2026.\n            <\/p>\n<p>              <img decoding=\"async\" src=\"https:\/\/www.europesays.com\/fr\/wp-content\/uploads\/2025\/09\/fea0ed7d69d74e7ea48377973bd544c0.base.image.jpg\" alt=\"\"\/><\/p>\n<p>Venez rencontrer les animateur\u00b7ices des ateliers et activit\u00e9s qui occuperont la G\u00e9n\u00e9rale cette ann\u00e9e 2025\/2026 et vous y inscrire pour quelques cours, un trimestre ou une ann\u00e9e enti\u00e8re !<\/p>\n<p><\/p>\n<p>              Horaires<\/p>\n<p>                  Horaires des \u00e9v\u00e9nements pour Septembre 2025<\/p>\n<tr>\n                      Septembre 2025<br \/>\n                    <\/tr>\n<tr>\n                      mardi 9<\/p>\n<td>18h00 &#8211; 20h00<\/td>\n<\/tr>\n","protected":false},"excerpt":{"rendered":"Rencontre &#8211; Forum Culture &#8211; Loisirs Nantes,\u00a0 Malakoff &#8211; Saint-Donatien Forum des associations qui animeront la G\u00e9n\u00e9rale cette&hellip;\n","protected":false},"author":2,"featured_media":365443,"comment_status":"","ping_status":"","sticky":false,"template":"","format":"standard","meta":{"footnotes":""},"categories":[2818],"tags":[1111,11,1777,674,1011,27,766,12,2636,25],"class_list":{"0":"post-365442","1":"post","2":"type-post","3":"status-publish","4":"format-standard","5":"has-post-thumbnail","7":"category-nantes","8":"tag-actu","9":"tag-actualites","10":"tag-eu","11":"tag-europe","12":"tag-fr","13":"tag-france","14":"tag-nantes","15":"tag-news","16":"tag-pays-de-la-loire","17":"tag-republique-francaise"},"share_on_mastodon":{"url":"https:\/\/pubeurope.com\/@fr\/115145520112993231","error":""},"_links":{"self":[{"href":"https:\/\/www.europesays.com\/fr\/wp-json\/wp\/v2\/posts\/365442","targetHints":{"allow":["GET"]}}],"collection":[{"href":"https:\/\/www.europesays.com\/fr\/wp-json\/wp\/v2\/posts"}],"about":[{"href":"https:\/\/www.europesays.com\/fr\/wp-json\/wp\/v2\/types\/post"}],"author":[{"embeddable":true,"href":"https:\/\/www.europesays.com\/fr\/wp-json\/wp\/v2\/users\/2"}],"replies":[{"embeddable":true,"href":"https:\/\/www.europesays.com\/fr\/wp-json\/wp\/v2\/comments?post=365442"}],"version-history":[{"count":0,"href":"https:\/\/www.europesays.com\/fr\/wp-json\/wp\/v2\/posts\/365442\/revisions"}],"wp:featuredmedia":[{"embeddable":true,"href":"https:\/\/www.europesays.com\/fr\/wp-json\/wp\/v2\/media\/365443"}],"wp:attachment":[{"href":"https:\/\/www.europesays.com\/fr\/wp-json\/wp\/v2\/media?parent=365442"}],"wp:term":[{"taxonomy":"category","embeddable":true,"href":"https:\/\/www.europesays.com\/fr\/wp-json\/wp\/v2\/categories?post=365442"},{"taxonomy":"post_tag","embeddable":true,"href":"https:\/\/www.europesays.com\/fr\/wp-json\/wp\/v2\/tags?post=365442"}],"curies":[{"name":"wp","href":"https:\/\/api.w.org\/{rel}","templated":true}]}}