{"id":365444,"date":"2025-09-04T10:19:09","date_gmt":"2025-09-04T10:19:09","guid":{"rendered":"https:\/\/www.europesays.com\/fr\/365444\/"},"modified":"2025-09-04T10:19:09","modified_gmt":"2025-09-04T10:19:09","slug":"peripherique-pont-de-chevire-transports-le-point-sur-les-blocages-du-10-septembre-a-nantes","status":"publish","type":"post","link":"https:\/\/www.europesays.com\/fr\/365444\/","title":{"rendered":"P\u00e9riph\u00e9rique, pont de Chevir\u00e9, transports\u2026 Le point sur les blocages du 10 septembre \u00e0 Nantes"},"content":{"rendered":"<p>            Par<br \/>\n        <strong><br \/>\n            <a href=\"https:\/\/actu.fr\/auteur\/thomas-bernard\" title=\"Consulter tous les articles de Thomas Bernard\" target=\"_blank\" rel=\"noopener\">Thomas Bernard<\/a><br \/>\n        <\/strong><\/p>\n<p>        Publi\u00e9 le<\/p>\n<p>            4 sept. 2025 \u00e0 11h56<br \/>\n        ; mis \u00e0 jour le 4 sept. 2025 \u00e0 11h57    <\/p>\n<p>\u00ab\u2009Bloquons tout\u2009\u00bb. C\u2019est le mot d\u2019ordre de la rentr\u00e9e sociale en France. Des appels \u00e0 manifester et aux gr\u00e8ves ont \u00e9t\u00e9 lanc\u00e9s en France pour <strong>la journ\u00e9e du mercredi 10\u00a0septembre 2025<\/strong>. Une journ\u00e9e pour d\u00e9noncer <a href=\"https:\/\/actu.fr\/economie\/direct-suppression-de-jours-feries-gel-des-retraites-suivez-les-annonces-de-francois-bayrou-sur-le-budget_62912955.html\" target=\"_blank\" rel=\"noopener\">les projets budg\u00e9taires annonc\u00e9s par Fran\u00e7ois Bayrou<\/a>. Un premier ministre qui pourrait tomber avec son gouvernement, d\u00e8s le lundi 8\u00a0septembre 2025, <a href=\"https:\/\/actu.fr\/politique\/francois-bayrou-demande-un-vote-de-confiance-c-est-quoi-ce-mecanisme-qui-peut-faire-tomber-son-gouvernement_63075350.html\" target=\"_blank\" rel=\"noopener\">\u00e0 l\u2019issue du vote de confiance au Parlement<\/a>.<\/p>\n<p class=\" wall-content\">\u00c0 <strong>Nantes<\/strong>, plusieurs mobilisations sont pr\u00e9vues pour d\u00e9noncer \u00ab\u2009les injustices\u2009\u00bb, \u00ab\u2009l\u2019aust\u00e9rit\u00e9\u2009\u00bb ou bien demander l\u2019augmentation des salaires. La r\u00e9daction d\u2019<a href=\"https:\/\/actu.fr\/nantes\/\" target=\"_blank\" rel=\"noopener\">actu Nantes<\/a> fait le point sur les diverses actions annonc\u00e9es.<\/p>\n<p>Des blocages pour paralyser le p\u00e9riph\u00e9rique<\/p>\n<p class=\" wall-content\">Ce samedi 30\u00a0ao\u00fbt 2025, une assembl\u00e9e g\u00e9n\u00e9rale citoyenne, r\u00e9unissant <strong>plus de 500\u00a0personnes<\/strong>, s\u2019est tenue sous les Nefs des Machines de l\u2019\u00eele. Une r\u00e9union au cours de laquelle divers collectifs se sont coordonn\u00e9s pour organiser la mobilisation du 10\u00a0septembre \u00e0 Nantes.<\/p>\n<p class=\" wall-content\">Depuis ce rassemblement, <strong>trois points de blocage ont \u00e9t\u00e9 d\u00e9finis \u00e0 Nantes<\/strong>. Le but\u2009? \u00ab\u2009Paralyser le p\u00e9riph\u00e9rique\u2009\u00bb avec des rassemblements pr\u00e9vus d\u00e8s <strong>6\u2009h du matin sur des axes de circulation<\/strong> <strong>strat\u00e9giques<\/strong>\u2009: rue Rosa Parks (quartier Malakoff, pr\u00e8s de la Prairie de Mauves), au Cardo (au nord de Nantes) et au rond-point de la Janvraie pour bloquer l\u2019acc\u00e8s au <strong>pont de Chevir\u00e9.<\/strong><\/p>\n<p>    <a href=\"https:\/\/www.google.com\/maps\/d\/u\/0\/embed?mid=1G0bvbwLS_jae5ilIeBheQmlHY-2FJWA&amp;ehbc=2E312F\" title=\"Ouvrie le lien\" target=\"_blank\" rel=\"noopener\">Cliquez ici pour visualiser le contenu<\/a><\/p>\n<p>Gr\u00e8ves et mobilisation des syndicats<\/p>\n<p class=\" wall-content\">En compl\u00e9ment du mouvement citoyen, plusieurs mouvements syndicaux ont appel\u00e9 \u00e0 rejoindre la mobilisation du 10\u00a0septembre 2025, \u00e0 l\u2019instar du syndicat <strong><a href=\"https:\/\/www.facebook.com\/photo?fbid=702982942762610&amp;set=a.269803116080597\" target=\"_blank\" rel=\"noopener\">FO du CHU de Nantes<\/a><\/strong> qui appelle les hospitaliers \u00e0 se joindre aux points de blocage.<\/p>\n<p>Votre r\u00e9gion, votre actu !<\/p>\n<p>Recevez chaque jour les infos qui comptent pour vous.<\/p>\n<p>\t<a href=\"https:\/\/actu.fr\/newsletter\" class=\"ac-btn ac-btn--corner ac-btn--medium ac-btn--blue800\" target=\"_blank\" rel=\"noopener\">S&rsquo;incrire<\/a><\/p>\n<p class=\" wall-content\">Du c\u00f4t\u00e9 des transports, le syndicat<strong> FO Semitan<\/strong> a d\u00e9pos\u00e9 <a href=\"https:\/\/www.facebook.com\/photo?fbid=1301395681996506&amp;set=a.475457027923713\" target=\"_blank\" rel=\"noopener\">un pr\u00e9avis de gr\u00e8ve pour la journ\u00e9e du 10\u00a0septembre 2025<\/a>. <a href=\"https:\/\/actu.fr\/pays-de-la-loire\/nantes_44109\/bus-navibus-parking-les-nouvelles-offres-de-transports-en-commun-pour-la-rentree-a-nantes_63077010.html\" target=\"_blank\" rel=\"noopener\">Le r\u00e9seau de transports en commun Naolib<\/a> pourrait \u00eatre perturb\u00e9 dans la m\u00e9tropole nantaise.<\/p>\n<p class=\" wall-content\"><strong>Le syndicat Sud Rail Pays de la Loire<\/strong> a d\u00e9pos\u00e9 un pr\u00e9avis <a href=\"https:\/\/www.facebook.com\/photo\/?fbid=1077349584578092&amp;set=a.341881861458205\" target=\"_blank\" rel=\"noopener\">de gr\u00e8ve \u00e0 partir du mardi 9\u00a0septembre \u00e0 20\u2009h<\/a>. Le syndicat demande aux cheminots de participer aux diff\u00e9rentes actions organis\u00e9es le 10\u00a0septembre dans la r\u00e9gion.<\/p>\n<p class=\" wall-content\">Comme relay\u00e9 par la <a href=\"https:\/\/lacgt44.fr\/spip.php?article4180\" target=\"_blank\" rel=\"noopener\">CGT 44<\/a>, l\u2019intersyndicale annonce une autre journ\u00e9e de mobilisation le jeudi 18\u00a0septembre.<\/p>\n<p>Des rassemblements en ville<\/p>\n<p class=\" wall-content\">Le lundi 8\u00a0septembre, plusieurs rassemblements sont pr\u00e9vus devant les mairies \u00ab\u2009pour f\u00eater la chute du gouvernement\u2009\u00bb, apr\u00e8s le vote de confiance au Parlement qui pourrait sceller le sort du premier ministre Fran\u00e7ois Bayrou et de ses ministres.<\/p>\n<p class=\" wall-content\">Le syndicat \u00e9tudiant <strong>Union Pirate<\/strong> pr\u00e9voit<a href=\"https:\/\/www.facebook.com\/photo?fbid=783637247729098&amp;set=pcb.783637281062428&amp;locale=fr_FR\" target=\"_blank\" rel=\"noopener\"> une manifestation devant la mairie de Nantes en fin de soir\u00e9e<\/a>.<\/p>\n<p class=\" wall-content\">Le mouvement citoyen \u00ab\u2009Bloquons tout\u2009\u00bb du 10\u00a0septembre, qui appelle \u00ab\u2009\u00e0 construire la gr\u00e8ve partout o\u00f9 c\u2019est possible\u2009\u00bb, organise plusieurs mobilisations en France. Selon une <a href=\"https:\/\/www.google.fr\/maps\/d\/u\/0\/viewer?mid=1DABzhCcEmWjyWlzmoO9o4IJGLg9Aab8&amp;femb=1&amp;ll=46.61753808707932%2C-1.3255999323759746&amp;z=7\" target=\"_blank\" rel=\"noopener\">carte publi\u00e9e sur leur site internet<\/a>, un rassemblement est pr\u00e9vu le mercredi 10\u00a0septembre \u00e0 <strong>11\u2009h, cours Saint-Andr\u00e9<\/strong> dans le centre-ville de Nantes.<\/p>\n<p class=\" wall-content\">Personnalisez votre actualit\u00e9 en ajoutant vos villes et m\u00e9dias en favori avec <a href=\"https:\/\/moncompte.actu.fr\" title=\"D\u00e9couvez Mon Actu\" rel=\"nofollow noopener\" data-trk=\"{&quot;cta&quot;:{&quot;action&quot;:&quot;https:\\\/\\\/moncompte.actu.fr&quot;,&quot;category&quot;:&quot;mon compte&quot;,&quot;from&quot;:&quot;article footer&quot;,&quot;name&quot;:&quot;Mon actu&quot;,&quot;type&quot;:&quot;cta&quot;}}\" target=\"_blank\">Mon Actu<\/a>.<\/p>\n","protected":false},"excerpt":{"rendered":"Par Thomas Bernard Publi\u00e9 le 4 sept. 2025 \u00e0 11h56 ; mis \u00e0 jour le 4 sept. 2025&hellip;\n","protected":false},"author":2,"featured_media":365445,"comment_status":"","ping_status":"","sticky":false,"template":"","format":"standard","meta":{"footnotes":""},"categories":[2818],"tags":[1111,11,1777,674,1011,27,6151,1272,766,12,2636,4013,25,104],"class_list":{"0":"post-365444","1":"post","2":"type-post","3":"status-publish","4":"format-standard","5":"has-post-thumbnail","7":"category-nantes","8":"tag-actu","9":"tag-actualites","10":"tag-eu","11":"tag-europe","12":"tag-fr","13":"tag-france","14":"tag-greve","15":"tag-manifestations","16":"tag-nantes","17":"tag-news","18":"tag-pays-de-la-loire","19":"tag-peripherique","20":"tag-republique-francaise","21":"tag-societe"},"share_on_mastodon":{"url":"https:\/\/pubeurope.com\/@fr\/115145524093652487","error":""},"_links":{"self":[{"href":"https:\/\/www.europesays.com\/fr\/wp-json\/wp\/v2\/posts\/365444","targetHints":{"allow":["GET"]}}],"collection":[{"href":"https:\/\/www.europesays.com\/fr\/wp-json\/wp\/v2\/posts"}],"about":[{"href":"https:\/\/www.europesays.com\/fr\/wp-json\/wp\/v2\/types\/post"}],"author":[{"embeddable":true,"href":"https:\/\/www.europesays.com\/fr\/wp-json\/wp\/v2\/users\/2"}],"replies":[{"embeddable":true,"href":"https:\/\/www.europesays.com\/fr\/wp-json\/wp\/v2\/comments?post=365444"}],"version-history":[{"count":0,"href":"https:\/\/www.europesays.com\/fr\/wp-json\/wp\/v2\/posts\/365444\/revisions"}],"wp:featuredmedia":[{"embeddable":true,"href":"https:\/\/www.europesays.com\/fr\/wp-json\/wp\/v2\/media\/365445"}],"wp:attachment":[{"href":"https:\/\/www.europesays.com\/fr\/wp-json\/wp\/v2\/media?parent=365444"}],"wp:term":[{"taxonomy":"category","embeddable":true,"href":"https:\/\/www.europesays.com\/fr\/wp-json\/wp\/v2\/categories?post=365444"},{"taxonomy":"post_tag","embeddable":true,"href":"https:\/\/www.europesays.com\/fr\/wp-json\/wp\/v2\/tags?post=365444"}],"curies":[{"name":"wp","href":"https:\/\/api.w.org\/{rel}","templated":true}]}}