{"id":365446,"date":"2025-09-04T10:20:12","date_gmt":"2025-09-04T10:20:12","guid":{"rendered":"https:\/\/www.europesays.com\/fr\/365446\/"},"modified":"2025-09-04T10:20:12","modified_gmt":"2025-09-04T10:20:12","slug":"des-interruptions-de-trafic-des-trains-en-gironde-ce-week-end","status":"publish","type":"post","link":"https:\/\/www.europesays.com\/fr\/365446\/","title":{"rendered":"Des interruptions de trafic des trains en Gironde ce week-end !"},"content":{"rendered":"<p>Les voyageurs empruntant les lignes r\u00e9gionales entre Bordeaux et Coutras doivent se pr\u00e9parer \u00e0 des perturbations importantes au cours des deux premiers week-ends de septembre 2025. <\/p>\n<p>SNCF R\u00e9seau a programm\u00e9 des travaux d\u2019envergure sur cette portion strat\u00e9gique, entra\u00eenant une interruption totale de la circulation ferroviaire du samedi 6 au dimanche 7 septembre en fin d\u2019apr\u00e8s-midi, puis du samedi 13 au dimanche 14 septembre, \u00e9galement jusqu\u2019en fin de journ\u00e9e.<\/p>\n<p><img fetchpriority=\"high\" decoding=\"async\" width=\"1024\" height=\"683\" src=\"https:\/\/www.europesays.com\/fr\/wp-content\/uploads\/2025\/09\/travaux-sncf-2-1024x683.jpg\" alt=\"\" class=\"wp-image-83078\"  \/>SNCF R\u00e9seau interrompt la circulation Bordeaux-Coutras deux week-ends de septembre. Objectif : moderniser infrastructures et s\u00e9curit\u00e9, avec substitution par autocars pour voyageurs concern\u00e9s. Cr\u00e9dit : SNCF<\/p>\n<p>Lignes concern\u00e9es<\/p>\n<p>Cinq lignes seront directement impact\u00e9es par ces interruptions :<\/p>\n<ul class=\"wp-block-list\">\n<li><strong>Ligne 13<\/strong> : Angoul\u00eame \u2013 Bordeaux<\/li>\n<li><strong>Ligne 31<\/strong> : Bordeaux \u2013 Limoges<\/li>\n<li><strong>Ligne 32<\/strong> : Bordeaux \u2013 Brive<\/li>\n<li><strong>Ligne 33<\/strong> : Bordeaux \u2013 Sarlat<\/li>\n<li><strong>Ligne 41+<\/strong> : Arcachon \u2013 Coutras<\/li>\n<\/ul>\n<p>Ces axes assurent des liaisons essentielles, tant pour les d\u00e9placements quotidiens des habitants que pour les trajets de loisirs et de correspondances r\u00e9gionales. La coupure entre Bordeaux et Coutras concerne donc un large \u00e9ventail de voyageurs, depuis les usagers r\u00e9guliers jusqu\u2019aux touristes.<\/p>\n<p>Objectifs des travaux<\/p>\n<p><strong>SNCF R\u00e9seau justifie cette interruption par la n\u00e9cessit\u00e9 de r\u00e9aliser des op\u00e9rations de maintenance et de modernisation des infrastructures.<\/strong> Ces travaux visent \u00e0 renforcer la fiabilit\u00e9 des installations, am\u00e9liorer la s\u00e9curit\u00e9 des circulations et pr\u00e9parer le r\u00e9seau \u00e0 de futurs besoins de trafic. Les op\u00e9rations concernent notamment la voie ferr\u00e9e, les cat\u00e9naires et certains \u00e9quipements techniques. Bien que contraignantes \u00e0 court terme, elles doivent permettre \u00e0 terme d\u2019assurer un service plus robuste et ponctuel.<\/p>\n<p>Dispositif de substitution<\/p>\n<p><strong>Pour limiter l\u2019impact sur les d\u00e9placements, un service de substitution par autocars sera mis en place entre Bordeaux et Coutras durant toute la p\u00e9riode des travaux. <\/strong>Les voyageurs qui ne peuvent reporter leur trajet seront invit\u00e9s \u00e0 utiliser ces cars de remplacement. Les arr\u00eats ont \u00e9t\u00e9 pr\u00e9vus pour desservir les principales gares interm\u00e9diaires et garantir la continuit\u00e9 des correspondances vers les autres lignes du r\u00e9seau r\u00e9gional.<\/p>\n<p><img loading=\"lazy\" decoding=\"async\" width=\"1024\" height=\"818\" src=\"https:\/\/www.europesays.com\/fr\/wp-content\/uploads\/2025\/09\/travaux-sncf-1024x818.jpg\" alt=\"\" class=\"wp-image-83079\"  \/>En septembre, les travaux entre Bordeaux et Coutras bloqueront cinq lignes ferroviaires. Des autocars assureront la continuit\u00e9, mais les trajets seront rallong\u00e9s. Cr\u00e9dit : SNCF<\/p>\n<p>Conseils aux voyageurs<\/p>\n<p><strong>La SNCF recommande aux usagers d\u2019anticiper leurs d\u00e9placements<\/strong> en consultant les horaires adapt\u00e9s sur les canaux habituels (site internet, application SNCF Connect, affichages en gare). Les temps de trajet risquent d\u2019\u00eatre allong\u00e9s en raison du passage par autocars, et il est conseill\u00e9 d\u2019arriver en avance pour organiser ses correspondances.<\/p>\n<p>Une \u00e9tape n\u00e9cessaire<\/p>\n<p>Si ces interruptions repr\u00e9sentent une contrainte pour de nombreux voyageurs, elles s\u2019inscrivent dans un vaste <strong>programme d\u2019investissement destin\u00e9 \u00e0 moderniser le r\u00e9seau ferroviaire de Nouvelle-Aquitaine<\/strong>. L\u2019objectif est de maintenir une infrastructure performante, capable de r\u00e9pondre \u00e0 la croissance du trafic et aux attentes en mati\u00e8re de mobilit\u00e9 durable.<\/p>\n<p>N\u2019h\u00e9sitez pas a verifier les horaires de vos trains sur <a href=\"https:\/\/www.ter.sncf.com\/nouvelle-aquitaine\/se-deplacer\/fiches-horaires\" rel=\"nofollow noopener\" target=\"_blank\">le site officiel de la SNCF<\/a>.<\/p>\n<p>A lire aussi : <a href=\"https:\/\/www.bougerabordeaux.com\/actu\/nouvelle-aquitaine-le-credit-agricole-aquitaine-relance-son-soutien-aux-etudiants\/\" rel=\"nofollow noopener\" target=\"_blank\">Nouvelle Aquitaine : le Cr\u00e9dit Agricole Aquitaine relance son soutien aux \u00e9tudiants<\/a><\/p>\n","protected":false},"excerpt":{"rendered":"Les voyageurs empruntant les lignes r\u00e9gionales entre Bordeaux et Coutras doivent se pr\u00e9parer \u00e0 des perturbations importantes au&hellip;\n","protected":false},"author":2,"featured_media":365447,"comment_status":"","ping_status":"","sticky":false,"template":"","format":"standard","meta":{"footnotes":""},"categories":[2817],"tags":[1111,11,1997,1777,674,1011,27,12,2219,25],"class_list":{"0":"post-365446","1":"post","2":"type-post","3":"status-publish","4":"format-standard","5":"has-post-thumbnail","7":"category-bordeaux","8":"tag-actu","9":"tag-actualites","10":"tag-bordeaux","11":"tag-eu","12":"tag-europe","13":"tag-fr","14":"tag-france","15":"tag-news","16":"tag-nouvelle-aquitaine","17":"tag-republique-francaise"},"share_on_mastodon":{"url":"https:\/\/pubeurope.com\/@fr\/115145528098575267","error":""},"_links":{"self":[{"href":"https:\/\/www.europesays.com\/fr\/wp-json\/wp\/v2\/posts\/365446","targetHints":{"allow":["GET"]}}],"collection":[{"href":"https:\/\/www.europesays.com\/fr\/wp-json\/wp\/v2\/posts"}],"about":[{"href":"https:\/\/www.europesays.com\/fr\/wp-json\/wp\/v2\/types\/post"}],"author":[{"embeddable":true,"href":"https:\/\/www.europesays.com\/fr\/wp-json\/wp\/v2\/users\/2"}],"replies":[{"embeddable":true,"href":"https:\/\/www.europesays.com\/fr\/wp-json\/wp\/v2\/comments?post=365446"}],"version-history":[{"count":0,"href":"https:\/\/www.europesays.com\/fr\/wp-json\/wp\/v2\/posts\/365446\/revisions"}],"wp:featuredmedia":[{"embeddable":true,"href":"https:\/\/www.europesays.com\/fr\/wp-json\/wp\/v2\/media\/365447"}],"wp:attachment":[{"href":"https:\/\/www.europesays.com\/fr\/wp-json\/wp\/v2\/media?parent=365446"}],"wp:term":[{"taxonomy":"category","embeddable":true,"href":"https:\/\/www.europesays.com\/fr\/wp-json\/wp\/v2\/categories?post=365446"},{"taxonomy":"post_tag","embeddable":true,"href":"https:\/\/www.europesays.com\/fr\/wp-json\/wp\/v2\/tags?post=365446"}],"curies":[{"name":"wp","href":"https:\/\/api.w.org\/{rel}","templated":true}]}}