{"id":365450,"date":"2025-09-04T10:22:10","date_gmt":"2025-09-04T10:22:10","guid":{"rendered":"https:\/\/www.europesays.com\/fr\/365450\/"},"modified":"2025-09-04T10:22:10","modified_gmt":"2025-09-04T10:22:10","slug":"nouvelle-fusillade-dans-une-cite-a-toulouse-une-vingtaine-de-coups-de-feu-un-vehicule-retrouve-incendie","status":"publish","type":"post","link":"https:\/\/www.europesays.com\/fr\/365450\/","title":{"rendered":"Nouvelle fusillade dans une cit\u00e9 \u00e0 Toulouse\u00a0: une vingtaine de coups de feu, un v\u00e9hicule retrouv\u00e9 incendi\u00e9"},"content":{"rendered":"<p>\n                                                                    l&rsquo;essentiel<br \/>\n                                                                Vingt-quatre heures apr\u00e8s qu\u2019une patrouille de police a \u00e9t\u00e9 vis\u00e9e par un homme arm\u00e9 au Mirail, de nouveaux tirs ont \u00e9clat\u00e9 dans la nuit de mercredi \u00e0 jeudi, cheminement Louis-Auriacombe. Une vingtaine de douilles ont \u00e9t\u00e9 retrouv\u00e9es sur place.\n                            <\/p>\n<p data-end=\"632\" data-start=\"250\">Les nuits se suivent et se ressemblent dans le Grand Mirail, \u00e0 Toulouse. Apr\u00e8s une premi\u00e8re nuit de tirs dans la cit\u00e9 de Bellefontaine, o\u00f9 des policiers avaient \u00e9t\u00e9 directement vis\u00e9s, de nouvelles d\u00e9tonations ont retenti\u00a0vingt-quatre heures plus tard dans le m\u00eame secteur. Dans la nuit de mercredi \u00e0 jeudi, \u00e0 3\u00a0h\u00a020, un \u00e9quipage est envoy\u00e9 cheminement Louis-Auriacombe, alert\u00e9 apr\u00e8s trois rafales entendues.<\/p>\n<p class=\"std-elt__inline\">\n        <strong>\u00c0 lire aussi :<\/strong><br \/>\n        <a href=\"https:\/\/www.ladepeche.fr\/2025\/09\/03\/info-la-depeche-fusillade-dans-une-cite-toulousaine-des-policiers-vises-par-un-homme-arme-12907934.php\" rel=\"nofollow noopener\" target=\"_blank\">INFO LA D\u00c9P\u00caCHE. Fusillade dans une cit\u00e9 toulousaine\u00a0: des policiers vis\u00e9s par un homme arm\u00e9<\/a>\n    <\/p>\n<p data-end=\"1034\" data-start=\"634\">Sur place, les agents d\u00e9couvrent une vingtaine de douilles de petit calibre \u00e9parpill\u00e9es sur le bitume. Aucun bless\u00e9 ni d\u00e9gradation n\u2019est constat\u00e9, mais plusieurs t\u00e9moins indiquent avoir vu trois individus quitter les lieux pr\u00e9cipitamment. Les fuyards, arriv\u00e9s \u00e0 bord d\u2019un v\u00e9hicule d\u00e9clar\u00e9 vol\u00e9, disparaissent dans la nuit. La voiture est retrouv\u00e9e peu apr\u00e8s incendi\u00e9e dans la cit\u00e9 de Bellefontaine. Le trajet inverse de celui effectu\u00e9 par l\u2019\u00e9quipe qui a fait feu la nuit derni\u00e8re.<\/p>\n<p>La veille, les balles faisaient trembler Bellefontaine<\/p>\n<p class=\"std-elt__inline\">\n        <strong>\u00c0 lire aussi :<\/strong><br \/>\n        <a href=\"https:\/\/www.ladepeche.fr\/2025\/08\/10\/info-la-depeche-plusieurs-appartements-vises-par-des-coups-de-feu-a-toulouse-le-tireur-en-fuite-12869351.php\" rel=\"nofollow noopener\" target=\"_blank\">INFO LA DEPECHE. Plusieurs appartements vis\u00e9s par des coups de feu \u00e0 Toulouse, le tireur en fuite<\/a>\n    <\/p>\n<p data-end=\"1466\" data-start=\"1036\">Au chemin de Lestang, toujours dans le p\u00e9rim\u00e8tre du grand Mirail, une patrouille avait \u00e9t\u00e9 confront\u00e9e \u00e0 un groupe d\u2019hommes dont l\u2019un, arm\u00e9 d\u2019un fusil, avait braqu\u00e9 son canon en direction des policiers avant de prendre la fuite. Plusieurs impacts de gros calibre avaient alors \u00e9t\u00e9 relev\u00e9s sur la fa\u00e7ade d\u2019un immeuble et sur des v\u00e9hicules stationn\u00e9s.<\/p>\n<p data-end=\"1776\" data-start=\"1468\">La proximit\u00e9 temporelle et g\u00e9ographique de ces deux affaires interroge les enqu\u00eateurs. S\u2019agit-il de coups de semonce li\u00e9s \u00e0 des rivalit\u00e9s entre groupes\u00a0? D\u2019une d\u00e9monstration de force sur fond de trafic de stup\u00e9fiants\u00a0? Toutes les hypoth\u00e8ses restent ouvertes.<\/p>\n<p class=\"std-elt__inline\">\n        <strong>\u00c0 lire aussi :<\/strong><br \/>\n        <a href=\"https:\/\/www.ladepeche.fr\/2025\/08\/18\/info-la-depeche-meurtre-dun-jeune-homme-a-bellefontaine-drogue-douille-scooter-incendie-les-premiers-elements-de-lenquete-12881781.php\" rel=\"nofollow noopener\" target=\"_blank\">INFO LA D\u00c9P\u00caCHE. Meurtre d\u2019un jeune homme \u00e0 Bellefontaine\u00a0: drogue, douille, scooter incendi\u00e9\u2026 Les premiers \u00e9l\u00e9ments de l\u2019enqu\u00eate<\/a>\n    <\/p>\n<p data-end=\"2120\" data-start=\"1778\">Les cit\u00e9s du Mirail connaissent une multiplication des fusillades nocturnes, souvent men\u00e9es avec des armes de guerre ou des pistolets automatiques. Une guerre de territoire semble se dessiner\u2026<\/p>\n","protected":false},"excerpt":{"rendered":"l&rsquo;essentiel Vingt-quatre heures apr\u00e8s qu\u2019une patrouille de police a \u00e9t\u00e9 vis\u00e9e par un homme arm\u00e9 au Mirail, de&hellip;\n","protected":false},"author":2,"featured_media":365451,"comment_status":"","ping_status":"","sticky":false,"template":"","format":"standard","meta":{"footnotes":""},"categories":[2816],"tags":[1111,11,1777,674,1011,27,12,2680,25,2312],"class_list":{"0":"post-365450","1":"post","2":"type-post","3":"status-publish","4":"format-standard","5":"has-post-thumbnail","7":"category-toulouse","8":"tag-actu","9":"tag-actualites","10":"tag-eu","11":"tag-europe","12":"tag-fr","13":"tag-france","14":"tag-news","15":"tag-occitanie","16":"tag-republique-francaise","17":"tag-toulouse"},"share_on_mastodon":{"url":"https:\/\/pubeurope.com\/@fr\/115145535877935056","error":""},"_links":{"self":[{"href":"https:\/\/www.europesays.com\/fr\/wp-json\/wp\/v2\/posts\/365450","targetHints":{"allow":["GET"]}}],"collection":[{"href":"https:\/\/www.europesays.com\/fr\/wp-json\/wp\/v2\/posts"}],"about":[{"href":"https:\/\/www.europesays.com\/fr\/wp-json\/wp\/v2\/types\/post"}],"author":[{"embeddable":true,"href":"https:\/\/www.europesays.com\/fr\/wp-json\/wp\/v2\/users\/2"}],"replies":[{"embeddable":true,"href":"https:\/\/www.europesays.com\/fr\/wp-json\/wp\/v2\/comments?post=365450"}],"version-history":[{"count":0,"href":"https:\/\/www.europesays.com\/fr\/wp-json\/wp\/v2\/posts\/365450\/revisions"}],"wp:featuredmedia":[{"embeddable":true,"href":"https:\/\/www.europesays.com\/fr\/wp-json\/wp\/v2\/media\/365451"}],"wp:attachment":[{"href":"https:\/\/www.europesays.com\/fr\/wp-json\/wp\/v2\/media?parent=365450"}],"wp:term":[{"taxonomy":"category","embeddable":true,"href":"https:\/\/www.europesays.com\/fr\/wp-json\/wp\/v2\/categories?post=365450"},{"taxonomy":"post_tag","embeddable":true,"href":"https:\/\/www.europesays.com\/fr\/wp-json\/wp\/v2\/tags?post=365450"}],"curies":[{"name":"wp","href":"https:\/\/api.w.org\/{rel}","templated":true}]}}