{"id":365452,"date":"2025-09-04T10:23:12","date_gmt":"2025-09-04T10:23:12","guid":{"rendered":"https:\/\/www.europesays.com\/fr\/365452\/"},"modified":"2025-09-04T10:23:12","modified_gmt":"2025-09-04T10:23:12","slug":"les-rues-ou-la-circulation-et-le-stationnement-sont-interdits","status":"publish","type":"post","link":"https:\/\/www.europesays.com\/fr\/365452\/","title":{"rendered":"les rues o\u00f9 la circulation et le stationnement sont interdits"},"content":{"rendered":"<p>            Par<br \/>\n        <strong><br \/>\n            <a href=\"https:\/\/actu.fr\/auteur\/mareva-laville-actu-fr\" title=\"Consulter tous les articles de Mar\u00e9va Laville\" rel=\"nofollow noopener\" target=\"_blank\">Mar\u00e9va Laville<\/a><br \/>\n        <\/strong><\/p>\n<p>        Publi\u00e9 le<\/p>\n<p>            4 sept. 2025 \u00e0 12h06        <\/p>\n<p>Bient\u00f4t le coup d\u2019envoi\u2009! <a href=\"https:\/\/actu.fr\/occitanie\/toulouse_31555\/sortir-a-toulouse-fete-de-la-petanque-braderie-12-idees-a-faire-pour-le-premier-week-end-de-septembre_63102306.html\" rel=\"nofollow noopener\" target=\"_blank\">Dimanche 7\u00a0septembre, les coureurs des <strong>10\u00a0km du Stade<\/strong><\/a> s\u2019\u00e9lanceront \u00e0 10\u00a0heures depuis le Stade Ernest-Wallon pour une course de 10\u00a0km pour les adultes, et deux plus petites pour les enfants. Direction\u2026 les places phares de <a href=\"http:\/\/www.actu.fr\/toulouse\" rel=\"nofollow noopener\" target=\"_blank\"><strong>Toulouse<\/strong><\/a>. Les sportifs longeront la Garonne, en passant par le Ponts des Catalans jusqu\u2019\u00e0 la Prairie des Filtres, mais aussi la place Saint-Pierre et les Ponts-Jumeaux.<\/p>\n<p>    <img   decoding=\"async\" loading=\"lazy\" src=\"https:\/\/www.europesays.com\/fr\/wp-content\/uploads\/2025\/09\/plan10km-772x640.jpg\" alt=\"Voici le parcours des 10 km du Stade.\" width=\"772\" height=\"640\"\/><br \/>\n    Voici le parcours des 10\u00a0km du Stade. (\u00a9Toulouse M\u00e9tropole)<\/p>\n<p class=\" wall-content\">Un parcours qui n\u2019est donc pas sans <strong>impacter la circulation des voitures et v\u00e9los<\/strong> sur les routes, ainsi que les <strong>stationnements<\/strong>. Voici les rues concern\u00e9es par les interdictions\u2026<\/p>\n<p>De circulation en voiture<\/p>\n<ul class=\" wall-content\">\n<li>Rue des Tro\u00e8nes en totalit\u00e9<\/li>\n<li>Rue Pablo Casal<\/li>\n<li>Rue Gayral<\/li>\n<li>Rue Giacomo Puccini<\/li>\n<li>Rue des Peupliers<\/li>\n<li>Rue Duruy<\/li>\n<li>Rue Schumann<\/li>\n<li>Route de Blagnac<\/li>\n<li>Port de l\u2019Embouchure<\/li>\n<li>Rue Paul Bernies<\/li>\n<li>Rue des Amidonniers<\/li>\n<li>Avenue de l\u2019Ancien V\u00e9lodrome<\/li>\n<li>Rue du Niger<\/li>\n<li>Avenue Paul S\u00e9journ\u00e9<\/li>\n<li>Pont des Catalans<\/li>\n<li>All\u00e9es Charles de Fitte<\/li>\n<li>Avenue du Ch\u00e2teau d\u2019eau<\/li>\n<li>Rue de Bourrassol<\/li>\n<li>Rue R\u00e9clusane<\/li>\n<li>Rue du Pont saint-Pierre<\/li>\n<li>Place de l\u2019Estrapade<\/li>\n<li>Rue de la R\u00e9publique<\/li>\n<li>Rue du Chapeau Rouge<\/li>\n<li>Pont Neuf<\/li>\n<li>Place Laganne<\/li>\n<li>Rue Laganne<\/li>\n<li>Pont Saint Michel<\/li>\n<li>Pont du halage de Tounis<\/li>\n<li>Avenue Maurice Hauriou<\/li>\n<li>Quai de Tounis<\/li>\n<li>Place de la Daurade<\/li>\n<li>Rue Malbec<\/li>\n<li>Rue Jean Suau<\/li>\n<li>Rue Fran\u00e7ois Boyer-Fonfr\u00e8de<\/li>\n<li>Rue des Blanchers<\/li>\n<li>Place Saint-Pierre<\/li>\n<li>Quai Saint-Pierre<\/li>\n<li>All\u00e9e de Barcelone<\/li>\n<li>Bd Armand Duportal<\/li>\n<li>All\u00e9es de Brienne<\/li>\n<li>Bd Lascrosses<\/li>\n<li>Rue du Brouardel<\/li>\n<li>Rue Louis-Fran\u00e7ois Lejeune<\/li>\n<li>Rue du B\u00e9arnais<\/li>\n<li>Ponts Jumeaux\/Bd de la Marquette<\/li>\n<li>Et un changement de sens de circulation de la rue Chairedon<\/li>\n<\/ul>\n<p>\u00c0 v\u00e9los<\/p>\n<ul class=\" wall-content\">\n<li>Rue des Tro\u00e8nes<\/li>\n<li>Rue Schumann<\/li>\n<li>Pont des Catalans<\/li>\n<li>All\u00e9es Charles de Fitte<\/li>\n<li>Rue de la R\u00e9publique<\/li>\n<li>Pont Neuf<\/li>\n<li>Pont Saint-Michel<\/li>\n<li>Arriv\u00e9e des 2 pistes cyclables avenue de Muret et acc\u00e8s sous le pont Prairie des Filtres<\/li>\n<li>Pont du Halage de Tounis<\/li>\n<li>Avenue Maurice Hauriou<\/li>\n<li>Acc\u00e8s rue de Metz\/Pont Neuf<\/li>\n<li>Place Saint-Pierre<\/li>\n<li>Rue du Pont Saint-Pierre<\/li>\n<li>Quai Saint-Pierre<\/li>\n<li>Bd Armand Duportal<\/li>\n<li>All\u00e9es de Barcelone<\/li>\n<li>Av Paul S\u00e9journ\u00e9\/travers\u00e9e du pont All de Barcelone<\/li>\n<li>Arriv\u00e9e du Bd de l\u2019Embouchure en direction du P\u00e9riph\u00e9rique<\/li>\n<li>Surveillance piste cyclable arrivant Bd de Suisse via le canal<\/li>\n<li>Neutralisation au niveau du pont de Fondeyre jusqu\u2019\u00e0 la sortie port de l\u2019Embouchure<\/li>\n<\/ul>\n<p>De stationnement<\/p>\n<p class=\" wall-content\">L\u2019interdiction de stationnement quant \u00e0 elle d\u00e9marrera d\u00e8s samedi 6\u00a0septembre \u00e0 minuit. Elle concerne la rue des Tro\u00e8nes, du stade Ernest-Wallon au croisement de la rue Schumann, la rue Schumann au croisement de la route de Blagnac, et la fin des all\u00e9es de Barcelone.<\/p>\n<p>Vid\u00e9os : en ce moment sur Actu<br \/>\n    <img   decoding=\"async\" loading=\"lazy\" src=\"https:\/\/www.europesays.com\/fr\/wp-content\/uploads\/2025\/09\/plan100kmbarcelone-960x640.jpg\" alt=\"Voici o\u00f9 il sera interdit de stationner d\u00e8s ce samedi 6 septembre 2025, minuit.\" width=\"960\" height=\"640\"\/><br \/>\n    Voici o\u00f9 il sera interdit de stationner d\u00e8s ce samedi 6\u00a0septembre 2025, minuit. (\u00a9Toulouse M\u00e9tropole)<\/p>\n<p class=\" wall-content\">Personnalisez votre actualit\u00e9 en ajoutant vos villes et m\u00e9dias en favori avec <a href=\"https:\/\/moncompte.actu.fr\" title=\"D\u00e9couvez Mon Actu\" rel=\"nofollow noopener\" data-trk=\"{&quot;cta&quot;:{&quot;action&quot;:&quot;https:\\\/\\\/moncompte.actu.fr&quot;,&quot;category&quot;:&quot;mon compte&quot;,&quot;from&quot;:&quot;article footer&quot;,&quot;name&quot;:&quot;Mon actu&quot;,&quot;type&quot;:&quot;cta&quot;}}\" target=\"_blank\">Mon Actu<\/a>.<\/p>\n","protected":false},"excerpt":{"rendered":"Par Mar\u00e9va Laville Publi\u00e9 le 4 sept. 2025 \u00e0 12h06 Bient\u00f4t le coup d\u2019envoi\u2009! Dimanche 7\u00a0septembre, les coureurs&hellip;\n","protected":false},"author":2,"featured_media":365453,"comment_status":"","ping_status":"","sticky":false,"template":"","format":"standard","meta":{"footnotes":""},"categories":[2816],"tags":[1111,11,1777,674,1011,27,12,2680,25,104,2312],"class_list":{"0":"post-365452","1":"post","2":"type-post","3":"status-publish","4":"format-standard","5":"has-post-thumbnail","7":"category-toulouse","8":"tag-actu","9":"tag-actualites","10":"tag-eu","11":"tag-europe","12":"tag-fr","13":"tag-france","14":"tag-news","15":"tag-occitanie","16":"tag-republique-francaise","17":"tag-societe","18":"tag-toulouse"},"share_on_mastodon":{"url":"https:\/\/pubeurope.com\/@fr\/115145540221535529","error":""},"_links":{"self":[{"href":"https:\/\/www.europesays.com\/fr\/wp-json\/wp\/v2\/posts\/365452","targetHints":{"allow":["GET"]}}],"collection":[{"href":"https:\/\/www.europesays.com\/fr\/wp-json\/wp\/v2\/posts"}],"about":[{"href":"https:\/\/www.europesays.com\/fr\/wp-json\/wp\/v2\/types\/post"}],"author":[{"embeddable":true,"href":"https:\/\/www.europesays.com\/fr\/wp-json\/wp\/v2\/users\/2"}],"replies":[{"embeddable":true,"href":"https:\/\/www.europesays.com\/fr\/wp-json\/wp\/v2\/comments?post=365452"}],"version-history":[{"count":0,"href":"https:\/\/www.europesays.com\/fr\/wp-json\/wp\/v2\/posts\/365452\/revisions"}],"wp:featuredmedia":[{"embeddable":true,"href":"https:\/\/www.europesays.com\/fr\/wp-json\/wp\/v2\/media\/365453"}],"wp:attachment":[{"href":"https:\/\/www.europesays.com\/fr\/wp-json\/wp\/v2\/media?parent=365452"}],"wp:term":[{"taxonomy":"category","embeddable":true,"href":"https:\/\/www.europesays.com\/fr\/wp-json\/wp\/v2\/categories?post=365452"},{"taxonomy":"post_tag","embeddable":true,"href":"https:\/\/www.europesays.com\/fr\/wp-json\/wp\/v2\/tags?post=365452"}],"curies":[{"name":"wp","href":"https:\/\/api.w.org\/{rel}","templated":true}]}}