{"id":365454,"date":"2025-09-04T10:25:12","date_gmt":"2025-09-04T10:25:12","guid":{"rendered":"https:\/\/www.europesays.com\/fr\/365454\/"},"modified":"2025-09-04T10:25:12","modified_gmt":"2025-09-04T10:25:12","slug":"lille-un-homme-condamne-a-12-ans-de-prison-pour-des-viols-et-violences-extremes-04-09-2025","status":"publish","type":"post","link":"https:\/\/www.europesays.com\/fr\/365454\/","title":{"rendered":"Lille : un homme condamn\u00e9 \u00e0 12 ans de prison pour des viols et violences extr\u00eames &#8211; 04\/09\/2025"},"content":{"rendered":"<p>  Une nuit d\u2019horreur dans le centre de LilleUne affaire de violences extr\u00eames a \u00e9t\u00e9 jug\u00e9e \u00e0 Douai. La cour criminelle d\u00e9partementale du Nord a rendu son verdict. L&rsquo;accus\u00e9 est un jeune homme nomm\u00e9 <strong>Hugo Brogniart<\/strong>. Il avait rencontr\u00e9 sa victime dans le centre de Lille. La jeune femme, pr\u00e9nomm\u00e9e M\u00e9lanie (pr\u00e9nom modifi\u00e9), a subi un calvaire. L&rsquo;agression s&rsquo;est d\u00e9roul\u00e9e dans la nuit du 3 au 4 ao\u00fbt 2022.Selon <a target=\"_blank\" href=\"https:\/\/www.lavoixdunord.fr\/1620689\/article\/2025-09-02\/une-femme-de-45-arretee-pour-agression-homophobe-tourcoing\" rel=\"nofollow noopener\"><strong>La Voix du Nord<\/strong><\/a>, l&rsquo;avocate de la victime, <strong>Me Sandrine Cazier<\/strong>, a \u00e9voqu\u00e9 une violence inou\u00efe. Elle a qualifi\u00e9 l&rsquo;agression de \u00ab s\u00e9quence d\u2019une tr\u00e8s grande violence, proche d\u2019actes de torture et de barbarie \u00bb. Les faits sont accablants. Il y a eu des gifles, des morsures et des coups de ceinturon. Le ceinturon \u00e9tait m\u00eame chauff\u00e9 \u00e0 blanc. La victime a subi au moins trois viols.La version de l&rsquo;agresseur et les preuves accablantesL&rsquo;accus\u00e9 a ni\u00e9 les viols dans un premier temps. Il a expliqu\u00e9 avoir \u00ab p\u00e9t\u00e9 les plombs \u00bb. Il aurait entendu des insultes racistes. La victime aurait dit cela apr\u00e8s une latte de canap\u00e9 cass\u00e9e. L&rsquo;homme a ensuite reconnu avoir impos\u00e9 deux fellations. Il a ni\u00e9 le troisi\u00e8me viol.Les preuves mat\u00e9rielles ont convaincu les juges. Un m\u00e9decin l\u00e9giste a relev\u00e9 29 ecchymoses sur le corps de M\u00e9lanie. Du sperme a \u00e9t\u00e9 retrouv\u00e9 sur la victime. Il y avait aussi un pr\u00e9servatif sur place. Ces \u00e9l\u00e9ments ont attest\u00e9 d&rsquo;un troisi\u00e8me viol. La cour a consid\u00e9r\u00e9 les fellations comme des viols caract\u00e9ris\u00e9s. Elles ont \u00e9t\u00e9 r\u00e9alis\u00e9es sans pr\u00e9servatif.Une condamnation \u00e0 12 ans de r\u00e9clusion criminelleL&rsquo;avocate g\u00e9n\u00e9rale avait requis 15 ans de prison. Elle demandait aussi un suivi sociojudiciaire de sept ans. La cour a statu\u00e9 apr\u00e8s deux jours d&rsquo;audience. <strong>Hugo Brogniart<\/strong> a \u00e9t\u00e9 condamn\u00e9. Sa peine est de 12 ans de r\u00e9clusion criminelle. S&rsquo;y ajoutent cinq ans de suivi sociojudiciaire. Il devra aussi respecter de multiples interdictions.L&rsquo;avocat de l&rsquo;accus\u00e9, <strong>Me Simon Dancoisne<\/strong>, s&rsquo;est montr\u00e9 mesur\u00e9. Il a salu\u00e9 la d\u00e9cision.\u00a0<\/p>\n<blockquote><p>\n\u00ab Douze ans, c\u2019est une peine \u00e9quilibr\u00e9e qui prend en compte la personnalit\u00e9 de mon client, reconnu <strong>MDPH<\/strong>, et la gravit\u00e9 de ses actes. \u00bb.\u00a0\n<\/p><\/blockquote>\n<p>Son client a finalement reconnu une partie des faits. Il a exprim\u00e9 des regrets. Il a formul\u00e9 des excuses. La peine est jug\u00e9e juste et sans appel de sa part.Un geste d\u2019apaisement de la justiceLa pr\u00e9sidente de la cour a expliqu\u00e9 la peine. L&rsquo;accus\u00e9 a reconnu les viols. Son comportement en d\u00e9tention est bon. Il accepte aussi sa prise en charge. La cour a estim\u00e9 qu&rsquo;il pouvait travailler sur son trouble. L&rsquo;expertise m\u00e9dicale de la victime va d\u00e9terminer l\u2019\u00e9tendue de ses pr\u00e9judices.Un moment rare s&rsquo;est produit. La m\u00e8re d&rsquo;<strong>Hugo Brogniart<\/strong> a fondu en larmes. L&rsquo;avocate g\u00e9n\u00e9rale l&rsquo;a r\u00e9confort\u00e9e. Elle lui a expliqu\u00e9 le sens de la peine prononc\u00e9e. Ce geste a apais\u00e9 la situation. Il a humanis\u00e9 ce moment difficile pour tous.\u00a0<\/p>\n","protected":false},"excerpt":{"rendered":"Une nuit d\u2019horreur dans le centre de LilleUne affaire de violences extr\u00eames a \u00e9t\u00e9 jug\u00e9e \u00e0 Douai. La&hellip;\n","protected":false},"author":2,"featured_media":365455,"comment_status":"","ping_status":"","sticky":false,"template":"","format":"standard","meta":{"footnotes":""},"categories":[2815],"tags":[1111,11,1777,674,1011,27,811,1307,12,25],"class_list":{"0":"post-365454","1":"post","2":"type-post","3":"status-publish","4":"format-standard","5":"has-post-thumbnail","7":"category-lille","8":"tag-actu","9":"tag-actualites","10":"tag-eu","11":"tag-europe","12":"tag-fr","13":"tag-france","14":"tag-hauts-de-france","15":"tag-lille","16":"tag-news","17":"tag-republique-francaise"},"share_on_mastodon":{"url":"https:\/\/pubeurope.com\/@fr\/115145547681124371","error":""},"_links":{"self":[{"href":"https:\/\/www.europesays.com\/fr\/wp-json\/wp\/v2\/posts\/365454","targetHints":{"allow":["GET"]}}],"collection":[{"href":"https:\/\/www.europesays.com\/fr\/wp-json\/wp\/v2\/posts"}],"about":[{"href":"https:\/\/www.europesays.com\/fr\/wp-json\/wp\/v2\/types\/post"}],"author":[{"embeddable":true,"href":"https:\/\/www.europesays.com\/fr\/wp-json\/wp\/v2\/users\/2"}],"replies":[{"embeddable":true,"href":"https:\/\/www.europesays.com\/fr\/wp-json\/wp\/v2\/comments?post=365454"}],"version-history":[{"count":0,"href":"https:\/\/www.europesays.com\/fr\/wp-json\/wp\/v2\/posts\/365454\/revisions"}],"wp:featuredmedia":[{"embeddable":true,"href":"https:\/\/www.europesays.com\/fr\/wp-json\/wp\/v2\/media\/365455"}],"wp:attachment":[{"href":"https:\/\/www.europesays.com\/fr\/wp-json\/wp\/v2\/media?parent=365454"}],"wp:term":[{"taxonomy":"category","embeddable":true,"href":"https:\/\/www.europesays.com\/fr\/wp-json\/wp\/v2\/categories?post=365454"},{"taxonomy":"post_tag","embeddable":true,"href":"https:\/\/www.europesays.com\/fr\/wp-json\/wp\/v2\/tags?post=365454"}],"curies":[{"name":"wp","href":"https:\/\/api.w.org\/{rel}","templated":true}]}}