{"id":365456,"date":"2025-09-04T10:26:12","date_gmt":"2025-09-04T10:26:12","guid":{"rendered":"https:\/\/www.europesays.com\/fr\/365456\/"},"modified":"2025-09-04T10:26:12","modified_gmt":"2025-09-04T10:26:12","slug":"face-aux-victimes-les-aveux-timides-de-julien-palisca-juge-pour-viols-sur-mineurs","status":"publish","type":"post","link":"https:\/\/www.europesays.com\/fr\/365456\/","title":{"rendered":"face aux victimes, les aveux timides de Julien Palisca jug\u00e9 pour viols sur mineurs"},"content":{"rendered":"<p>Les lourdes portes en bois de la cour criminelle des Bouches-du-Rh\u00f4ne se sont referm\u00e9es, ce mercredi 3\u00a0septembre au matin, sur le corps fr\u00eale d\u2019un jeune Philippin v\u00eatu d\u2019un t-shirt rouge. Entendu en visio depuis la prison de Manille o\u00f9 il est incarc\u00e9r\u00e9, son t\u00e9moignage a \u00e9t\u00e9 recueilli \u00e0 huis clos, suivi de celui de son jeune fr\u00e8re. \u00c2g\u00e9es de 15 et 11\u00a0ans au moment des faits, les victimes ont formellement reconnu <a href=\"https:\/\/www.laprovence.com\/article\/faits-divers-justice\/43384974989637\/un-policier-marseillais-de-la-brigade-de-protection-des-mineurs-de-marseille-juge-pour-viols-sur-deux-enfants\" target=\"_blank\" rel=\"noopener\">Julien Palisca, ancien policier de la brigade des mineurs de Marseille, accus\u00e9 de les avoir viol\u00e9es en septembre\u00a02018<\/a>, lors d\u2019un s\u00e9jour humanitaire effectu\u00e9 alors qu\u2019il pr\u00e9sidait l\u2019association Virlanie France. \u00ab\u00a0Il leur a pr\u00e9sent\u00e9 des excuses\u00a0\u00bb, soufflent des avocats, une fois la publicit\u00e9 des d\u00e9bats r\u00e9tablie.<\/p>\n<p>Des excuses, oui. Des aveux, aussi. Mais timides. Debout face \u00e0 la cour, l\u2019accus\u00e9 se tient tass\u00e9, les mains jointes et le regard fuyant. D\u2019un ton faiblard, il articule mal le r\u00e9cit de sa rencontre avec ces deux gamins des rues. L\u2019a\u00een\u00e9 d\u2019abord, puis le cadet. \u00ab\u00a0Il m\u2019a abord\u00e9, il voulait de l\u2019argent. Je suis parti mais il m\u2019a suivi, il \u00e9tait tr\u00e8s insistant, assure l\u2019ancien brigadier, incarc\u00e9r\u00e9 depuis quatre ans. Il s\u2019est assis pr\u00e8s de moi, a pris ma main et l\u2019a pos\u00e9e sur son &#8230;<\/p>\n","protected":false},"excerpt":{"rendered":"Les lourdes portes en bois de la cour criminelle des Bouches-du-Rh\u00f4ne se sont referm\u00e9es, ce mercredi 3\u00a0septembre au&hellip;\n","protected":false},"author":2,"featured_media":365457,"comment_status":"","ping_status":"","sticky":false,"template":"","format":"standard","meta":{"footnotes":""},"categories":[2814],"tags":[17,1111,11,1007,1777,674,2823,274,1011,27,151,884,12,49767,10910,882,25,2023],"class_list":{"0":"post-365456","1":"post","2":"type-post","3":"status-publish","4":"format-standard","5":"has-post-thumbnail","7":"category-marseille","8":"tag-17","9":"tag-actu","10":"tag-actualites","11":"tag-aux","12":"tag-eu","13":"tag-europe","14":"tag-face","15":"tag-faits-divers-justice","16":"tag-fr","17":"tag-france","18":"tag-les","19":"tag-marseille","20":"tag-news","21":"tag-pedophile","22":"tag-policier","23":"tag-provence-alpes-cote-dazur","24":"tag-republique-francaise","25":"tag-victimes"},"share_on_mastodon":{"url":"https:\/\/pubeurope.com\/@fr\/115145552141611651","error":""},"_links":{"self":[{"href":"https:\/\/www.europesays.com\/fr\/wp-json\/wp\/v2\/posts\/365456","targetHints":{"allow":["GET"]}}],"collection":[{"href":"https:\/\/www.europesays.com\/fr\/wp-json\/wp\/v2\/posts"}],"about":[{"href":"https:\/\/www.europesays.com\/fr\/wp-json\/wp\/v2\/types\/post"}],"author":[{"embeddable":true,"href":"https:\/\/www.europesays.com\/fr\/wp-json\/wp\/v2\/users\/2"}],"replies":[{"embeddable":true,"href":"https:\/\/www.europesays.com\/fr\/wp-json\/wp\/v2\/comments?post=365456"}],"version-history":[{"count":0,"href":"https:\/\/www.europesays.com\/fr\/wp-json\/wp\/v2\/posts\/365456\/revisions"}],"wp:featuredmedia":[{"embeddable":true,"href":"https:\/\/www.europesays.com\/fr\/wp-json\/wp\/v2\/media\/365457"}],"wp:attachment":[{"href":"https:\/\/www.europesays.com\/fr\/wp-json\/wp\/v2\/media?parent=365456"}],"wp:term":[{"taxonomy":"category","embeddable":true,"href":"https:\/\/www.europesays.com\/fr\/wp-json\/wp\/v2\/categories?post=365456"},{"taxonomy":"post_tag","embeddable":true,"href":"https:\/\/www.europesays.com\/fr\/wp-json\/wp\/v2\/tags?post=365456"}],"curies":[{"name":"wp","href":"https:\/\/api.w.org\/{rel}","templated":true}]}}