{"id":365458,"date":"2025-09-04T10:27:10","date_gmt":"2025-09-04T10:27:10","guid":{"rendered":"https:\/\/www.europesays.com\/fr\/365458\/"},"modified":"2025-09-04T10:27:10","modified_gmt":"2025-09-04T10:27:10","slug":"la-serie-israelienne-renonce-a-tourner-a-marseille-pour-des-raisons-autres-que-sa-securite","status":"publish","type":"post","link":"https:\/\/www.europesays.com\/fr\/365458\/","title":{"rendered":"La s\u00e9rie isra\u00e9lienne renonce \u00e0 tourner \u00e0 Marseille pour \u00ab\u00a0des raisons autres que sa s\u00e9curit\u00e9\u00a0\u00bb"},"content":{"rendered":"<p><a href=\"https:\/\/www.20minutes.fr\/marseille\/\" class=\"c-link c-link--is-underlined\" rel=\"nofollow noopener\" target=\"_blank\">Marseille <\/a>est Fanny\u00a0: alors qu\u2019une partie de la cinqui\u00e8me saison de <a href=\"https:\/\/www.20minutes.fr\/faits_divers\/4062075-20231113-guerre-hamas-israel-producteur-serie-netflix-israelienne-fauda-tue-gaza\" class=\"c-link c-link--is-underlined\" rel=\"nofollow noopener\" target=\"_blank\">Fauda<\/a>, une s\u00e9rie d\u2019espionnage <a href=\"https:\/\/www.20minutes.fr\/monde\/israel\/\" class=\"c-link c-link--is-underlined\" rel=\"nofollow noopener\" target=\"_blank\">isra\u00e9lienne<\/a>, devait y \u00eatre tourn\u00e9e, elle a \u00e9t\u00e9 d\u00e9localis\u00e9e vers <a href=\"https:\/\/www.20minutes.fr\/dossier\/budapest\" class=\"c-link c-link--is-underlined\" rel=\"nofollow noopener\" target=\"_blank\">Budapest<\/a>. Mais si des m\u00e9dias isra\u00e9liens imputent cette d\u00e9cision \u00e0 des \u00ab\u00a0probl\u00e8mes de s\u00e9curit\u00e9\u00a0\u00bb, la production de la s\u00e9rie d\u00e9ment, <a href=\"https:\/\/www.bfmtv.com\/people\/series\/fauda-saison-5-la-serie-israelienne-prefere-tourner-a-budapest-qu-a-marseille-pour-des-raisons-autres-que-sa-securite_AN-202509030842.html\" rel=\"nofollow noopener\" target=\"_blank\" class=\"c-link c-link--is-underlined\">rapporte BFMTV<\/a>.<\/p>\n<\/p>\n<p>\u00ab\u00a0Nous avons d\u00e9cid\u00e9 de d\u00e9placer le lieu de <a href=\"https:\/\/www.20minutes.fr\/dossier\/tournage\" class=\"c-link c-link--is-underlined\" rel=\"nofollow noopener\" target=\"_blank\">tournage <\/a>pour de nombreuses raisons autres que la s\u00e9curit\u00e9, nous avions d\u2019ailleurs d\u00e9j\u00e0 tourn\u00e9 \u00e0 Budapest par le pass\u00e9\u00a0\u00bb, s\u2019est ainsi justifi\u00e9e Liat Benasuly Amit, la productrice de Fauda, qui explique avoir ob\u00e9i \u00e0 des consid\u00e9rations logistiques et artistiques.<\/p>\n<p>La crainte d\u2019actes antis\u00e9mites\u00a0?<\/p>\n<p>Cette d\u00e9cision intervient pourtant apr\u00e8s la publication d\u2019un communiqu\u00e9 de la section Marseille-Provence du <a href=\"https:\/\/www.20minutes.fr\/dossier\/crif\" class=\"c-link c-link--is-underlined\" rel=\"nofollow noopener\" target=\"_blank\">CRIF<\/a> d\u00e9non\u00e7ant \u00ab\u00a0une succession d\u2019<a href=\"https:\/\/www.20minutes.fr\/dossier\/agression_antisemite\" class=\"c-link c-link--is-underlined\" rel=\"nofollow noopener\" target=\"_blank\">agressions antis\u00e9mites<\/a> d\u2019une gravit\u00e9 insupportable\u00a0\u00bb survenue lors du week-end des 30 et 31\u00a0ao\u00fbt 2025.<\/p>\n<blockquote class=\"twitter-tweet\" align=\"center\" data-lang=\"fr_FR\">\n<p lang=\"fr\" dir=\"ltr\">Comment Marseille peut-elle laisser l&rsquo;antis\u00e9mitisme s&rsquo;installer au point de dissuader les artistes ? <\/p>\n<p>La d\u00e9cision de la production de Fauda de quitter Marseille pour Budapest est un signal d&rsquo;alarme qui d\u00e9shonore notre ville. <\/p>\n<p>Les antis\u00e9mites n\u2019ont aucune place ici ! <a href=\"https:\/\/t.co\/Al2if4noRs\" rel=\"nofollow\">pic.twitter.com\/Al2if4noRs<\/a><\/p>\n<p>\u2014 Martine Vassal (@MartineVassal) <a href=\"https:\/\/twitter.com\/MartineVassal\/status\/1962881403864932585?ref_src=twsrc%5Etfw\" rel=\"nofollow noopener\" target=\"_blank\">September 2, 2025<\/a><\/p><\/blockquote>\n<p class=\"mb-xxl@xs color-ultramarine font-weight-semi-bold@xs font-source-serif-pro heading-s@xs\">L\u2019acc\u00e8s \u00e0 ce contenu a \u00e9t\u00e9 bloqu\u00e9 afin de respecter votre choix de consentement<\/p>\n<p class=\"mb-m@xs text-l@xs\">En cliquant sur\u00ab J\u2019accepte \u00bb, vous acceptez le d\u00e9p\u00f4t de cookies par des services externes et aurez ainsi acc\u00e8s aux contenus de nos partenaires.<\/p>\n<p class=\"mb-xl@xs text-s@xs\">Plus d\u2019informations sur la page<a href=\"https:\/\/www.20minutes.fr\/gestion-cookies\" class=\"mx-xxs@xs color-ultramarine\" rel=\"nofollow noopener\" target=\"_blank\">Politique de gestion des cookies<\/a><\/p>\n<p>J\u2019accepte<\/p>\n<p>En outre, la pr\u00e9sidente de la m\u00e9tropole d\u2019Aix-Marseille-Provence a elle-m\u00eame relay\u00e9 <a href=\"https:\/\/www.20minutes.fr\/high-tech\/twitter\/\" class=\"c-link c-link--is-underlined\" rel=\"nofollow noopener\" target=\"_blank\">sur X<\/a> un article du m\u00e9dia IsraJ mettant \u2013 \u00e0 tort\u00a0? \u2013 en parall\u00e8le l\u2019annulation du tournage \u00e0 Marseille avec des actes antis\u00e9mites s\u2019y \u00e9tant r\u00e9cemment produits.<\/p>\n<p><a href=\"https:\/\/www.20minutes.fr\/arts-stars\/serie\/\" class=\"c-link c-btn c-btn--primary\" rel=\"nofollow noopener\" target=\"_blank\">Notre dossier \u00ab S\u00e9ries TV \u00bb<\/a><\/p>\n<p>Pour rappel, la s\u00e9rie Fauda, qui cartonne sur <a href=\"https:\/\/www.20minutes.fr\/dossier\/netflix\" class=\"c-link c-link--is-underlined\" rel=\"nofollow noopener\" target=\"_blank\">Netflix<\/a>, a \u00e9t\u00e9 cr\u00e9\u00e9e par d\u2019anciens soldats de <a href=\"https:\/\/www.20minutes.fr\/monde\/tsahal\/\" class=\"c-link c-link--is-underlined\" rel=\"nofollow noopener\" target=\"_blank\">Tsahal<\/a>. Sa cinqui\u00e8me saison, au casting duquel <a href=\"https:\/\/www.20minutes.fr\/arts-stars\/serie\/4148572-20250414-melanie-laurent-actrice-francaise-rejoint-casting-serie-espionnage-israelienne-fauda\" class=\"c-link c-link--is-underlined\" rel=\"nofollow noopener\" target=\"_blank\">figure l\u2019actrice fran\u00e7aise M\u00e9lanie Laurent<\/a>, devrait s\u2019articuler autour du <a href=\"https:\/\/www.20minutes.fr\/monde\/conflit_israelo-palestinien\/\" class=\"c-link c-link--is-underlined\" rel=\"nofollow noopener\" target=\"_blank\">conflit isra\u00e9lo-palestinien<\/a> en int\u00e9grant les <a href=\"https:\/\/www.20minutes.fr\/monde\/israel\/4112809-20241006-attaque-7-octobre-sorte-11-septembre-israelien-pire\" class=\"c-link c-link--is-underlined\" rel=\"nofollow noopener\" target=\"_blank\">\u00e9v\u00e9nements du 7\u00a0octobre 2023<\/a>.<\/p>\n<p><script async src=\"https:\/\/platform.twitter.com\/widgets.js\" charset=\"utf-8\"><\/script><\/p>\n","protected":false},"excerpt":{"rendered":"Marseille est Fanny\u00a0: alors qu\u2019une partie de la cinqui\u00e8me saison de Fauda, une s\u00e9rie d\u2019espionnage isra\u00e9lienne, devait y&hellip;\n","protected":false},"author":2,"featured_media":365459,"comment_status":"","ping_status":"","sticky":false,"template":"","format":"standard","meta":{"footnotes":""},"categories":[2814],"tags":[1111,11,6155,10831,885,22519,26121,58,1777,674,1011,27,804,884,49981,127,12,883,1186,882,25,521,3520,133],"class_list":{"0":"post-365458","1":"post","2":"type-post","3":"status-publish","4":"format-standard","5":"has-post-thumbnail","7":"category-marseille","8":"tag-actu","9":"tag-actualites","10":"tag-antisemitisme","11":"tag-bfmtv","12":"tag-bouches-du-rhone","13":"tag-budapest","14":"tag-crif","15":"tag-divertissement","16":"tag-eu","17":"tag-europe","18":"tag-fr","19":"tag-france","20":"tag-hongrie","21":"tag-marseille","22":"tag-melanie-laurent","23":"tag-netflix","24":"tag-news","25":"tag-paca","26":"tag-provence","27":"tag-provence-alpes-cote-dazur","28":"tag-republique-francaise","29":"tag-serie","30":"tag-tsahal","31":"tag-video"},"share_on_mastodon":{"url":"https:\/\/pubeurope.com\/@fr\/115145555520981148","error":""},"_links":{"self":[{"href":"https:\/\/www.europesays.com\/fr\/wp-json\/wp\/v2\/posts\/365458","targetHints":{"allow":["GET"]}}],"collection":[{"href":"https:\/\/www.europesays.com\/fr\/wp-json\/wp\/v2\/posts"}],"about":[{"href":"https:\/\/www.europesays.com\/fr\/wp-json\/wp\/v2\/types\/post"}],"author":[{"embeddable":true,"href":"https:\/\/www.europesays.com\/fr\/wp-json\/wp\/v2\/users\/2"}],"replies":[{"embeddable":true,"href":"https:\/\/www.europesays.com\/fr\/wp-json\/wp\/v2\/comments?post=365458"}],"version-history":[{"count":0,"href":"https:\/\/www.europesays.com\/fr\/wp-json\/wp\/v2\/posts\/365458\/revisions"}],"wp:featuredmedia":[{"embeddable":true,"href":"https:\/\/www.europesays.com\/fr\/wp-json\/wp\/v2\/media\/365459"}],"wp:attachment":[{"href":"https:\/\/www.europesays.com\/fr\/wp-json\/wp\/v2\/media?parent=365458"}],"wp:term":[{"taxonomy":"category","embeddable":true,"href":"https:\/\/www.europesays.com\/fr\/wp-json\/wp\/v2\/categories?post=365458"},{"taxonomy":"post_tag","embeddable":true,"href":"https:\/\/www.europesays.com\/fr\/wp-json\/wp\/v2\/tags?post=365458"}],"curies":[{"name":"wp","href":"https:\/\/api.w.org\/{rel}","templated":true}]}}