{"id":365462,"date":"2025-09-04T10:29:16","date_gmt":"2025-09-04T10:29:16","guid":{"rendered":"https:\/\/www.europesays.com\/fr\/365462\/"},"modified":"2025-09-04T10:29:16","modified_gmt":"2025-09-04T10:29:16","slug":"un-jeune-de-13-ans-mis-en-examen-pour-le-meurtre-dun-adolescent","status":"publish","type":"post","link":"https:\/\/www.europesays.com\/fr\/365462\/","title":{"rendered":"un jeune de 13 ans mis en examen pour le meurtre d&rsquo;un adolescent"},"content":{"rendered":"<p>Un mineur a \u00e9t\u00e9 mis en examen pour avoir poignard\u00e9 \u00e0 mort un gar\u00e7on de 16 ans, dimanche soir pr\u00e8s de Lyon. Le drame serait li\u00e9 \u00e0 un diff\u00e9rend personnel entre les deux jeunes hommes.<\/p>\n<p class=\"fig-paragraph\">Un gar\u00e7on de 13 ans a \u00e9t\u00e9 mis en examen pour\u00a0<a href=\"http:\/\/www.lefigaro.fr\/lyon\/un-adolescent-de-16-ans-tue-a-l-arme-blanche-pres-de-lyon-l-agresseur-en-fuite-20250901\" data-fig-type=\"NewsFlash\" data-gtm-custom-categorie=\"navigation\" data-gtm-custom-action=\"crossclick\" data-gtm-custom-label=\"Contextuel\" data-gtm-event=\"customEventSPE\" data-fig-domain=\"LEFIGARO\" target=\"_blank\" rel=\"noopener\">le meurtre d\u2019un adolescent de 16 ans<\/a>, poignard\u00e9 dimanche soir en banlieue de Lyon, et plac\u00e9 en d\u00e9tention provisoire, a indiqu\u00e9 jeudi \u00e0 l\u2019AFP le parquet. Les deux mineurs, inconnus des services de police, nourrissaient un diff\u00e9rend depuis cet \u00e9t\u00e9, quand le plus jeune avait tent\u00e9 de voler le t\u00e9l\u00e9phone du second qui s&rsquo;\u00e9tait rebell\u00e9, a pr\u00e9cis\u00e9 une source proche de l\u2019enqu\u00eate.<\/p>\n<p class=\"fig-paragraph\">Vers 22h30 dimanche, \u00e0 Caluire-et-Cuire, au nord de Lyon, le coll\u00e9gien avait abord\u00e9 sa victime qui se trouvait avec deux amis. Dans des circonstances qui restent \u00e0 \u00e9claircir, il lui avait port\u00e9 un coup au thorax avec un couteau, selon cette source. Admise \u00e0 l&rsquo;h\u00f4pital avec un pronostic vital engag\u00e9, la victime avait succomb\u00e9 \u00e0 ses blessures dans la nuit.<\/p>\n<p>                                    <a class=\"fig-a11y-skip a11y-hidden\" href=\"#fig-a11y-skip-main-inarticle\"><br \/>\n        Passer la publicit\u00e9<br \/>\n    <\/a><\/p>\n<p>\u00abUn diff\u00e9rend personnel qui a d\u00e9g\u00e9n\u00e9r\u00e9\u00bb<\/p>\n<p class=\"fig-paragraph\">D&rsquo;apr\u00e8s cette source, le jeune tu\u00e9 \u00e9tait en\u00a0<a href=\"http:\/\/www.lefigaro.fr\/conjoncture\/alternance-avec-ce-systeme-l-entreprise-trouve-souvent-son-futur-salarie-20241021\" data-fig-type=\"Article\" data-gtm-custom-categorie=\"navigation\" data-gtm-custom-action=\"crossclick\" data-gtm-custom-label=\"Contextuel\" data-gtm-event=\"customEventSPE\" data-fig-domain=\"LEFIGARO\" target=\"_blank\" rel=\"noopener\">alternance<\/a>\u00a0dans un lyc\u00e9e professionnel et l&rsquo;adolescent de 13 ans, coll\u00e9gien, fait partie d&rsquo;une \u00e9quipe de jeunes de l&rsquo;Olympique lyonnais, \u00e0 un haut niveau. \u00abCe n&rsquo;est pas l&rsquo;ombre d&rsquo;un trafic ou d&rsquo;un r\u00e9seau criminel\u00bb, avait \u00e9crit lundi sur X le maire LR de la commune Bastien Joint, d\u00e9plorant \u00abun diff\u00e9rend personnel qui a d\u00e9g\u00e9n\u00e9r\u00e9\u00bb.<\/p>\n<p class=\"fig-paragraph\">Interpell\u00e9 lundi, le jeune de 13 ans a \u00e9t\u00e9 pr\u00e9sent\u00e9 mercredi \u00e0 un juge d&rsquo;instruction qui l&rsquo;a mis en examen pour homicide volontaire et \u00e9crou\u00e9, selon le parquet de Lyon, qui n&rsquo;a pas donn\u00e9 plus d&rsquo;informations.<\/p>\n","protected":false},"excerpt":{"rendered":"Un mineur a \u00e9t\u00e9 mis en examen pour avoir poignard\u00e9 \u00e0 mort un gar\u00e7on de 16 ans, dimanche&hellip;\n","protected":false},"author":2,"featured_media":365463,"comment_status":"","ping_status":"","sticky":false,"template":"","format":"standard","meta":{"footnotes":""},"categories":[1889],"tags":[1111,11,2430,1777,674,1011,27,2428,777,6636,6081,12,25],"class_list":{"0":"post-365462","1":"post","2":"type-post","3":"status-publish","4":"format-standard","5":"has-post-thumbnail","7":"category-lyon","8":"tag-actu","9":"tag-actualites","10":"tag-auvergne-rhone-alpes","11":"tag-eu","12":"tag-europe","13":"tag-fr","14":"tag-france","15":"tag-lyon","16":"tag-meurtre","17":"tag-mineurs","18":"tag-mis-en-examen","19":"tag-news","20":"tag-republique-francaise"},"share_on_mastodon":{"url":"https:\/\/pubeurope.com\/@fr\/115145563344394592","error":""},"_links":{"self":[{"href":"https:\/\/www.europesays.com\/fr\/wp-json\/wp\/v2\/posts\/365462","targetHints":{"allow":["GET"]}}],"collection":[{"href":"https:\/\/www.europesays.com\/fr\/wp-json\/wp\/v2\/posts"}],"about":[{"href":"https:\/\/www.europesays.com\/fr\/wp-json\/wp\/v2\/types\/post"}],"author":[{"embeddable":true,"href":"https:\/\/www.europesays.com\/fr\/wp-json\/wp\/v2\/users\/2"}],"replies":[{"embeddable":true,"href":"https:\/\/www.europesays.com\/fr\/wp-json\/wp\/v2\/comments?post=365462"}],"version-history":[{"count":0,"href":"https:\/\/www.europesays.com\/fr\/wp-json\/wp\/v2\/posts\/365462\/revisions"}],"wp:featuredmedia":[{"embeddable":true,"href":"https:\/\/www.europesays.com\/fr\/wp-json\/wp\/v2\/media\/365463"}],"wp:attachment":[{"href":"https:\/\/www.europesays.com\/fr\/wp-json\/wp\/v2\/media?parent=365462"}],"wp:term":[{"taxonomy":"category","embeddable":true,"href":"https:\/\/www.europesays.com\/fr\/wp-json\/wp\/v2\/categories?post=365462"},{"taxonomy":"post_tag","embeddable":true,"href":"https:\/\/www.europesays.com\/fr\/wp-json\/wp\/v2\/tags?post=365462"}],"curies":[{"name":"wp","href":"https:\/\/api.w.org\/{rel}","templated":true}]}}