{"id":365466,"date":"2025-09-04T10:32:16","date_gmt":"2025-09-04T10:32:16","guid":{"rendered":"https:\/\/www.europesays.com\/fr\/365466\/"},"modified":"2025-09-04T10:32:16","modified_gmt":"2025-09-04T10:32:16","slug":"la-chapelle-a-vif-apres-deux-homicides-en-deux-semaines","status":"publish","type":"post","link":"https:\/\/www.europesays.com\/fr\/365466\/","title":{"rendered":"La Chapelle \u00e0 vif apr\u00e8s deux homicides en deux semaines"},"content":{"rendered":"<p>            Par<br \/>\n        <strong><br \/>\n            <a href=\"https:\/\/actu.fr\/auteur\/julie-bossart-actu-fr\" title=\"Consulter tous les articles de Julie Bossart\" target=\"_blank\" rel=\"noopener\">Julie Bossart<\/a><br \/>\n        <\/strong><\/p>\n<p>        Publi\u00e9 le<\/p>\n<p>            4 sept. 2025 \u00e0 7h46        <\/p>\n<p>Dans le 18e arrondissement de <a href=\"https:\/\/actu.fr\/paris\/dernieres-actus\" target=\"_blank\" rel=\"noopener\">Paris<\/a>, la place de <a href=\"https:\/\/actu.fr\/tag\/la-chapelle\" target=\"_blank\" rel=\"noopener\">La Chapelle<\/a> est calme en ce lundi de rentr\u00e9e. Deux jours apr\u00e8s le <a href=\"https:\/\/actu.fr\/ile-de-france\/paris_75056\/paris-il-poignarde-a-mort-un-homme-en-pleine-rue-un-homme-arrete-vers-la-gare-saint-lazare_63097397.html\" target=\"_blank\" rel=\"noopener\">meurtre d\u2019un homme en pleine journ\u00e9e,<\/a> trois camions de CRS sont gar\u00e9s devant le square Louise-de-Marillac, au pied du m\u00e9tro a\u00e9rien. Ce square, il est \u00ab\u00a0impossible d\u2019y aller, vous ne verrez jamais un enfant, soutient Baptiste Arnaud, propri\u00e9taire depuis deux ans d\u2019un appartement donnant sur la place. L\u2019espace public ne nous appartient plus.\u00a0\u00bb<\/p>\n<p class=\" wall-content\">Un peu plus loin, Sammy Hammoum, un habitant de 34 ans, se d\u00e9fend d\u2019une vision trop n\u00e9gative sur ce quartier qui accueille une forte communaut\u00e9 afghane. Il indique ne \u00ab\u00a0jamais\u00a0\u00bb s\u2019y \u00ab\u00a0sentir en ins\u00e9curit\u00e9\u00a0\u00bb, avec \u00ab\u00a0une vie de rue hyper prolifique\u00a0\u00bb.<\/p>\n<p>\u00ab\u00a0Moins 100 policiers en cinq ans\u00a0\u00bb<\/p>\n<p class=\" wall-content\">Samedi, un homme afghan a \u00e9t\u00e9 poignard\u00e9 par un de ses compatriotes en plein jour dans la rue Marx-Dormoy, au coeur de La Chapelle. Il a succomb\u00e9 \u00e0 ses blessures sur place. Deux semaines plus t\u00f4t, dans la nuit du 14 au 15 ao\u00fbt, un autre homicide \u00e0 l\u2019arme blanche avait d\u00e9j\u00e0 eu lieu dans le m\u00eame secteur, boulevard de La Chapelle. La nationalit\u00e9 du ou des auteurs n\u2019a pas \u00e9t\u00e9 divulgu\u00e9e dans l\u2019imm\u00e9diat.\u00a0Ces drames, qui ne sont pas li\u00e9s d\u2019apr\u00e8s la mairie, s\u2019ajoutent \u00e0 une augmentation \u00ab\u00a0des tensions\u00a0\u00bb dans le quartier, explique Baptiste Arnaud.\u00a0<\/p>\n<p class=\" wall-content\">\u00ab\u00a0Je comprends que \u00e7a inqui\u00e8te les gens. Moi, je ne suis pas forc\u00e9ment inquiet\u00a0\u00bb, d\u00e9clare Jean-Michel M\u00e9tayer, habitant depuis 1989 de ce \u00ab\u00a0quartier populaire\u00a0\u00bb o\u00f9, \u00ab\u00a0de temps en temps, il y a des incidents\u00a0\u00bb. Le retrait\u00e9 estime cependant qu\u2019il faudrait \u00ab\u00a0une intervention beaucoup plus fr\u00e9quente de la Police nationale\u00a0\u00bb pour lutter contre les \u00ab\u00a0ventes clandestines\u00a0\u00bb.<\/p>\n<p class=\" wall-content\">La mairie du 18e d\u00e9plore de son c\u00f4t\u00e9 la perte de \u00ab\u00a0100 policiers nationaux en cinq ans\u00a0\u00bb, malgr\u00e9 un quartier class\u00e9 en \u00ab\u00a0reconqu\u00eate r\u00e9publicaine\u00a0\u00bb par les autorit\u00e9s. \u00ab\u00a0Ce n\u2019est pas possible d\u2019avoir une telle baisse, face \u00e0 l\u2019actualit\u00e9 qui prouve \u00e0 chaque instant que nous avons davantage besoin de policiers nationaux dans nos quartiers\u00a0\u00bb, estime K\u00e9vin Havet, adjoint au maire d\u2019arrondissement charg\u00e9 de la s\u00e9curit\u00e9, de la police municipale et de la vie nocturne.<\/p>\n<p class=\" wall-content\">En r\u00e9ponse, la <a href=\"https:\/\/actu.fr\/tag\/prefecture-de-police-de-paris\" target=\"_blank\" rel=\"noopener\">pr\u00e9fecture de Police<\/a> d\u00e9clare que \u00ab\u00a0se limiter aux seuls effectifs de la circonscription de police pour \u00e9valuer la pr\u00e9sence polici\u00e8re n\u2019a aucun sens puisqu\u2019y interviennent en permanence d\u2019autres unit\u00e9s\u00a0\u00bb que celles du commissariat d\u2019arrondissement. Depuis d\u00e9but 2025, la pr\u00e9fecture d\u00e9fend \u00ab\u00a0une <a href=\"https:\/\/actu.fr\/ile-de-france\/paris_75056\/drogue-vente-a-la-sauvette-vols-comment-la-prefecture-de-police-de-paris-veut-chasser-les-points-chauds_62281559.html\" target=\"_blank\" rel=\"noopener\">augmentation continue de l\u2019activit\u00e9<\/a> de police\u00a0\u00bb, traduite par une hausse de 16% du nombre de mis en cause par rapport \u00e0 la m\u00eame p\u00e9riode en 2024.<\/p>\n<p>Votre r\u00e9gion, votre actu !<\/p>\n<p>Recevez chaque jour les infos qui comptent pour vous.<\/p>\n<p>\t<a href=\"https:\/\/actu.fr\/newsletter\" class=\"ac-btn ac-btn--corner ac-btn--medium ac-btn--blue800\" target=\"_blank\" rel=\"noopener\">S&rsquo;incrire<\/a><br \/>\nUn \u00ab\u00a0d\u00e9sastre\u00a0\u00bb pour les commer\u00e7ants<\/p>\n<p class=\" wall-content\">Un commer\u00e7ant du quartier, pr\u00e9sent depuis dix ans et pr\u00e9f\u00e9rant rester anonyme, voit pourtant le \u00ab\u00a0d\u00e9sastre\u00a0\u00bb s\u2019accentuer depuis \u00ab\u00a0presque deux ans\u00a0\u00bb, lui faisant perdre des clients.<br \/>\u00ab\u00a0Ca fait deux mois que je ne me suis pas vers\u00e9 de salaire\u00a0\u00bb, a-t-il le temps d\u2019expliquer \u00e0 l\u2019AFP avant de se pr\u00e9cipiter dans son magasin, matraque t\u00e9lescopique \u00e0 la main, derri\u00e8re trois personnes en train de voler des aliments.\u00a0<\/p>\n<p class=\" wall-content\">Apr\u00e8s un moment de tension, ces derniers quittent le commerce en abandonnant leur larcin. \u00ab\u00a0C\u2019est pas un sentiment, l\u2019ins\u00e9curit\u00e9!\u00a0\u00bb, soupire le g\u00e9rant.\u00a0Deux semaines plus t\u00f4t, un homme le mena\u00e7ait avec un couteau dans le m\u00eame rayon de son magasin, ajoute-t-il, images de vid\u00e9osurveillance \u00e0 l\u2019appui.<\/p>\n<p class=\" wall-content\">Avant les homicides, une p\u00e9tition avait \u00e9t\u00e9 lanc\u00e9e par le <a href=\"https:\/\/actu.fr\/ile-de-france\/paris_75056\/ne-plus-etre-tenus-a-l-ecart-a-paris-des-habitants-du-18e-s-unissent-pour-peser-aux-municipales_62686181.html\" target=\"_blank\" rel=\"noopener\">collectif de riverains Demain La Chapelle<\/a> d\u00e9non\u00e7ant la \u00ab\u00a0mafia omnipr\u00e9sente\u00a0\u00bb des <a href=\"https:\/\/actu.fr\/ile-de-france\/paris_75056\/jusqu-ou-va-t-on-rentree-sous-tension-dans-cette-rue-de-paris-envahie-par-les-vendeurs-a-la-sauvette_61774386.html\" target=\"_blank\" rel=\"noopener\">trafiquants et vendeurs \u00e0 la sauvette<\/a> qui op\u00e8rent, selon eux, en toute \u00ab\u00a0impunit\u00e9\u00a0\u00bb. \u00ab\u00a0Accueillir des demandeurs d\u2019asile, ce n\u2019est pas accepter des d\u00e9linquants. Comme en Allemagne, les d\u00e9linquants afghans doivent \u00eatre renvoy\u00e9s en Afghanistan\u00a0\u00bb, a soutenu sur X <a href=\"https:\/\/actu.fr\/tag\/rachida-dati\" target=\"_blank\" rel=\"noopener\">Rachida Dati<\/a>, <a href=\"https:\/\/actu.fr\/ile-de-france\/paris_75056\/intronisee-par-lr-pour-les-municipales-a-paris-rachida-dati-renonce-finalement-a-la-legislative-partielle_63091880.html\" target=\"_blank\" rel=\"noopener\">candidate LR \u00e0 la Mairie de Paris<\/a>, en r\u00e9action \u00e0 l\u2019homicide de samedi.<\/p>\n<p class=\" wall-content\">\n<p class=\" wall-content\">La communaut\u00e9 afghane est elle-m\u00eame affect\u00e9e par les \u00e9v\u00e9nements d\u2019ao\u00fbt, souligne Shams Amin, employ\u00e9 d\u2019une sup\u00e9rette afghane de la rue Marx-Dormoy ouverte en 2021. Les clients, en majorit\u00e9 afghans, \u00ab\u00a0ont peur quand ils voient la violence qu\u2019il y a eu r\u00e9cemment\u00a0\u00bb, d\u00e9clare l\u2019homme arriv\u00e9 en France en 2019, estimant que \u00ab\u00a0moralement, ce n\u2019est pas bon pour les immigr\u00e9s\u00a0\u00bb dont cela pourrait \u00ab\u00a0affecter le dossier\u00a0\u00bb d\u2019asile.<\/p>\n<p class=\" wall-content\">avec AFP<\/p>\n<p class=\" wall-content\">Personnalisez votre actualit\u00e9 en ajoutant vos villes et m\u00e9dias en favori avec <a href=\"https:\/\/moncompte.actu.fr\" title=\"D\u00e9couvez Mon Actu\" rel=\"nofollow noopener\" data-trk=\"{&quot;cta&quot;:{&quot;action&quot;:&quot;https:\\\/\\\/moncompte.actu.fr&quot;,&quot;category&quot;:&quot;mon compte&quot;,&quot;from&quot;:&quot;article footer&quot;,&quot;name&quot;:&quot;Mon actu&quot;,&quot;type&quot;:&quot;cta&quot;}}\" target=\"_blank\">Mon Actu<\/a>.<\/p>\n","protected":false},"excerpt":{"rendered":"Par Julie Bossart Publi\u00e9 le 4 sept. 2025 \u00e0 7h46 Dans le 18e arrondissement de Paris, la place&hellip;\n","protected":false},"author":2,"featured_media":365467,"comment_status":"","ping_status":"","sticky":false,"template":"","format":"standard","meta":{"footnotes":""},"categories":[1888],"tags":[1111,1928,11,1927,1777,674,118,1011,27,39923,777,12,1926,626,1925,1072,25],"class_list":{"0":"post-365466","1":"post","2":"type-post","3":"status-publish","4":"format-standard","5":"has-post-thumbnail","7":"category-paris","8":"tag-actu","9":"tag-actu-paris","10":"tag-actualites","11":"tag-actualites-paris","12":"tag-eu","13":"tag-europe","14":"tag-faits-divers","15":"tag-fr","16":"tag-france","17":"tag-la-chapelle","18":"tag-meurtre","19":"tag-news","20":"tag-news-paris","21":"tag-paris","22":"tag-paris-news","23":"tag-police","24":"tag-republique-francaise"},"share_on_mastodon":{"url":"https:\/\/pubeurope.com\/@fr\/115145575822611037","error":""},"_links":{"self":[{"href":"https:\/\/www.europesays.com\/fr\/wp-json\/wp\/v2\/posts\/365466","targetHints":{"allow":["GET"]}}],"collection":[{"href":"https:\/\/www.europesays.com\/fr\/wp-json\/wp\/v2\/posts"}],"about":[{"href":"https:\/\/www.europesays.com\/fr\/wp-json\/wp\/v2\/types\/post"}],"author":[{"embeddable":true,"href":"https:\/\/www.europesays.com\/fr\/wp-json\/wp\/v2\/users\/2"}],"replies":[{"embeddable":true,"href":"https:\/\/www.europesays.com\/fr\/wp-json\/wp\/v2\/comments?post=365466"}],"version-history":[{"count":0,"href":"https:\/\/www.europesays.com\/fr\/wp-json\/wp\/v2\/posts\/365466\/revisions"}],"wp:featuredmedia":[{"embeddable":true,"href":"https:\/\/www.europesays.com\/fr\/wp-json\/wp\/v2\/media\/365467"}],"wp:attachment":[{"href":"https:\/\/www.europesays.com\/fr\/wp-json\/wp\/v2\/media?parent=365466"}],"wp:term":[{"taxonomy":"category","embeddable":true,"href":"https:\/\/www.europesays.com\/fr\/wp-json\/wp\/v2\/categories?post=365466"},{"taxonomy":"post_tag","embeddable":true,"href":"https:\/\/www.europesays.com\/fr\/wp-json\/wp\/v2\/tags?post=365466"}],"curies":[{"name":"wp","href":"https:\/\/api.w.org\/{rel}","templated":true}]}}