{"id":365468,"date":"2025-09-04T10:33:11","date_gmt":"2025-09-04T10:33:11","guid":{"rendered":"https:\/\/www.europesays.com\/fr\/365468\/"},"modified":"2025-09-04T10:33:11","modified_gmt":"2025-09-04T10:33:11","slug":"la-nouvelle-garde-francaise-en-action-au-zenith-de-paris-actuanews-fr","status":"publish","type":"post","link":"https:\/\/www.europesays.com\/fr\/365468\/","title":{"rendered":"La nouvelle garde fran\u00e7aise en action au Z\u00e9nith de Paris \u2013 ActuaNews.fr"},"content":{"rendered":"<p class=\"has-black-color has-text-color has-link-color has-normal-font-size wp-elements-3018c7a5c107de84c8de4c352ef417fd\"><strong>Le 19 septembre 2025, le Z\u00e9nith de Paris accueillera HEXAGONE MMA 34, un \u00e9v\u00e9nement qui met en lumi\u00e8re les meilleurs espoirs fran\u00e7ais des arts martiaux mixtes. Avec dix combats programm\u00e9s, le retour de Paul Dena et la pr\u00e9sence de jeunes talents prometteurs, la soir\u00e9e s\u2019annonce comme un rendez-vous incontournable pour les amateurs de MMA.<\/strong><\/p>\n<p><img loading=\"lazy\" decoding=\"async\" data-attachment-id=\"113508\" data-permalink=\"https:\/\/actuanews.fr\/2025\/09\/04\/hexagone-mma-34-la-nouvelle-garde-francaise-en-action-au-zenith-de-paris\/540917401_1146404540968677_4546419679767689760_n\/\" data-orig-file=\"https:\/\/actuanews.fr\/wp-content\/uploads\/2025\/09\/540917401_1146404540968677_4546419679767689760_n.jpg\" data-orig-size=\"1080,1350\" data-comments-opened=\"1\" data-image-meta=\"{&quot;aperture&quot;:&quot;0&quot;,&quot;credit&quot;:&quot;&quot;,&quot;camera&quot;:&quot;&quot;,&quot;caption&quot;:&quot;&quot;,&quot;created_timestamp&quot;:&quot;0&quot;,&quot;copyright&quot;:&quot;&quot;,&quot;focal_length&quot;:&quot;0&quot;,&quot;iso&quot;:&quot;0&quot;,&quot;shutter_speed&quot;:&quot;0&quot;,&quot;title&quot;:&quot;&quot;,&quot;orientation&quot;:&quot;0&quot;}\" data-image-title=\"540917401_1146404540968677_4546419679767689760_n\" data-image-description=\"\" data-image-caption=\"\" data-medium-file=\"https:\/\/actuanews.fr\/wp-content\/uploads\/2025\/09\/540917401_1146404540968677_4546419679767689760_n.jpg?w=240\" data-large-file=\"https:\/\/actuanews.fr\/wp-content\/uploads\/2025\/09\/540917401_1146404540968677_4546419679767689760_n.jpg?w=760\" width=\"819\" height=\"1023\" data-id=\"113508\" src=\"https:\/\/www.europesays.com\/fr\/wp-content\/uploads\/2025\/09\/540917401_1146404540968677_4546419679767689760_n.jpg\" alt=\"\" class=\"wp-image-113508\"\/><\/p>\n<p><strong>Un main-event qui promet des \u00e9tincelles<\/strong><\/p>\n<p>Paul Dena, star montante du MMA fran\u00e7ais<\/p>\n<p class=\"has-normal-font-size\">\u00c0 seulement 23 ans, Paul Dena s\u2019impose d\u00e9j\u00e0 comme l\u2019une des figures phares du MMA tricolore. R\u00e9v\u00e9l\u00e9 sur la cha\u00eene YouTube IbraTV et m\u00e9daill\u00e9 mondial sur le circuit amateur, il dispute le main-event de HEXAGONE MMA 34 face \u00e0 David Daniel Komar. Apr\u00e8s sa premi\u00e8re victoire professionnelle par TKO en mai dernier, ce combat constitue une \u00e9tape cruciale pour confirmer son statut de poids coq incontournable sur la sc\u00e8ne fran\u00e7aise.<\/p>\n<p>Th\u00e9o Ulrich, invaincu et ambitieux<\/p>\n<p class=\"has-normal-font-size\">Loin de voler la vedette \u00e0 Dena, Th\u00e9o Ulrich, invaincu avec cinq victoires dont quatre par KO, participera au co main-event face \u00e0 Mohamad Baillot. Ce duel franco-fran\u00e7ais s\u2019annonce comme un test majeur pour Ulrich, dont le jeu au sol sera mis \u00e0 l\u2019\u00e9preuve par un adversaire redoutable. Les fans peuvent s\u2019attendre \u00e0 un affrontement spectaculaire, alliant technique et puissance.<\/p>\n<p><strong>Les poids mouches \u00e0 l\u2019honneur<\/strong><\/p>\n<p>Samba Sima, un prodige en pleine ascension<\/p>\n<p class=\"has-normal-font-size\">La cat\u00e9gorie des poids mouches (-57 kg) mettra en lumi\u00e8re Samba Sima, vice-champion du monde amateur et auteur de d\u00e9buts prometteurs chez les professionnels. Oppos\u00e9 \u00e0 Magomed Khasuev, Sima tentera de d\u00e9crocher un troisi\u00e8me KO cons\u00e9cutif et de confirmer son statut de futur grand du MMA fran\u00e7ais.<\/p>\n<p>Souhil Arezki, l\u2019heure de la premi\u00e8re chez les pros<\/p>\n<p class=\"has-normal-font-size\">Pour Souhil Arezki, champion de France et du monde amateur, HEXAGONE MMA 34 repr\u00e9sente un premier d\u00e9fi professionnel de taille. Face \u00e0 Moises Aular, le jeune prodige devra d\u00e9montrer tout son potentiel et marquer les esprits d\u00e8s ses d\u00e9buts dans l\u2019univers professionnel.<\/p>\n<p><strong>Une carte compl\u00e8te et diversifi\u00e9e<\/strong><\/p>\n<p>Des combats pour tous les niveaux<\/p>\n<p class=\"has-normal-font-size\">L\u2019\u00e9v\u00e9nement pr\u00e9sentera dix combats, incluant des duels chez les poids coqs, l\u00e9gers, welters et plumes. Des talents tels que Youssouf Ouattara, ex-champion de muay tha\u00ef reconverti au MMA, ainsi qu\u2019Allan Landouzy, r\u00e9cemment d\u00e9couvert par le grand public, seront \u00e9galement sur la carte. Chaque affrontement promet des moments intenses, avec des techniques vari\u00e9es allant de la boxe \u00e0 la lutte en passant par le jiu-jitsu br\u00e9silien.<\/p>\n<p>Une affiche riche en jeunes talents<\/p>\n<p class=\"has-normal-font-size\">Outre les t\u00eates d\u2019affiche, la soir\u00e9e mettra en avant des espoirs comme Oualy Tandia, Guillaume Delattre, Christopher Odena et Lazaro Maza Blanco. Avec des combats amateurs et professionnels, HEXAGONE MMA 34 offre un panorama complet des nouvelles g\u00e9n\u00e9rations de combattants fran\u00e7ais, illustrant la mont\u00e9e en puissance du MMA dans l\u2019Hexagone.<\/p>\n<p><strong>HEXAGONE MMA : un acteur majeur du MMA europ\u00e9en<\/strong><\/p>\n<p><img loading=\"lazy\" width=\"760\" height=\"428\" src=\"https:\/\/www.europesays.com\/fr\/wp-content\/uploads\/2025\/09\/508169222_1088117540130711_2251643971056823054_n.jpg\" class=\"attachment-large size-large wp-post-image\" alt=\"\" decoding=\"async\" style=\"object-fit:cover;\"   data-attachment-id=\"113506\" data-permalink=\"https:\/\/actuanews.fr\/2025\/09\/04\/hexagone-mma-34-la-nouvelle-garde-francaise-en-action-au-zenith-de-paris\/508169222_1088117540130711_2251643971056823054_n\/\" data-orig-file=\"https:\/\/actuanews.fr\/wp-content\/uploads\/2025\/09\/508169222_1088117540130711_2251643971056823054_n.jpg\" data-orig-size=\"1640,924\" data-comments-opened=\"1\" data-image-meta=\"{&quot;aperture&quot;:&quot;0&quot;,&quot;credit&quot;:&quot;&quot;,&quot;camera&quot;:&quot;&quot;,&quot;caption&quot;:&quot;&quot;,&quot;created_timestamp&quot;:&quot;0&quot;,&quot;copyright&quot;:&quot;&quot;,&quot;focal_length&quot;:&quot;0&quot;,&quot;iso&quot;:&quot;0&quot;,&quot;shutter_speed&quot;:&quot;0&quot;,&quot;title&quot;:&quot;&quot;,&quot;orientation&quot;:&quot;0&quot;}\" data-image-title=\"508169222_1088117540130711_2251643971056823054_n\" data-image-description=\"\" data-image-caption=\"\" data-medium-file=\"https:\/\/actuanews.fr\/wp-content\/uploads\/2025\/09\/508169222_1088117540130711_2251643971056823054_n.jpg?w=300\" data-large-file=\"https:\/\/www.europesays.com\/fr\/wp-content\/uploads\/2025\/09\/508169222_1088117540130711_2251643971056823054_n.jpg\"\/><\/p>\n<p>Une organisation en pleine expansion<\/p>\n<p class=\"has-normal-font-size\">Depuis sa cr\u00e9ation en 2021, HEXAGONE MMA s\u2019est impos\u00e9e comme une ligue de r\u00e9f\u00e9rence en Europe. Port\u00e9e par les fr\u00e8res Pourrut, l\u2019organisation combine des \u00e9v\u00e9nements spectaculaires et la promotion des jeunes talents. Des salles embl\u00e9matiques comme le Z\u00e9nith de Paris ou le th\u00e9\u00e2tre antique d\u2019Orange ont d\u00e9j\u00e0 accueilli ses combats, renfor\u00e7ant sa r\u00e9putation sur le continent.<\/p>\n<p>Une visibilit\u00e9 internationale<\/p>\n<p class=\"has-normal-font-size\">HEXAGONE MMA b\u00e9n\u00e9ficie d\u2019une couverture m\u00e9diatique importante, diffus\u00e9e par DAZN, TNT Sports et RMC Sport. Cette exposition permet aux combattants fran\u00e7ais de gagner en notori\u00e9t\u00e9 et d\u2019attirer l\u2019attention des fans de MMA \u00e0 l\u2019\u00e9chelle mondiale. L\u2019organisation s\u2019affirme ainsi comme un tremplin pour les talents locaux, tout en proposant des \u00e9v\u00e9nements spectaculaires et accessibles \u00e0 tous.<\/p>\n<p><strong>Le MMA en France : une discipline en pleine croissance<\/strong><\/p>\n<p>Une l\u00e9galisation r\u00e9cente et un engouement croissant<\/p>\n<p class=\"has-normal-font-size\">L\u00e9galis\u00e9 en 2020, le MMA a rapidement trouv\u00e9 sa place dans le paysage sportif fran\u00e7ais. La discipline attire un public toujours plus large et b\u00e9n\u00e9ficie d\u2019une structure f\u00e9d\u00e9rale solide, garantissant le respect des r\u00e8gles et la s\u00e9curit\u00e9 des athl\u00e8tes.<\/p>\n<p>Des comp\u00e9titions de plus en plus prestigieuses<\/p>\n<p class=\"has-normal-font-size\">Avec des \u00e9v\u00e9nements comme HEXAGONE MMA, le MMA fran\u00e7ais se professionnalise et se rapproche des standards internationaux. Les jeunes talents disposent d\u00e9sormais d\u2019opportunit\u00e9s pour se former, se mesurer aux meilleurs et \u00e9voluer dans des environnements comp\u00e9titifs de haut niveau.<\/p>\n<p class=\"has-black-color has-text-color has-link-color has-normal-font-size wp-elements-92c5670454b7047947248f193acdc576\"><strong>HEXAGONE MMA 34 s\u2019annonce donc comme une soir\u00e9e historique, mettant en lumi\u00e8re la nouvelle g\u00e9n\u00e9ration de combattants fran\u00e7ais. Entre main-event attendu, duels prometteurs et promotion des jeunes talents, le 19 septembre au Z\u00e9nith de Paris sera un rendez-vous \u00e0 ne pas manquer. Les amateurs de MMA peuvent s\u2019attendre \u00e0 un spectacle riche en adr\u00e9naline et en \u00e9motions.<\/strong><\/p>\n<p>\tEn savoir plus sur ActuaNews.fr<\/p>\n<p class=\"has-text-align-center\" style=\"margin-top:10px;margin-bottom:10px;font-size:15px\">Abonnez-vous pour recevoir les derniers articles par e-mail.<\/p>\n<p>Publi\u00e9 le <a href=\"https:\/\/actuanews.fr\/2025\/09\/04\/hexagone-mma-34-la-nouvelle-garde-francaise-en-action-au-zenith-de-paris\/\" rel=\"bookmark nofollow noopener\" target=\"_blank\">Il y a 21 minutes<\/a><br \/>\n par <a class=\"url fn n\" href=\"https:\/\/actuanews.fr\/author\/redaction12dfce7996\/\" rel=\"nofollow noopener\" target=\"_blank\">redaction12dfce7996<\/a>\t<a href=\"https:\/\/actuanews.fr\/category\/sport\/\" rel=\"nofollow noopener\" target=\"_blank\">Sport<\/a><br \/>\nPubli\u00e9 dans <a href=\"https:\/\/actuanews.fr\/category\/sport\/\" rel=\"category tag nofollow noopener\" target=\"_blank\">Sport<\/a> Marqu\u00e9 #<a href=\"https:\/\/actuanews.fr\/tag\/arts-martiaux-mixtes\/\" rel=\"tag nofollow noopener\" target=\"_blank\">arts martiaux mixtes<\/a>, <a href=\"https:\/\/actuanews.fr\/tag\/evenement-sportif-france\/\" rel=\"tag nofollow noopener\" target=\"_blank\">\u00e9v\u00e9nement sportif France<\/a>, <a href=\"https:\/\/actuanews.fr\/tag\/combat-professionnel\/\" rel=\"tag nofollow noopener\" target=\"_blank\">combat professionnel<\/a>, <a href=\"https:\/\/actuanews.fr\/tag\/hexagone-mma\/\" rel=\"tag nofollow noopener\" target=\"_blank\">HEXAGONE MMA<\/a>, <a href=\"https:\/\/actuanews.fr\/tag\/jeunes-talents-mma\/\" rel=\"tag nofollow noopener\" target=\"_blank\">jeunes talents MMA<\/a>, <a href=\"https:\/\/actuanews.fr\/tag\/mma-france\/\" rel=\"tag nofollow noopener\" target=\"_blank\">MMA France<\/a>, <a href=\"https:\/\/actuanews.fr\/tag\/paul-dena\/\" rel=\"tag nofollow noopener\" target=\"_blank\">Paul Dena<\/a>, <a href=\"https:\/\/actuanews.fr\/tag\/samba-sima\/\" rel=\"tag nofollow noopener\" target=\"_blank\">Samba Sima<\/a>, <a href=\"https:\/\/actuanews.fr\/tag\/souhil-arezki\/\" rel=\"tag nofollow noopener\" target=\"_blank\">Souhil Arezki<\/a>, <a href=\"https:\/\/actuanews.fr\/tag\/theo-ulrich\/\" rel=\"tag nofollow noopener\" target=\"_blank\">Th\u00e9o Ulrich<\/a>, <a href=\"https:\/\/actuanews.fr\/tag\/zenith-paris\/\" rel=\"tag nofollow noopener\" target=\"_blank\">Z\u00e9nith Paris<\/a>\t<\/p>\n","protected":false},"excerpt":{"rendered":"Le 19 septembre 2025, le Z\u00e9nith de Paris accueillera HEXAGONE MMA 34, un \u00e9v\u00e9nement qui met en lumi\u00e8re&hellip;\n","protected":false},"author":2,"featured_media":365469,"comment_status":"","ping_status":"","sticky":false,"template":"","format":"standard","meta":{"footnotes":""},"categories":[1888],"tags":[1111,1928,11,1927,1777,674,1011,27,12,1926,626,1925,25],"class_list":{"0":"post-365468","1":"post","2":"type-post","3":"status-publish","4":"format-standard","5":"has-post-thumbnail","7":"category-paris","8":"tag-actu","9":"tag-actu-paris","10":"tag-actualites","11":"tag-actualites-paris","12":"tag-eu","13":"tag-europe","14":"tag-fr","15":"tag-france","16":"tag-news","17":"tag-news-paris","18":"tag-paris","19":"tag-paris-news","20":"tag-republique-francaise"},"share_on_mastodon":{"url":"https:\/\/pubeurope.com\/@fr\/115145579507786591","error":""},"_links":{"self":[{"href":"https:\/\/www.europesays.com\/fr\/wp-json\/wp\/v2\/posts\/365468","targetHints":{"allow":["GET"]}}],"collection":[{"href":"https:\/\/www.europesays.com\/fr\/wp-json\/wp\/v2\/posts"}],"about":[{"href":"https:\/\/www.europesays.com\/fr\/wp-json\/wp\/v2\/types\/post"}],"author":[{"embeddable":true,"href":"https:\/\/www.europesays.com\/fr\/wp-json\/wp\/v2\/users\/2"}],"replies":[{"embeddable":true,"href":"https:\/\/www.europesays.com\/fr\/wp-json\/wp\/v2\/comments?post=365468"}],"version-history":[{"count":0,"href":"https:\/\/www.europesays.com\/fr\/wp-json\/wp\/v2\/posts\/365468\/revisions"}],"wp:featuredmedia":[{"embeddable":true,"href":"https:\/\/www.europesays.com\/fr\/wp-json\/wp\/v2\/media\/365469"}],"wp:attachment":[{"href":"https:\/\/www.europesays.com\/fr\/wp-json\/wp\/v2\/media?parent=365468"}],"wp:term":[{"taxonomy":"category","embeddable":true,"href":"https:\/\/www.europesays.com\/fr\/wp-json\/wp\/v2\/categories?post=365468"},{"taxonomy":"post_tag","embeddable":true,"href":"https:\/\/www.europesays.com\/fr\/wp-json\/wp\/v2\/tags?post=365468"}],"curies":[{"name":"wp","href":"https:\/\/api.w.org\/{rel}","templated":true}]}}