{"id":36547,"date":"2025-04-19T13:05:11","date_gmt":"2025-04-19T13:05:11","guid":{"rendered":"https:\/\/www.europesays.com\/fr\/36547\/"},"modified":"2025-04-19T13:05:11","modified_gmt":"2025-04-19T13:05:11","slug":"droits-de-douane-donald-trump-en-se-disant-pret-a-un-accord-avec-lue-donne-un-satisfecit-a-giorgia-meloni","status":"publish","type":"post","link":"https:\/\/www.europesays.com\/fr\/36547\/","title":{"rendered":"Droits de douane\u00a0: Donald Trump, en se disant pr\u00eat \u00e0 un accord avec l\u2019UE, donne un satisfecit \u00e0 Giorgia Meloni"},"content":{"rendered":"<p>La visite de la dirigeante postfasciste Giorgia Meloni, <a href=\"https:\/\/www.humanite.fr\/monde\/etats-unis\/droits-de-douane-en-visite-a-washington-la-trumpiste-giorgia-meloni-se-mue-en-negociatrice-pour-leurope\" rel=\"nofollow noopener\" target=\"_blank\">\u00e0 Washington s\u2019apparente \u00e0 une premi\u00e8re victoire<\/a>. Au terme de leur rencontre, jeudi 17\u00a0avril, le pr\u00e9sident nationaliste des \u00c9tats-Unis a affirm\u00e9\u00a0: \u00ab\u00a0Il y aura un accord commercial, \u00e0 100\u00a0%\u00a0\u00bb sur les droits de douane avec l\u2019Union europ\u00e9enne.<\/p>\n<p><a href=\"https:\/\/www.humanite.fr\/monde\/albanie\/italie-giorgia-meloni-sacharne-a-remplir-ses-centres-de-retention-pour-migrants-en-albanie\" rel=\"nofollow noopener\" target=\"_blank\">Sa proximit\u00e9 id\u00e9ologique avec Donald Trump<\/a> et commerciale avec Washington, a pouss\u00e9 la cheffe du gouvernement d\u2019extr\u00eame droite \u00e0 trouver une issue pour sortir de la guerre commerciale. Elle a d\u2019ailleurs imm\u00e9diatement r\u00e9pondu \u00eatre \u00ab\u00a0certaine\u00a0\u00bb qu\u2019un compromis sera trouv\u00e9. Car l\u2019Italie est devenue le deuxi\u00e8me exportateur europ\u00e9en vers les \u00c9tats-Unis, derri\u00e8re l\u2019Allemagne et devant l\u2019Irlande. C\u2019est le troisi\u00e8me pays avec le plus important exc\u00e9dent commercial avec son alli\u00e9 transatlantique.<\/p>\n<p>Une offensive conservatrice et nationaliste<\/p>\n<p>Lors de la conf\u00e9rence de presse, qui s\u2019est tenue au terme de leur rencontre, le milliardaire r\u00e9publicain et conservateur n\u2019a toutefois donn\u00e9 aucun aper\u00e7u sur le cadre de ce futur \u00ab\u00a0accord commercial avec l\u2019Europe\u00a0\u00bb. Agac\u00e9 et peu loquace, Donald Trump a m\u00eame pr\u00e9cis\u00e9 qu\u2019il n\u2019\u00e9tait \u00ab\u00a0pas press\u00e9\u00a0\u00bb.<\/p>\n<p>Le pr\u00e9sident x\u00e9nophobe qui a <a href=\"https:\/\/www.humanite.fr\/social-et-economie\/administration-trump\/droits-de-douane-les-bourses-mondiales-plongent-leurope-demunie-face-a-la-politique-trumpiste-du-pire\" target=\"_blank\" rel=\"noreferrer noopener nofollow\">gel\u00e9, durant trois mois, la hausse de 20\u00a0% \u00e0 l\u2019Union europ\u00e9enne<\/a>, a maintenu pour les membres des Vingt-Sept 10\u00a0% de taxes r\u00e9ciproques sur tous les produits export\u00e9s aux \u00c9tats-Unis, ainsi que 25\u00a0% sur l\u2019acier, l\u2019aluminium et les automobiles. En r\u00e9action, la Banque centrale europ\u00e9enne (BCE) vient de s\u2019accorder pour une baisse de 0,25 point des taux directeurs pour renforcer l\u2019\u00e9conomie de la zone euro.<\/p>\n<p>\u00ab\u00a0Dans le bureau ovale, lors d\u2019une s\u00e9ance avec Donald Trump, le vice-pr\u00e9sident J.D. Vance et Giorgia Meloni, ont confirm\u00e9 le souhait commun que <a href=\"https:\/\/www.humanite.fr\/monde\/deregulation\/the-great-reset-ce-rapport-de-lextreme-droite-europeenne-presente-a-trump-pour-demanteler-lue\" data-type=\"post\" data-id=\"2763741\" rel=\"nofollow noopener\" target=\"_blank\">les opinions conservatrices et nationalistes deviennent un mod\u00e8le pour le reste de l\u2019Europe<\/a>\u00a0\u00bb, rel\u00e8ve le New York Times. Si Giorgia Meloni a indiqu\u00e9 qu\u2019elle ne pouvait pas n\u00e9gocier pour l\u2019UE, les responsables \u00e9tats-uniens ont point\u00e9 qu\u2019elle pourrait \u00eatre un interm\u00e9diaire pour le reste de l\u2019Europe.<\/p>\n<p>\u00ab\u00a0L\u2019objectif pour moi est de rendre \u00e0 l\u2019Occident sa grandeur et je pense qu\u2019on peut le faire ensemble\u00a0\u00bb, a d\u00e9clar\u00e9 la dirigeante du parti d\u2019extr\u00eame droite Fratelli d\u2019Italia en r\u00e9f\u00e9rence au slogan \u00ab\u00a0Make America Great Again\u00a0\u00bb de Donald Trump. Elle a ensuite fait passer le message \u00ab\u00a0qu\u2019il n\u2019y avait pas de place dans les sph\u00e8res des deux dirigeants <a href=\"https:\/\/www.humanite.fr\/monde\/donald-trump\/etats-unis-pour-poursuivre-sa-guerre-contre-les-wokes-donald-trump-sabre-la-moitie-des-effectifs-du-ministere-de-leducation\" rel=\"nofollow noopener\" target=\"_blank\">pour les programmes de diversit\u00e9 ou \u00ab\u00a0l\u2019id\u00e9ologie woke\u00a0\u00bb<\/a>, avant de saluer l\u2019initiative de Trump de se rendre en Italie pour une visite officielle\u00a0\u00bb dans un futur proche, poursuit le quotidien.<\/p>\n<p>Cette proximit\u00e9 s\u2019\u00e9tend \u00e0 d\u2019autres membres de l\u2019administration \u00e9tats-unienne comme Elon Musk et J. D.\u00a0Vance. Le vice-pr\u00e9sident arrive ce vendredi \u00e0 Rome. Une visite pendant le week-end pascal pour <a href=\"https:\/\/www.humanite.fr\/monde\/j-d-vance\/converti-zele-et-catholique-integral-ultra-reac-j-d-vance-ou-le-trumpisme-apres-trump\" rel=\"nofollow noopener\" target=\"_blank\">celui qui s\u2019est converti au catholicisme<\/a>. Selon les m\u00e9dias de la p\u00e9ninsule, J. D.\u00a0Vance a \u00e9galement pr\u00e9vu une \u00e9tape au Vatican, le 18\u00a0avril \u00e9tant le Vendredi saint qui pr\u00e9c\u00e8de la fin de la p\u00e9riode de P\u00e2ques.<\/p>\n<p>Face \u00e0 l\u2019extr\u00eame droite, ne rien l\u00e2cher\u00a0!<\/p>\n<p>C\u2019est pied \u00e0 pied, argument contre argument qu\u2019il faut combattre l\u2019extr\u00eame droite. Et c\u2019est ce que nous faisons chaque jour dans l\u2019Humanit\u00e9.<\/p>\n<p>Face aux attaques incessantes des racistes et des porteurs de haine\u00a0: soutenez-nous\u00a0! Ensemble, faisons entendre une autre voix dans ce d\u00e9bat public toujours plus naus\u00e9abond.<br \/><a href=\"https:\/\/www.humanite.fr\/lhumanite-cest-vous\" rel=\"nofollow noopener\" target=\"_blank\">Je veux en savoir plus.<\/a><\/p>\n","protected":false},"excerpt":{"rendered":"La visite de la dirigeante postfasciste Giorgia Meloni, \u00e0 Washington s\u2019apparente \u00e0 une premi\u00e8re victoire. Au terme de&hellip;\n","protected":false},"author":2,"featured_media":36548,"comment_status":"","ping_status":"","sticky":false,"template":"","format":"standard","meta":{"footnotes":""},"categories":[5],"tags":[11,75,2388,674,1011,27,3044,14,452,12,770,28],"class_list":{"0":"post-36547","1":"post","2":"type-post","3":"status-publish","4":"format-standard","5":"has-post-thumbnail","7":"category-international","8":"tag-actualites","9":"tag-donald-trump","10":"tag-droits-de-douane","11":"tag-europe","12":"tag-fr","13":"tag-france","14":"tag-giorgia-meloni","15":"tag-international","16":"tag-italie","17":"tag-news","18":"tag-u00e9tats-unis","19":"tag-world"},"share_on_mastodon":{"url":"https:\/\/pubeurope.com\/@fr\/114364778010637965","error":""},"_links":{"self":[{"href":"https:\/\/www.europesays.com\/fr\/wp-json\/wp\/v2\/posts\/36547","targetHints":{"allow":["GET"]}}],"collection":[{"href":"https:\/\/www.europesays.com\/fr\/wp-json\/wp\/v2\/posts"}],"about":[{"href":"https:\/\/www.europesays.com\/fr\/wp-json\/wp\/v2\/types\/post"}],"author":[{"embeddable":true,"href":"https:\/\/www.europesays.com\/fr\/wp-json\/wp\/v2\/users\/2"}],"replies":[{"embeddable":true,"href":"https:\/\/www.europesays.com\/fr\/wp-json\/wp\/v2\/comments?post=36547"}],"version-history":[{"count":0,"href":"https:\/\/www.europesays.com\/fr\/wp-json\/wp\/v2\/posts\/36547\/revisions"}],"wp:featuredmedia":[{"embeddable":true,"href":"https:\/\/www.europesays.com\/fr\/wp-json\/wp\/v2\/media\/36548"}],"wp:attachment":[{"href":"https:\/\/www.europesays.com\/fr\/wp-json\/wp\/v2\/media?parent=36547"}],"wp:term":[{"taxonomy":"category","embeddable":true,"href":"https:\/\/www.europesays.com\/fr\/wp-json\/wp\/v2\/categories?post=36547"},{"taxonomy":"post_tag","embeddable":true,"href":"https:\/\/www.europesays.com\/fr\/wp-json\/wp\/v2\/tags?post=36547"}],"curies":[{"name":"wp","href":"https:\/\/api.w.org\/{rel}","templated":true}]}}