{"id":365470,"date":"2025-09-04T10:34:10","date_gmt":"2025-09-04T10:34:10","guid":{"rendered":"https:\/\/www.europesays.com\/fr\/365470\/"},"modified":"2025-09-04T10:34:10","modified_gmt":"2025-09-04T10:34:10","slug":"budget-participatif-a-paris-261-idees-soumises-au-vote-jusquau-23-septembre","status":"publish","type":"post","link":"https:\/\/www.europesays.com\/fr\/365470\/","title":{"rendered":"Budget participatif \u00e0 Paris\u00a0: 261 id\u00e9es soumises au vote jusqu\u2019au 23\u00a0septembre"},"content":{"rendered":"<p class=\"paragraph text_align_left lp-f-body-02\">Onze ann\u00e9es d\u2019existence et quelque <a href=\"https:\/\/www.google.com\/search?q=budget+participatif+paris+lE+pARISIEN+bISSON&amp;sca_esv=dee9b9933ec66180&amp;rlz=1C1GCEA_enFR1049FR1049&amp;ei=81y5aJSmDJuIkdUPn9afyAY&amp;ved=0ahUKEwjU67fU5r6PAxUbRKQEHR_rB2kQ4dUDCBA&amp;uact=5&amp;oq=budget+participatif+paris+lE+pARISIEN+bISSON&amp;gs_lp=Egxnd3Mtd2l6LXNlcnAiLGJ1ZGdldCBwYXJ0aWNpcGF0aWYgcGFyaXMgbEUgcEFSSVNJRU4gYklTU09OMgUQIRigATIFECEYoAFI6QpQNViUCXABeAGQAQCYAXagAewDqgEDNi4xuAEDyAEA-AEBmAIIoAKCBMICChAAGEcY1gQYsAPCAgQQIRgVmAMAiAYBkAYIkgcDNy4xoAf8FbIHAzYuMbgH_gPCBwUyLjQuMsgHDQ&amp;sclient=gws-wiz-serp\" target=\"_blank\" rel=\"noreferrer nofollow noopener\">3 600 projets d\u00e9j\u00e0 r\u00e9alis\u00e9s<\/a>. \u00c0 partir de ce jeudi 4 septembre et jusqu\u2019au 23 septembre, les Parisiens ont rendez-vous aux urnes afin de voter pour leurs id\u00e9es pr\u00e9f\u00e9r\u00e9es dans le cadre du <a href=\"https:\/\/www.leparisien.fr\/paris-75\/budget-participatif-moins-de-dechets-plus-despaces-verts-les-parisiens-ont-vote-pour-des-projets-ecolos-07-10-2023-MWFUI6PN7JFHVPHZYU3UGTLVSI.php\" target=\"_blank\" rel=\"noreferrer nofollow noopener\">Budget participatif de la Ville<\/a>. \u00ab Si elles sont laur\u00e9ates, elles seront r\u00e9alis\u00e9es par les services de la Ville de Paris \u00bb, promet la municipalit\u00e9.<\/p>\n<p class=\"paragraph text_align_left lp-f-body-02\">Pour cette \u00e9dition 2025, <a href=\"https:\/\/www.leparisien.fr\/paris-75\/budget-participatif-a-paris-les-habitants-invites-a-deposer-leurs-idees-jusquau-3-fevrier-13-01-2025-MF5VFDYHQVEGNKRJRV2AWYGXBQ.php\" target=\"_blank\" rel=\"noreferrer nofollow noopener\">261 id\u00e9es sont soumises au vote<\/a>, selon les chiffres fournis par l\u2019H\u00f4tel de Ville. Toutes les personnes habitant Paris et \u00e2g\u00e9es d\u2019au moins 7 ans pourront prendre part au vote, en ligne ou dans les diff\u00e9rents points de vote (pr\u00e8s de 300 urnes seront install\u00e9es).<\/p>\n<p>Le patrimoine toujours plus pris\u00e9 des Parisiens<\/p>\n<p class=\"paragraph text_align_left lp-f-body-02\">Le vote est la derni\u00e8re \u00e9tape du processus. Elle pr\u00e9c\u00e8de la mise en \u0153uvre des projets par les services. Mais pour \u00eatre soumise \u00e0 ce processus, chaque id\u00e9e doit respecter les \u00ab r\u00e8gles de recevabilit\u00e9 \u00bb du Budget participatif : \u00ab relever de l\u2019int\u00e9r\u00eat g\u00e9n\u00e9ral \u00bb, \u00ab \u00eatre de la comp\u00e9tence de la Ville \u00bb, \u00ab correspondre \u00e0 une d\u00e9pense d\u2019investissement \u00bb et \u00ab \u00eatre d\u00e9pos\u00e9e par une personne ou un collectif habitant Paris \u00bb.<\/p>\n<p class=\"paragraph text_align_left lp-f-body-02\">L\u2019ann\u00e9e derni\u00e8re, treize projets laur\u00e9ats concernaient des travaux de restauration. \u00ab Soit un quart des projets vot\u00e9s au BP \u00bb, pr\u00e9cise-t-on au sein de l\u2019H\u00f4tel de Ville. Parmi les op\u00e9rations laur\u00e9ates : la mise en accessibilit\u00e9 de l\u2019\u00e9glise<a href=\"https:\/\/www.leparisien.fr\/paris-75\/paris-75005\/quatre-nocturnes-spectaculaires-vont-retracer-la-vie-de-la-patronne-de-paris-30-06-2021-RSQH553UEBHQRPGQZL6L4YSWOU.php\" rel=\"nofollow noopener\" target=\"_blank\"> Saint-\u00c9tienne du Mont <\/a>(Ve) pour un budget de 350 000 euros ; la restauration du portail de l\u2019\u00e9glise Saint-S\u00e9verin (Ve) pour quelque 800 000 euros ou encore la nouvelle phase de restauration de l\u2019\u00e9glise Saint-Jean-de-Montmartre (XVIIIe) pour pas moins de 2,3 millions d\u2019euros\u2026<\/p>\n<p class=\"paragraph text_align_left lp-f-body-02\">Cette ann\u00e9e, <a href=\"https:\/\/decider.paris.fr\/decider\/jsp\/site\/Portal.jsp?page=search-solr&amp;sort_name=date&amp;sort_order=desc&amp;conf=default&amp;fq=type%3ADECIDER_BUDGET&amp;query=%28type%3AFORMS_FORM_RESPONSE_1+OR+type%3ACONSULTATION%29+OR+%28type%3ADECIDER_BUDGET+AND+uid%3A*DECIDER_BUDGET+AND+-consultation_status_text%3ALAUREAT+AND+%28consultation_status_text%3AEN_REALISATION+OR+consultation_status_text%3AREALISE+OR+%28consultation_status_text%3AA_L_ETUDE+AND+campagne_text%3A%28K+OR+L%29%29+OR+%28consultation_status_text%3ANONRETENU+AND+campagne_text%3A%28K%29%29+OR+%28consultation_status_text%3ANONLAUREAT+AND+campagne_text%3A%28I+OR+J+OR+K%29%29+OR+%28consultation_status_text%3ASOUMIS+AND+campagne_text%3A%28K%29%29%29%29&amp;fq=consultation_status_text%3ASOUMIS\" target=\"_blank\" rel=\"noreferrer nofollow noopener\">nombre de propositions<\/a> portent sur la <a href=\"https:\/\/www.leparisien.fr\/paris-75\/renovation-energetique-a-paris-dans-le-parc-prive-11-a-24-deconomies-sur-la-facture-09-04-2025-IQDHZI3T45AZZCRWARFD47X2UE.php\" target=\"_blank\" rel=\"noreferrer nofollow noopener\">r\u00e9novation \u00e9nerg\u00e9tique<\/a>, la <a href=\"https:\/\/www.leparisien.fr\/paris-75\/votation-sur-la-vegetalisation-de-500-rues-les-parisiens-largement-favorables-au-projet-selon-un-sondage-10-03-2025-RWSAXWM7URHT3NQBIAS4CTKN4M.php\" target=\"_blank\" rel=\"noreferrer nofollow noopener\">v\u00e9g\u00e9talisation de la Ville<\/a> ou encore la question de la <a href=\"https:\/\/www.leparisien.fr\/paris-75\/paris-renover-et-superposer-les-equipements-sportifs-pour-gagner-en-surface-une-priorite-du-prochain-mandat-18-08-2025-67XRRQARTZDPTH77N4XNE7VOVY.php\" target=\"_blank\" rel=\"noreferrer nofollow noopener\">pratique d\u2019activit\u00e9s sportives dans Paris.<\/a><\/p>\n","protected":false},"excerpt":{"rendered":"Onze ann\u00e9es d\u2019existence et quelque 3 600 projets d\u00e9j\u00e0 r\u00e9alis\u00e9s. \u00c0 partir de ce jeudi 4 septembre et&hellip;\n","protected":false},"author":2,"featured_media":365471,"comment_status":"","ping_status":"","sticky":false,"template":"","format":"standard","meta":{"footnotes":""},"categories":[1888],"tags":[11,1777,674,1011,27,1944,12,626,25],"class_list":{"0":"post-365470","1":"post","2":"type-post","3":"status-publish","4":"format-standard","5":"has-post-thumbnail","7":"category-paris","8":"tag-actualites","9":"tag-eu","10":"tag-europe","11":"tag-fr","12":"tag-france","13":"tag-ma-ville","14":"tag-news","15":"tag-paris","16":"tag-republique-francaise"},"share_on_mastodon":{"url":"","error":""},"_links":{"self":[{"href":"https:\/\/www.europesays.com\/fr\/wp-json\/wp\/v2\/posts\/365470","targetHints":{"allow":["GET"]}}],"collection":[{"href":"https:\/\/www.europesays.com\/fr\/wp-json\/wp\/v2\/posts"}],"about":[{"href":"https:\/\/www.europesays.com\/fr\/wp-json\/wp\/v2\/types\/post"}],"author":[{"embeddable":true,"href":"https:\/\/www.europesays.com\/fr\/wp-json\/wp\/v2\/users\/2"}],"replies":[{"embeddable":true,"href":"https:\/\/www.europesays.com\/fr\/wp-json\/wp\/v2\/comments?post=365470"}],"version-history":[{"count":0,"href":"https:\/\/www.europesays.com\/fr\/wp-json\/wp\/v2\/posts\/365470\/revisions"}],"wp:featuredmedia":[{"embeddable":true,"href":"https:\/\/www.europesays.com\/fr\/wp-json\/wp\/v2\/media\/365471"}],"wp:attachment":[{"href":"https:\/\/www.europesays.com\/fr\/wp-json\/wp\/v2\/media?parent=365470"}],"wp:term":[{"taxonomy":"category","embeddable":true,"href":"https:\/\/www.europesays.com\/fr\/wp-json\/wp\/v2\/categories?post=365470"},{"taxonomy":"post_tag","embeddable":true,"href":"https:\/\/www.europesays.com\/fr\/wp-json\/wp\/v2\/tags?post=365470"}],"curies":[{"name":"wp","href":"https:\/\/api.w.org\/{rel}","templated":true}]}}