{"id":365472,"date":"2025-09-04T10:35:13","date_gmt":"2025-09-04T10:35:13","guid":{"rendered":"https:\/\/www.europesays.com\/fr\/365472\/"},"modified":"2025-09-04T10:35:13","modified_gmt":"2025-09-04T10:35:13","slug":"trilobe-ouvre-sa-manufacture-horlogere-a-paris-une-premiere-depuis-breguet-au-xviiie-siecle","status":"publish","type":"post","link":"https:\/\/www.europesays.com\/fr\/365472\/","title":{"rendered":"Trilobe ouvre sa manufacture horlog\u00e8re \u00e0 Paris, une premi\u00e8re depuis Br\u00e9guet au XVIIIe si\u00e8cle"},"content":{"rendered":"<p><strong>EXCLUSIF &#8211;<\/strong> Nous avons visit\u00e9 en avant-premi\u00e8re les ateliers de la marque fran\u00e7aise, qui d\u00e9voile, ce 4 septembre, ses nouvelles montres au calibre manufacture, au salon Geneva Watch Days. Un pari ambitieux alors que l\u2019horlogerie, et en particulier suisse, souffre en cette rentr\u00e9e.<\/p>\n<p class=\"fig-paragraph\">C\u2019est une premi\u00e8re depuis la fin du XVIIIe si\u00e8cle et Abraham-Louis Breguet: une manufacture horlog\u00e8re \u00e0 Paris! Lanc\u00e9e en 2018, la jeune maison fran\u00e7aise Trilobe a en effet install\u00e9 dans le plus grand secret il y a quelques semaines ses ateliers, ses artisans et ses machines dans un immeuble du centre de la capitale dont on ne peut donner l\u2019adresse exacte pour des raisons de s\u00e9curit\u00e9. Ce 4 janvier, \u00e0 l\u2019occasion du salon Geneva Watch Dayr, la marque a ainsi d\u00e9voil\u00e9 la premi\u00e8re collection qui y a \u00e9t\u00e9 assembl\u00e9e et \u00abembo\u00eet\u00e9e\u00bb. Surtout, ces garde-temps de haut vol sont \u00e9quip\u00e9s du premier mouvement manufacture sign\u00e9 Trilobe&#8230;<\/p>\n<p class=\"fig-paragraph\">C\u2019est un pari audacieux \u00e0 l\u2019heure o\u00f9 le secteur tremble sur ses fondations, entre un Swiss Made accabl\u00e9 par les 39% de droits de douane impos\u00e9s par Donald Trump et chiffre d\u2019affaires annuel fran\u00e7ais faibles (150 millions d\u2019euros) au regard des milliards encaiss\u00e9s par les marques helv\u00e8tes. \u00ab L\u2019inauguration de cette manufacture est symboliquement forte, reconna\u00eet Gautier Massonneau\u2026<\/p>\n<p class=\"fig-premium-paywall__infos\">\n        Cet article est r\u00e9serv\u00e9 aux abonn\u00e9s.        Il vous reste 82% \u00e0 d\u00e9couvrir.\n    <\/p>\n<p>                <img  data- alt=\"Le Figaro\" class=\"fig-img--complete fig-img\"\/><\/p>\n<p class=\"fig-premium-paywall__title\">Vente Flash<\/p>\n<p class=\"fig-premium-paywall__subtitle\">4,99\u20ac par mois pendant 12 mois. Sans engagement<\/p>\n<p class=\"fig-premium-paywall__connect\">\n                D\u00e9j\u00e0 abonn\u00e9\u00a0?                <a class=\"fig-premium-paywall__connect-link\" href=\"https:\/\/connect.lefigaro.fr\/login?client=horizon_web&amp;type=main&amp;redirect_uri=https%3A%2F%2Fwww.lefigaro.fr%2Fhorlogerie%2Ftrilobe-ouvre-sa-manufacture-horlogere-a-paris-une-premiere-depuis-breguet-au-xviiie-siecle-20250904\" data-js-gtm=\"{&quot;customCategorie&quot;: &quot;conversion&quot;, &quot;customAction&quot;: &quot;before_Landing_Connexion_paywall_auto&quot;, &quot;customLabel&quot;: &quot;bGVmaWdhcm8uZnJfXzFmMDg3NDYwLTFmYjItNjlkOC04ZThhLWMzZTMzN2RhY2IyNV9fQXJ0aWNsZQ==_Trilobe ouvre sa manufacture horlog\u00e8re \u00e0 Paris, une premi\u00e8re depuis Br\u00e9guet au XVIII&lt;sup&gt;e&lt;\/sup&gt; si\u00e8cle_373&quot;, &quot;customIDSPE&quot;: &quot;bGVmaWdhcm8uZnJfXzFmMDg3NDYwLTFmYjItNjlkOC04ZThhLWMzZTMzN2RhY2IyNV9fQXJ0aWNsZQ==&quot;, &quot;event&quot;: &quot;customEventSPE&quot;}\" target=\"_blank\" rel=\"noopener\"><br \/>\n                    Connectez-vous<br \/>\n                <\/a>\n            <\/p>\n","protected":false},"excerpt":{"rendered":"EXCLUSIF &#8211; Nous avons visit\u00e9 en avant-premi\u00e8re les ateliers de la marque fran\u00e7aise, qui d\u00e9voile, ce 4 septembre,&hellip;\n","protected":false},"author":2,"featured_media":365473,"comment_status":"","ping_status":"","sticky":false,"template":"","format":"standard","meta":{"footnotes":""},"categories":[1888],"tags":[11,1777,674,1011,27,6066,12,626,25],"class_list":{"0":"post-365472","1":"post","2":"type-post","3":"status-publish","4":"format-standard","5":"has-post-thumbnail","7":"category-paris","8":"tag-actualites","9":"tag-eu","10":"tag-europe","11":"tag-fr","12":"tag-france","13":"tag-horlogerie","14":"tag-news","15":"tag-paris","16":"tag-republique-francaise"},"share_on_mastodon":{"url":"https:\/\/pubeurope.com\/@fr\/115145587037256701","error":""},"_links":{"self":[{"href":"https:\/\/www.europesays.com\/fr\/wp-json\/wp\/v2\/posts\/365472","targetHints":{"allow":["GET"]}}],"collection":[{"href":"https:\/\/www.europesays.com\/fr\/wp-json\/wp\/v2\/posts"}],"about":[{"href":"https:\/\/www.europesays.com\/fr\/wp-json\/wp\/v2\/types\/post"}],"author":[{"embeddable":true,"href":"https:\/\/www.europesays.com\/fr\/wp-json\/wp\/v2\/users\/2"}],"replies":[{"embeddable":true,"href":"https:\/\/www.europesays.com\/fr\/wp-json\/wp\/v2\/comments?post=365472"}],"version-history":[{"count":0,"href":"https:\/\/www.europesays.com\/fr\/wp-json\/wp\/v2\/posts\/365472\/revisions"}],"wp:featuredmedia":[{"embeddable":true,"href":"https:\/\/www.europesays.com\/fr\/wp-json\/wp\/v2\/media\/365473"}],"wp:attachment":[{"href":"https:\/\/www.europesays.com\/fr\/wp-json\/wp\/v2\/media?parent=365472"}],"wp:term":[{"taxonomy":"category","embeddable":true,"href":"https:\/\/www.europesays.com\/fr\/wp-json\/wp\/v2\/categories?post=365472"},{"taxonomy":"post_tag","embeddable":true,"href":"https:\/\/www.europesays.com\/fr\/wp-json\/wp\/v2\/tags?post=365472"}],"curies":[{"name":"wp","href":"https:\/\/api.w.org\/{rel}","templated":true}]}}