{"id":365474,"date":"2025-09-04T10:36:13","date_gmt":"2025-09-04T10:36:13","guid":{"rendered":"https:\/\/www.europesays.com\/fr\/365474\/"},"modified":"2025-09-04T10:36:13","modified_gmt":"2025-09-04T10:36:13","slug":"deux-medias-russes-en-exil-estiment-a-plus-de-200-000-le-nombre-de-soldats-morts-en-ukraine","status":"publish","type":"post","link":"https:\/\/www.europesays.com\/fr\/365474\/","title":{"rendered":"Deux m\u00e9dias russes en exil estiment \u00e0 plus de 200\u00a0000 le nombre de soldats morts en Ukraine"},"content":{"rendered":"\n<p class=\"c-chapo \">\n  L&rsquo;institut de statistiques russe ne publie plus le nombre de d\u00e9c\u00e8s depuis cet \u00e9t\u00e9.\n<\/p>\n<p>            lire plus tard<\/p>\n<p id=\"dialog__title\" class=\"dialog__title\">Pour sauvegarder cet article, connectez-vous ou cr\u00e9ez un compte franceinfo<\/p>\n<p class=\"dialog__description\">Sans paiement. Sans abonnement.<\/p>\n<p>        Fermer la fen\u00eatre d\u2019activation des notifications France Info<\/p>\n<p>            cr\u00e9er votre compte<\/p>\n<p>            se connecter<\/p>\n<p>        Fermer la fen\u00eatre de pr\u00e9sentation<\/p>\n<p>    <img loading=\"lazy\" decoding=\"async\" class=\"signature__image lazyload\" width=\"100\" height=\"100\" data- alt=\"\" src=\"https:\/\/www.europesays.com\/fr\/wp-content\/uploads\/2025\/05\/64a7df4c5fe71_placeholder-36b69ec8.png\"\/><\/p>\n<p>    Publi\u00e9 le 04\/09\/2025 12:21<\/p>\n<p>        Temps de lecture : 3min<\/p>\n<p>    <img decoding=\"async\"  alt=\"Un espace du cimeti\u00e8re d'Istra, dans la r\u00e9gion de Moscou, est r\u00e9serv\u00e9 aux soldats russes morts en Ukraine, le 7 f\u00e9vrier 2025. (STRINGER \/ AFP)\" width=\"432\" height=\"243\" src=\"https:\/\/www.europesays.com\/fr\/wp-content\/uploads\/2025\/09\/russie-68b94da43541f498294235.jpg\" fetchpriority=\"high\"\/><\/p>\n<p>      Un espace du cimeti\u00e8re d&rsquo;Istra, dans la r\u00e9gion de Moscou, est r\u00e9serv\u00e9 aux soldats russes morts en Ukraine, le 7 f\u00e9vrier 2025. (STRINGER \/ AFP)<\/p>\n<p>O\u00f9 en est la Russie apr\u00e8s plus de trois ans de guerre contre l&rsquo;Ukraine\u00a0? <a href=\"https:\/\/www.franceinfo.fr\/monde\/europe\/manifestations-en-ukraine\/guerre-en-ukraine-la-russie-atteindra-militairement-ses-objectifs-si-les-negociations-avec-kiev-echouent-met-en-garde-vladimir-poutine_7470850.html\" rel=\"nofollow noopener\" target=\"_blank\">Vladimir Poutine a affirm\u00e9<\/a>, mercredi\u00a03 septembre, depuis P\u00e9kin, qu&rsquo;il \u00ab\u00a0entrevoit une lumi\u00e8re au bout du tunnel en vue d&rsquo;un r\u00e8glement de la crise ukrainienne\u00a0\u00bb, tout en restant ferme sur les garanties de s\u00e9curit\u00e9. Le chef du Kremlin a ajout\u00e9 que \u00ab\u00a0la Russie restait \u00e9galement pr\u00eate \u00e0 r\u00e9soudre les probl\u00e8mes par la force s&rsquo;il le fallait\u00a0\u00bb. Tandis que les raids et les combats se poursuivent, deux m\u00e9dias russes en exil, Meduza et Mediazona, travaillent depuis plus de deux ans \u00e0 \u00e9valuer le nombre de morts c\u00f4t\u00e9 russe, <a href=\"https:\/\/www.franceinfo.fr\/monde\/russie\/reportage-ce-livre-a-ete-ecrit-par-un-agent-de-l-etranger-en-russie-une-nouvelle-loi-vise-le-milieu-de-la-culture-et-fait-craindre-une-censure-toujours-plus-intense_7466323.html\" rel=\"nofollow noopener\" target=\"_blank\">malgr\u00e9 la censure<\/a>. Leur derni\u00e8re estimation fait froid dans le dos\u00a0: 220\u00a0000 soldats russes seraient morts depuis le d\u00e9but de la guerre, sans que cela semble perturber la d\u00e9termination du Kremlin.<\/p>\n<p>Il a \u00e9t\u00e9 compliqu\u00e9 de parvenir \u00e0 ce chiffre car le Kremlin fait tout pour dissimuler l&rsquo;h\u00e9catombe. Depuis cet \u00e9t\u00e9, Rosstat, l&rsquo;agence officielle de statistiques, ne publie plus aucun chiffre de mortalit\u00e9 et quasiment plus aucune donn\u00e9e d\u00e9mographique. Alors, pour contourner le probl\u00e8me, depuis le d\u00e9but de la guerre, ces m\u00e9dias recensent les annonces n\u00e9crologiques dans les m\u00e9dias locaux en Russie, les administrations, les r\u00e9seaux sociaux. Et ils ont \u00e9tabli une liste de 125\u00a0000 noms \u00e0 ce jour. Elle est publique, il s&rsquo;agit des morts certains, identifi\u00e9s.<\/p>\n<p>Et puis, ils se sont int\u00e9ress\u00e9s aux registres des successions. En examinant l&rsquo;augmentation des d\u00e9clarations d&rsquo;h\u00e9ritage, tr\u00e8s forte chez les hommes, ils sont donc parvenus \u00e0 extrapoler ce chiffre, cr\u00e9dible, de 220\u00a0000 morts. Ils ont pu d\u00e9terminer que l&rsquo;ann\u00e9e 2024 avait \u00e9t\u00e9 la plus meurtri\u00e8re, avec 95\u00a0000 soldats tu\u00e9s. \u00c0 la fin de l&rsquo;ann\u00e9e derni\u00e8re, l&rsquo;arm\u00e9e russe perdait jusqu&rsquo;\u00e0 3\u00a0000 hommes par semaine. Et le premier semestre 2025 a \u00e9t\u00e9 tout autant meurtrier.<\/p>\n<p>Cette h\u00e9catombe se voit \u00e0 plusieurs signes, notamment dans les cimeti\u00e8res, o\u00f9 il y a de longues rang\u00e9es de tombes fra\u00eeches. Par ailleurs, les obs\u00e8ques de personnes \u00e2g\u00e9es ont lieu parfois de nombreux jours apr\u00e8s le d\u00e9c\u00e8s, parce qu&rsquo;il y a trop d&rsquo;enterrements de militaires. Une personne raconte aussi \u00e0 franceinfo qu&rsquo;elle n&rsquo;arrive pas \u00e0 trouver une place en r\u00e9\u00e9ducation pour sa m\u00e8re, parce que toutes les places sont prises par des soldats bless\u00e9s, estropi\u00e9s.<\/p>\n<p>Tout cela a des cons\u00e9quences sur la soci\u00e9t\u00e9 mais, dans le m\u00eame temps, il semble que l&rsquo;arm\u00e9e arrive toujours \u00e0 recruter, sur la base du volontariat, gr\u00e2ce \u00e0 des salaires tr\u00e8s attractifs. La liste des morts recens\u00e9s par ces m\u00e9dias r\u00e9v\u00e8le que les r\u00e9gions loin de Moscou, en Sib\u00e9rie, dans l&rsquo;Oural sont surrepr\u00e9sent\u00e9es. Ce sont les r\u00e9gions les plus pauvres de Russie.<\/p>\n","protected":false},"excerpt":{"rendered":"L&rsquo;institut de statistiques russe ne publie plus le nombre de d\u00e9c\u00e8s depuis cet \u00e9t\u00e9. lire plus tard Pour&hellip;\n","protected":false},"author":2,"featured_media":365475,"comment_status":"","ping_status":"","sticky":false,"template":"","format":"standard","meta":{"footnotes":""},"categories":[1591],"tags":[11,1887,12,1885,1886,132],"class_list":{"0":"post-365474","1":"post","2":"type-post","3":"status-publish","4":"format-standard","5":"has-post-thumbnail","7":"category-russie","8":"tag-actualites","9":"tag-federation-de-russie","10":"tag-news","11":"tag-russia","12":"tag-russian-federation","13":"tag-russie"},"share_on_mastodon":{"url":"https:\/\/pubeurope.com\/@fr\/115145591000016174","error":""},"_links":{"self":[{"href":"https:\/\/www.europesays.com\/fr\/wp-json\/wp\/v2\/posts\/365474","targetHints":{"allow":["GET"]}}],"collection":[{"href":"https:\/\/www.europesays.com\/fr\/wp-json\/wp\/v2\/posts"}],"about":[{"href":"https:\/\/www.europesays.com\/fr\/wp-json\/wp\/v2\/types\/post"}],"author":[{"embeddable":true,"href":"https:\/\/www.europesays.com\/fr\/wp-json\/wp\/v2\/users\/2"}],"replies":[{"embeddable":true,"href":"https:\/\/www.europesays.com\/fr\/wp-json\/wp\/v2\/comments?post=365474"}],"version-history":[{"count":0,"href":"https:\/\/www.europesays.com\/fr\/wp-json\/wp\/v2\/posts\/365474\/revisions"}],"wp:featuredmedia":[{"embeddable":true,"href":"https:\/\/www.europesays.com\/fr\/wp-json\/wp\/v2\/media\/365475"}],"wp:attachment":[{"href":"https:\/\/www.europesays.com\/fr\/wp-json\/wp\/v2\/media?parent=365474"}],"wp:term":[{"taxonomy":"category","embeddable":true,"href":"https:\/\/www.europesays.com\/fr\/wp-json\/wp\/v2\/categories?post=365474"},{"taxonomy":"post_tag","embeddable":true,"href":"https:\/\/www.europesays.com\/fr\/wp-json\/wp\/v2\/tags?post=365474"}],"curies":[{"name":"wp","href":"https:\/\/api.w.org\/{rel}","templated":true}]}}