{"id":365478,"date":"2025-09-04T10:38:10","date_gmt":"2025-09-04T10:38:10","guid":{"rendered":"https:\/\/www.europesays.com\/fr\/365478\/"},"modified":"2025-09-04T10:38:10","modified_gmt":"2025-09-04T10:38:10","slug":"les-oies-envahissent-les-parcs-de-la-ville-la-mairie-depense-400-000-dollars-pour-limiter-leur-population","status":"publish","type":"post","link":"https:\/\/www.europesays.com\/fr\/365478\/","title":{"rendered":"Les oies envahissent les parcs de la ville, la mairie d\u00e9pense 400.000 dollars pour limiter leur population"},"content":{"rendered":"<p>Une pr\u00e9sence envahissante. Depuis plusieurs ann\u00e9es, les 33.000 habitants de\u00a0Foster City, en Californie (<a href=\"https:\/\/www.20minutes.fr\/monde\/etats-unis\/\" class=\"c-link c-link--is-underlined\" target=\"_blank\" rel=\"noopener\">\u00c9tats-Unis<\/a>), cohabitent avec pr\u00e8s de 400 <a href=\"https:\/\/www.20minutes.fr\/planete\/animaux\/\" class=\"c-link c-link--is-underlined\" target=\"_blank\" rel=\"noopener\">bernaches du Canada<\/a> \u2013 et leurs excr\u00e9ments, rapporte le <a href=\"https:\/\/www.washingtonpost.com\/nation\/2025\/09\/01\/canada-geese-droppings-california\/\" target=\"_blank\" class=\"c-link c-link--is-underlined\" rel=\"noopener\">Washington Post<\/a>.<\/p>\n<p>Ces <a href=\"https:\/\/www.20minutes.fr\/dossier\/oies\" class=\"c-link c-link--is-underlined\" target=\"_blank\" rel=\"noopener\">oies<\/a> produisent en effet des centaines de kilos de d\u00e9jections par jour, et polluent les plans d\u2019eau de la ville tandis que leur pr\u00e9sence g\u00e9n\u00e8re une nuisance et fait peur aux enfants. Pour ma\u00eetriser cette <a href=\"https:\/\/www.20minutes.fr\/dossier\/population\" class=\"c-link c-link--is-underlined\" target=\"_blank\" rel=\"noopener\">population<\/a> devenue ing\u00e9rable, la municipalit\u00e9 a lanc\u00e9 d\u00e9but septembre un vaste programme \u00e0 plus de 390.000 dollars (335.000 euros).<\/p>\n<p>Un environnement attractif<\/p>\n<p>\u00ab\u00a0Si nous pouvons trouver un moyen pour faire coexister bernaches et habitants sans conflit, ce serait un grand succ\u00e8s\u00a0\u00bb, a d\u00e9clar\u00e9 Derek Schweigart, responsable des espaces verts de la ville. Ces oies migrent normalement mais ont trouv\u00e9 \u00e0 Foster City un <a href=\"https:\/\/www.20minutes.fr\/planete\/environnement\/\" class=\"c-link c-link--is-underlined\" target=\"_blank\" rel=\"noopener\">environnement<\/a> tellement favorable qu\u2019elles s\u2019y sont install\u00e9.<\/p>\n<p>Leur pr\u00e9sence provoque toutefois des nuisances et la mairie d\u00e9pense des dizaines de milliers de dollars pour le <a href=\"https:\/\/www.20minutes.fr\/dossier\/nettoyage\" class=\"c-link c-link--is-underlined\" target=\"_blank\" rel=\"noopener\">nettoyage<\/a> et l\u2019entretien des espaces verts chaque ann\u00e9e. Face aux plaintes des habitants, la ville a d\u00e9j\u00e0 tent\u00e9 de contr\u00f4ler la population d\u2019<a href=\"https:\/\/www.20minutes.fr\/dossier\/oiseau\" class=\"c-link c-link--is-underlined\" target=\"_blank\" rel=\"noopener\">oiseaux<\/a> via la <a href=\"https:\/\/www.20minutes.fr\/dossier\/sterilisation\" class=\"c-link c-link--is-underlined\" target=\"_blank\" rel=\"noopener\">st\u00e9rilisation<\/a> des \u0153ufs, l\u2019installation de cl\u00f4tures et de multiples tentatives de dissuasion\u2026 en vain.<\/p>\n<\/p>\n<p>Un arsenal en cours de d\u00e9ploiement<\/p>\n<p>Le nouveau plan a pour but de rendre Foster City moins paisible\u00a0pour les bernarches du Canada. Dans sept parcs de la ville, un v\u00e9ritable arsenal animalier et technologique va \u00eatre d\u00e9ploy\u00e9\u00a0: <a href=\"https:\/\/www.20minutes.fr\/dossier\/chien\" class=\"c-link c-link--is-underlined\" target=\"_blank\" rel=\"noopener\">chiens<\/a> de berger en guise de pr\u00e9dateurs, <a href=\"https:\/\/www.20minutes.fr\/monde\/drone\/\" class=\"c-link c-link--is-underlined\" target=\"_blank\" rel=\"noopener\">drones<\/a> en forme de faucons \u00e9mettant des cris, dispositifs t\u00e9l\u00e9command\u00e9s flottant sur les plans d\u2019eau\u2026<\/p>\n<p>\u00ab\u00a0L\u2019id\u00e9e est de rendre l\u2019environnement inconfortable pour elles, tout en minimisant la g\u00eane pour les r\u00e9sidents\u00a0\u00bb, a expliqu\u00e9 le g\u00e9rant de l\u2019entreprise partenaire de la ville dans ce projet. Au-del\u00e0 de ce plan, Foster City va aussi devoir travailler en collaboration avec les municipalit\u00e9s des environs, au risque que le probl\u00e8me ne fasse que se d\u00e9placer de ville en ville.<\/p>\n","protected":false},"excerpt":{"rendered":"Une pr\u00e9sence envahissante. Depuis plusieurs ann\u00e9es, les 33.000 habitants de\u00a0Foster City, en Californie (\u00c9tats-Unis), cohabitent avec pr\u00e8s de&hellip;\n","protected":false},"author":2,"featured_media":365479,"comment_status":"","ping_status":"","sticky":false,"template":"","format":"standard","meta":{"footnotes":""},"categories":[1589],"tags":[47,11,1867,73,1866,74,12,49982,43751,49983,1864,1865,1863,308,4824],"class_list":{"0":"post-365478","1":"post","2":"type-post","3":"status-publish","4":"format-standard","5":"has-post-thumbnail","7":"category-etats-unis","8":"tag-actualite","9":"tag-actualites","10":"tag-animaux","11":"tag-etats-unis","12":"tag-etats-unis-damerique","13":"tag-monde","14":"tag-news","15":"tag-oies","16":"tag-oiseau","17":"tag-sterilisation","18":"tag-united-states","19":"tag-united-states-of-america","20":"tag-us","21":"tag-usa","22":"tag-ville"},"share_on_mastodon":{"url":"https:\/\/pubeurope.com\/@fr\/115145598857056320","error":""},"_links":{"self":[{"href":"https:\/\/www.europesays.com\/fr\/wp-json\/wp\/v2\/posts\/365478","targetHints":{"allow":["GET"]}}],"collection":[{"href":"https:\/\/www.europesays.com\/fr\/wp-json\/wp\/v2\/posts"}],"about":[{"href":"https:\/\/www.europesays.com\/fr\/wp-json\/wp\/v2\/types\/post"}],"author":[{"embeddable":true,"href":"https:\/\/www.europesays.com\/fr\/wp-json\/wp\/v2\/users\/2"}],"replies":[{"embeddable":true,"href":"https:\/\/www.europesays.com\/fr\/wp-json\/wp\/v2\/comments?post=365478"}],"version-history":[{"count":0,"href":"https:\/\/www.europesays.com\/fr\/wp-json\/wp\/v2\/posts\/365478\/revisions"}],"wp:featuredmedia":[{"embeddable":true,"href":"https:\/\/www.europesays.com\/fr\/wp-json\/wp\/v2\/media\/365479"}],"wp:attachment":[{"href":"https:\/\/www.europesays.com\/fr\/wp-json\/wp\/v2\/media?parent=365478"}],"wp:term":[{"taxonomy":"category","embeddable":true,"href":"https:\/\/www.europesays.com\/fr\/wp-json\/wp\/v2\/categories?post=365478"},{"taxonomy":"post_tag","embeddable":true,"href":"https:\/\/www.europesays.com\/fr\/wp-json\/wp\/v2\/tags?post=365478"}],"curies":[{"name":"wp","href":"https:\/\/api.w.org\/{rel}","templated":true}]}}