{"id":365480,"date":"2025-09-04T10:39:12","date_gmt":"2025-09-04T10:39:12","guid":{"rendered":"https:\/\/www.europesays.com\/fr\/365480\/"},"modified":"2025-09-04T10:39:12","modified_gmt":"2025-09-04T10:39:12","slug":"le-dernier-diner-annonce-la-tournee-en-2025-2026-du-royaume-uni-de-leurope-et-de-laustralie","status":"publish","type":"post","link":"https:\/\/www.europesays.com\/fr\/365480\/","title":{"rendered":"Le dernier d\u00eener annonce la tourn\u00e9e en 2025-2026 du Royaume-Uni, de l&rsquo;Europe et de l&rsquo;Australie"},"content":{"rendered":"<p>Le dernier d\u00eener a annonc\u00e9 une visite du Royaume-Uni, de l&rsquo;Europe et de l&rsquo;Australie qui d\u00e9butera en novembre 2025. D\u00e9couvrez tous les d\u00e9tails ci-dessous.<\/p>\n<p>Le groupe prim\u00e9 Brit Award se pr\u00e9pare \u00e0 sortir son deuxi\u00e8me album studio \u00abde The Pyre\u00bb le 17 octobre via Island Records, et ils ont r\u00e9cemment partag\u00e9 le single principal \u00abThis Is the Killer Speaking\u00bb.<\/p>\n<p>Maintenant, les cinq pi\u00e8ces de Londres ont annonc\u00e9 une vaste tourn\u00e9e pour soutenir le record. Apr\u00e8s une s\u00e9rie d&rsquo;\u00e9v\u00e9nements d\u00e9j\u00e0 vendus en magasin \u00e0 travers le Royaume-Uni en octobre, ils joueront une s\u00e9rie de spectacles britanniques et d&rsquo;Irlande en novembre, \u00e0 partir du 3arena de Dublin le 14 novembre.<\/p>\n<p>Cette course se termine par deux \u00e9normes spectacles \u00e0 la O2 Academy Brixton de Londres les 7 et 8 d\u00e9cembre, avant de se rendre en Australie pour une s\u00e9rie de dates en janvier. En f\u00e9vrier, ils commencent une tourn\u00e9e en Europe, terminant \u00e0 Oslo le 6 mars.<\/p>\n<p>Les billets pour tous les spectacles sont en vente g\u00e9n\u00e9rale \u00e0 10h, heure locale, le 12 septembre et vous pouvez obtenir vos billets britannique et europ\u00e9en ici. Les fans qui pr\u00e9commandent l&rsquo;album ici auront \u00e9galement acc\u00e8s \u00e0 une pr\u00e9-vente de la tourn\u00e9e qui se tiendra \u00e0 10h le 9 septembre.<\/p>\n<blockquote class=\"instagram-media\" data-instgrm-captioned=\"\" data-instgrm-permalink=\"https:\/\/www.instagram.com\/p\/DOLKxiLDTdn\/?utm_source=ig_embed&amp;utm_campaign=loading\" data-instgrm-version=\"14\" style=\" background:#FFF; border:0; border-radius:3px; box-shadow:0 0 1px 0 rgba(0,0,0,0.5),0 1px 10px 0 rgba(0,0,0,0.15); margin: 1px; max-width:658px; min-width:326px; padding:0; width:99.375%; width:-webkit-calc(100% - 2px); width:calc(100% - 2px);\"><\/blockquote>\n<p>\u00c9crivant sur Instagram, le groupe a \u00e9crit: \u00ab\u00a0Nous apportons notre troupe itin\u00e9rante de mythmakers au monde, avec un tout nouveau spectacle plein de chaos, de catharsis et de lumi\u00e8re!\u00a0\u00bb<\/p>\n<p><strong>Le dernier d\u00eener jouera: <\/strong><\/p>\n<p><strong>Novembre 2025 <\/strong><br \/><strong>14 \u2013 3arena, Dublin <\/strong><br \/><strong>17 \u2013 Corn Exchange, \u00c9dimbourg <\/strong><br \/><strong>20 \u2013 H\u00f4tel de ville d&rsquo;O2, Newcastle <\/strong><br \/><strong>23 \u2013 Bridlington Spa, Bridlington <\/strong><br \/><strong>26 \u2013 Aviva Studios, Manchester <\/strong><br \/><strong>29 \u2013 The Civic Hall, Wolverhampton <\/strong><br \/><strong>30 \u2013 Le b\u00e2timent de la perspective, Bristol <\/strong><\/p>\n<p><strong>D\u00e9cembre 2025 <\/strong><br \/><strong>2 \u2013 Utilita Arena, Cardiff <\/strong><br \/><strong>4 \u2013 Plymouth Pavilions, Plymouth <\/strong><br \/><strong>5 \u2013 Brighton Center, Brighton <\/strong><br \/><strong>7 \u2013 O2 Academy Brixton, Londres <\/strong><br \/><strong>8 \u2013 O2 Academy Brixton, Londres <\/strong><\/p>\n<p><strong>Janvier 2026  <\/strong><br \/><strong>10 \u2013 Auditorium Red Hill, Perth <\/strong><br \/><strong>13 \u2013 Th\u00e9\u00e2tre AEC, Ad\u00e9la\u00efde <\/strong><br \/><strong>15 \u2013 Sidney Myer Music Bowl, Melbourne <\/strong><br \/><strong>17 \u2013 ICC Sydney Theatre, Sydney <\/strong><br \/><strong>19 \u2013 rivi\u00e8re, Brisbane <\/strong><br \/><strong>22 \u2013 Spark Arena, Auckland <\/strong><\/p>\n<p><strong>F\u00e9vrier 2026 <\/strong><br \/><strong>8 \u2013 Colisieu Dos Recreios, Lisbonne <\/strong><br \/><strong>10 \u2013 Sala la Riviera, Madrid <\/strong><br \/><strong>11 \u2013 Razzmatazz, Barcelone <\/strong><br \/><strong>13 \u2013 Fabrique, Milan <\/strong><br \/><strong>14 \u2013 La salle, Zurich <\/strong><br \/><strong>16 \u2013 Zenith, Munich <\/strong><br \/><strong>17 \u2013 Forum Karl\u00edn, Prague <\/strong><br \/><strong>19 \u2013 Gasom\u00e8tre, Vienne <\/strong><br \/><strong>20 \u2013 Cos Torwar, Varsovie <\/strong><br \/><strong>22 \u2013 UFO IM Velodrom, Berlin <\/strong><br \/><strong>23 \u2013 Palladium, Cologne <\/strong><br \/><strong>25 \u2013 Le Z\u00e9nith, Paris <\/strong><br \/><strong>27 \u2013 Forest National, Bruxelles <\/strong><\/p>\n<p><strong>Mars 2026 <\/strong><br \/><strong>1 \u2013 Afas Live, Amsterdam <\/strong><br \/><strong>3 \u2013 Vega, Copenhague <\/strong><br \/><strong>4 \u2013 F\u00e5llan, Stockholm <\/strong><br \/><strong>6 \u2013 Sentrum Scene, Oslo <\/strong><\/p>\n<p><a href=\"https:\/\/www.youtube.com\/watch?v=4t5nnmatpey\" target=\"_blank\" rel=\"noopener\">https:\/\/www.youtube.com\/watch?v=4t5nnmatpey<\/a><\/p>\n<p>\u00ab\u00a0 From the Pyre \u00a0\u00bb devrait \u00eatre la suite de leur premier album de la critique en 2023 \u00abPrelude to Ecstasy\u00bb, qui ZikNation a d\u00e9cern\u00e9 quatre \u00e9toiles, disant que le groupe avait captur\u00e9 \u00abassez de confiance en soi et de magn\u00e9tisme pour les distinguer de ce qui s&rsquo;est pass\u00e9.\u00bb<\/p>\n<p>Parlant du nouvel album, le groupe a d\u00e9clar\u00e9: \u00ab\u00a0Ce disque est une collection d&rsquo;histoires, et le concept d&rsquo;album-as-mythos les lie.\u00a0\u00bb Le b\u00fbcher \u00ab\u00a0lui-m\u00eame est un lieu all\u00e9gorique dans lequel ces histoires proviennent, un lieu de violence et de destruction mais aussi de r\u00e9g\u00e9n\u00e9ration, de passion et de lumi\u00e8re.<\/p>\n<p>\u00ab\u00a0Les chansons sont ax\u00e9es sur les personnages mais toujours profond\u00e9ment personnelles, un \u00e9v\u00e9nement de vie banal pouss\u00e9 \u00e0 l&rsquo;extr\u00eame pathologique. \u00catre fant\u00f4me devient une danse occidentale avec un tueur, et le chagrin rit dans le visage de l&rsquo;apocalypse.\u00a0\u00bb<\/p>\n<p><a href=\"https:\/\/www.youtube.com\/watch?v=bmu_40qcjxo\" target=\"_blank\" rel=\"noopener\">https:\/\/www.youtube.com\/watch?v=bmu_40qcjxo<\/a><\/p>\n<p>Plus t\u00f4t cette ann\u00e9e, la guitariste et multi-instrumentiste Lizzie Mayland \u2013 maintenant par L.Mayland \u2013 racont\u00e9 ZikNation \u00c0 propos de ce que les fans peuvent attendre de la prochaine musique du dernier d\u00eener, disant que leur derni\u00e8re s\u00e9rie de mat\u00e9riel est inspir\u00e9e par des \u00abth\u00e8mes plus sombres\u00bb et \u00able traitement des \u00e9motions plus lourdes\u00bb.<\/p>\n<p>\u00ab\u00a0C&rsquo;est une p\u00e9riode assez sombre, donc je pense que cela se refl\u00e8te dans la musique parce que nous sommes en contact avec le monde\u00a0\u00bb, a ajout\u00e9 Mayland. \u00ab\u00a0Ce n&rsquo;est pas tout triste, cependant; il y a aussi des BOPS! Ce n&rsquo;est pas tout non plus.<\/p>\n<p>Pendant leur s\u00e9jour au Brits 2025 cette ann\u00e9e, o\u00f9 ils ont remport\u00e9 le prix du meilleur nouvel artiste, le groupe a \u00e9galement laiss\u00e9 tomber quelques conseils pour ZikNation \u00c0 propos du prochain album.<\/p>\n<p>\u00ab\u00a0J&rsquo;esp\u00e8re que la nouvelle musique arrivera bient\u00f4t)\u00a0\u00bb, a d\u00e9clar\u00e9 la frontwoman Abigail Morris. \u00ab\u00a0Nous y travaillons en ce moment et c&rsquo;est vraiment bien de cr\u00e9er \u00e0 nouveau apr\u00e8s avoir tourn\u00e9 si longtemps.\u00a0\u00bb<\/p>\n<p>Elle a poursuivi: \u00ab\u00a0Nous approchons du deuxi\u00e8me album de la m\u00eame mani\u00e8re que nous avons approch\u00e9 le premier album, c&rsquo;est-\u00e0-dire en faisant ce que nous voulons faire sans aucune pression ou attente. De toute \u00e9vidence, il y a un peu d&rsquo;anxi\u00e9t\u00e9 \u00e0 propos de la deuxi\u00e8me chose, mais nous nous en tenons simplement \u00e0 ce que nous voulons faire. Il s&rsquo;agit de faire ce qui semble juste pour le moment.\u00a0\u00bb Vous pouvez regarder cette interview en totalit\u00e9 via la vid\u00e9o ci-dessus.<\/p>\n<p><script async src=\"\/\/www.instagram.com\/embed.js\"><\/script><\/p>\n","protected":false},"excerpt":{"rendered":"Le dernier d\u00eener a annonc\u00e9 une visite du Royaume-Uni, de l&rsquo;Europe et de l&rsquo;Australie qui d\u00e9butera en novembre&hellip;\n","protected":false},"author":2,"featured_media":6228,"comment_status":"","ping_status":"","sticky":false,"template":"","format":"standard","meta":{"footnotes":""},"categories":[1588],"tags":[11,2562,4431,20070,1777,674,49984,18308,12,473,1853,1873,4441,1851,1850,1852],"class_list":{"0":"post-365480","1":"post","2":"type-post","3":"status-publish","4":"format-standard","5":"has-post-thumbnail","7":"category-royaume-uni","8":"tag-actualites","9":"tag-annonce","10":"tag-dernier","11":"tag-diner","12":"tag-eu","13":"tag-europe","14":"tag-l39australie","15":"tag-l39europe","16":"tag-news","17":"tag-royaume-uni","18":"tag-royaume-uni-de-grande-bretagne-et-dirlande-du-nord","19":"tag-royaumeuni","20":"tag-tournee","21":"tag-uk","22":"tag-united-kingdom","23":"tag-united-kingdom-of-great-britain-and-northern-ireland"},"share_on_mastodon":{"url":"https:\/\/pubeurope.com\/@fr\/115145602687653458","error":""},"_links":{"self":[{"href":"https:\/\/www.europesays.com\/fr\/wp-json\/wp\/v2\/posts\/365480","targetHints":{"allow":["GET"]}}],"collection":[{"href":"https:\/\/www.europesays.com\/fr\/wp-json\/wp\/v2\/posts"}],"about":[{"href":"https:\/\/www.europesays.com\/fr\/wp-json\/wp\/v2\/types\/post"}],"author":[{"embeddable":true,"href":"https:\/\/www.europesays.com\/fr\/wp-json\/wp\/v2\/users\/2"}],"replies":[{"embeddable":true,"href":"https:\/\/www.europesays.com\/fr\/wp-json\/wp\/v2\/comments?post=365480"}],"version-history":[{"count":0,"href":"https:\/\/www.europesays.com\/fr\/wp-json\/wp\/v2\/posts\/365480\/revisions"}],"wp:featuredmedia":[{"embeddable":true,"href":"https:\/\/www.europesays.com\/fr\/wp-json\/wp\/v2\/media\/6228"}],"wp:attachment":[{"href":"https:\/\/www.europesays.com\/fr\/wp-json\/wp\/v2\/media?parent=365480"}],"wp:term":[{"taxonomy":"category","embeddable":true,"href":"https:\/\/www.europesays.com\/fr\/wp-json\/wp\/v2\/categories?post=365480"},{"taxonomy":"post_tag","embeddable":true,"href":"https:\/\/www.europesays.com\/fr\/wp-json\/wp\/v2\/tags?post=365480"}],"curies":[{"name":"wp","href":"https:\/\/api.w.org\/{rel}","templated":true}]}}