{"id":365483,"date":"2025-09-04T10:41:13","date_gmt":"2025-09-04T10:41:13","guid":{"rendered":"https:\/\/www.europesays.com\/fr\/365483\/"},"modified":"2025-09-04T10:41:13","modified_gmt":"2025-09-04T10:41:13","slug":"leurope-quantique-veut-rivaliser-avec-les-etats-unis-et-la-chine","status":"publish","type":"post","link":"https:\/\/www.europesays.com\/fr\/365483\/","title":{"rendered":"l\u2019Europe quantique veut rivaliser avec les \u00c9tats-Unis et la Chine"},"content":{"rendered":"<p>\t\t<img loading=\"lazy\" width=\"780\" height=\"470\" src=\"https:\/\/i0.wp.com\/www.frenchweb.fr\/wp-content\/uploads\/2025\/09\/jan-goetz-iqm-fw.png?resize=780%2C470&amp;ssl=1\" class=\"attachment-jannah-image-post size-jannah-image-post wp-post-image jetpack-lazy-image\" alt=\"Jean Goetz, co fondateur et CEO de IQM\" decoding=\"async\" is_main_img=\"1\" data-lazy-src=\"https:\/\/www.europesays.com\/fr\/wp-content\/uploads\/2025\/09\/jan-goetz-iqm-fw.png\" \/><\/p>\n<p>\t\t\t\t\t\t\t Jean Goetz, co fondateur et CEO de IQM<\/p>\n<p>La comp\u00e9tition mondiale pour l\u2019informatique quantique prend une nouvelle dimension en Europe avec <a rel=\"nofollow noopener\" target=\"_blank\" href=\"https:\/\/meetiqm.com\/\">IQM Quantum Computers<\/a> qui annonce un tour de table de 320 millions d\u2019euros, la plus importante lev\u00e9e de fonds dans ce domaine en dehors des \u00c9tats-Unis. L\u2019op\u00e9ration confirme l\u2019ambition du continent de peser dans une course domin\u00e9e jusqu\u2019ici par les g\u00e9ants am\u00e9ricains et chinois.<\/p>\n<p>Fond\u00e9e en 2019 \u00e0 Helsinki, IQM s\u2019est sp\u00e9cialis\u00e9e dans les ordinateurs quantiques supraconducteurs. Sa technologie s\u2019appuie sur une correction d\u2019erreurs dite \u201chardware-efficient\u201d et une int\u00e9gration syst\u00e8me avanc\u00e9e, deux \u00e9l\u00e9ments d\u00e9terminants pour am\u00e9liorer la fiabilit\u00e9 des machines. Plus de treize syst\u00e8mes ont d\u00e9j\u00e0 \u00e9t\u00e9 d\u00e9ploy\u00e9s dans des centres de calcul haute performance en Europe. Parall\u00e8lement, la soci\u00e9t\u00e9 a lanc\u00e9 Resonance, une plateforme cloud qui permet \u00e0 des entreprises de secteurs comme la pharmacie, la finance, la logistique ou la cybers\u00e9curit\u00e9 de d\u00e9velopper des cas d\u2019usage quantique.<\/p>\n<p>Avec ce financement, IQM pr\u00e9voit d\u2019augmenter ses capacit\u00e9s de production de puces en Finlande et de poursuivre son objectif \u00e0 long terme et atteindre des syst\u00e8mes tol\u00e9rants aux fautes capables de fonctionner avec plusieurs millions de qubits. La soci\u00e9t\u00e9 veut aussi renforcer sa pr\u00e9sence aux \u00c9tats-Unis et dans la r\u00e9gion Asie-Pacifique, \u00e9largir l\u2019adoption de son offre cloud aupr\u00e8s des entreprises et lancer un SDK d\u00e9veloppeur en partenariat avec Crisp.<\/p>\n<\/p>\n<p>Cette lev\u00e9e de fonds a \u00e9t\u00e9 men\u00e9e par Ten Eleven Ventures, premier investisseur am\u00e9ricain \u00e0 rejoindre le capital d\u2019IQM, aux c\u00f4t\u00e9s du fonds finlandais Tesi. Parmi les autres participants figurent Elo Mutual Pension Insurance, Varma, Schwarz Group, Winbond Electronics Corporation, le Conseil europ\u00e9en de l\u2019innovation (EIC) et Bayern Kapital. Depuis sa cr\u00e9ation par <a href=\"https:\/\/www.frenchweb.fr\/decode-quantum-a-la-rencontre-de-jan-goetz-ceo-diqm\/448067\" rel=\"nofollow noopener\" target=\"_blank\">JAN GOETZ<\/a>, MIKKO V\u00c4LIM\u00c4KI et JUHA VARTIAINEN, la soci\u00e9t\u00e9 a lev\u00e9 au total 600 millions d\u2019euros.<\/p>\n<p>                         <a href=\"https:\/\/www.frenchweb.fr\" class=\"fn url\" target=\"_blank\" title=\"LA REDACTION DE FRENCHWEB.FR\" rel=\"nofollow noopener\"> <img decoding=\"async\" alt=\"\" src=\"https:\/\/i0.wp.com\/www.frenchweb.fr\/wp-content\/uploads\/gravatar\/la-redaction-frenchweb-6.jpg?ssl=1\" class=\"avatar avatar-250 photo jetpack-lazy-image\" style=\"max-width:250px\" data-lazy-src=\"https:\/\/www.europesays.com\/fr\/wp-content\/uploads\/2025\/09\/la-redaction-frenchweb-6.jpg\"  data-recalc-dims=\"1\"\/><\/a> Pour nous contacter, nous vous avons pr\u00e9par\u00e9 un petit formulaire pour bien g\u00e9rer votre demande et pouvoir l&rsquo;adresser en toute confidentialit\u00e9. <a href=\"https:\/\/www.frenchweb.fr\/contacter-la-redaction\" rel=\"nofollow noopener\" target=\"_blank\">Cliquez ici pour y acc\u00e9der<\/a> <a href=\"https:\/\/www.frenchweb.fr\" class=\"url\" target=\"_blank\" title=\"LA REDACTION DE FRENCHWEB.FR\" rel=\"nofollow noopener\"><img decoding=\"async\" alt=\"\" src=\"https:\/\/i0.wp.com\/www.frenchweb.fr\/wp-content\/uploads\/gravatar\/la-redaction-frenchweb-6.jpg?ssl=1\" class=\"avatar avatar-250 photo jetpack-lazy-image\" style=\"max-width:250px\" data-lazy-src=\"https:\/\/www.europesays.com\/fr\/wp-content\/uploads\/2025\/09\/la-redaction-frenchweb-6.jpg\"  data-recalc-dims=\"1\"\/><\/a>Les derniers articles par LA REDACTION DE FRENCHWEB.FR (<a href=\"https:\/\/www.frenchweb.fr\/author\/journaliste\" rel=\"nofollow noopener\" target=\"_blank\">tout voir<\/a>)  <\/p>\n","protected":false},"excerpt":{"rendered":"Jean Goetz, co fondateur et CEO de IQM La comp\u00e9tition mondiale pour l\u2019informatique quantique prend une nouvelle dimension&hellip;\n","protected":false},"author":2,"featured_media":365484,"comment_status":"","ping_status":"","sticky":false,"template":"","format":"standard","meta":{"footnotes":""},"categories":[1586],"tags":[11,49985,49986,1777,674,1011,27,49987,49988,49989,49990,12,25,49991,49992],"class_list":{"0":"post-365483","1":"post","2":"type-post","3":"status-publish","4":"format-standard","5":"has-post-thumbnail","7":"category-europe","8":"tag-actualites","9":"tag-bayern-capital","10":"tag-eic","11":"tag-eu","12":"tag-europe","13":"tag-fr","14":"tag-france","15":"tag-iqm-quantum-computers","16":"tag-jean-goetz","17":"tag-juha-vartiainen","18":"tag-mikko-valimaki","19":"tag-news","20":"tag-republique-francaise","21":"tag-ten-eleven-ventures","22":"tag-tesi"},"share_on_mastodon":{"url":"https:\/\/pubeurope.com\/@fr\/115145610991958483","error":""},"_links":{"self":[{"href":"https:\/\/www.europesays.com\/fr\/wp-json\/wp\/v2\/posts\/365483","targetHints":{"allow":["GET"]}}],"collection":[{"href":"https:\/\/www.europesays.com\/fr\/wp-json\/wp\/v2\/posts"}],"about":[{"href":"https:\/\/www.europesays.com\/fr\/wp-json\/wp\/v2\/types\/post"}],"author":[{"embeddable":true,"href":"https:\/\/www.europesays.com\/fr\/wp-json\/wp\/v2\/users\/2"}],"replies":[{"embeddable":true,"href":"https:\/\/www.europesays.com\/fr\/wp-json\/wp\/v2\/comments?post=365483"}],"version-history":[{"count":0,"href":"https:\/\/www.europesays.com\/fr\/wp-json\/wp\/v2\/posts\/365483\/revisions"}],"wp:featuredmedia":[{"embeddable":true,"href":"https:\/\/www.europesays.com\/fr\/wp-json\/wp\/v2\/media\/365484"}],"wp:attachment":[{"href":"https:\/\/www.europesays.com\/fr\/wp-json\/wp\/v2\/media?parent=365483"}],"wp:term":[{"taxonomy":"category","embeddable":true,"href":"https:\/\/www.europesays.com\/fr\/wp-json\/wp\/v2\/categories?post=365483"},{"taxonomy":"post_tag","embeddable":true,"href":"https:\/\/www.europesays.com\/fr\/wp-json\/wp\/v2\/tags?post=365483"}],"curies":[{"name":"wp","href":"https:\/\/api.w.org\/{rel}","templated":true}]}}