{"id":365485,"date":"2025-09-04T10:42:14","date_gmt":"2025-09-04T10:42:14","guid":{"rendered":"https:\/\/www.europesays.com\/fr\/365485\/"},"modified":"2025-09-04T10:42:14","modified_gmt":"2025-09-04T10:42:14","slug":"devenir-un-protectorat-americain-nest-pas-inevitable","status":"publish","type":"post","link":"https:\/\/www.europesays.com\/fr\/365485\/","title":{"rendered":"\u201cDevenir un protectorat am\u00e9ricain n\u2019est pas in\u00e9vitable\u201d"},"content":{"rendered":"<p>        Lire\u00a0plus\u00a0tard      <\/p>\n<p><a aria-label=\"Nous suivre sur Google News\" href=\"https:\/\/news.google.com\/publications\/CAAqBwgKMJe4nQkw3dFs?hl=fr&amp;gl=FR&amp;ceid=FR%3Afr\" target=\"_blank\" data-piano=\"Page_Article,Sous_date_publi,Nous_suivre_sur_google_news,1er_clic,action\" class=\"btn btn--small btn--tertiary btn--icon-only\" rel=\"noopener\"><\/p>\n<p>      Google Actualit\u00e9s<br \/>\n  <\/a><\/p>\n<p>  Partager<\/p>\n<p>        Facebook<\/p>\n<p>        Bluesky<\/p>\n<p>        E-mail<\/p>\n<p>        Copier le lien<\/p>\n<p>      Envoyer<\/p>\n<p>      S\u2019abonner    <\/p>\n<p class=\"node__paragraphe antonia-750r text-grey-800 pb-24 pb-md-32\">\nC\u2019est devenu une tradition pour les pro-europ\u00e9ens de faire leur rentr\u00e9e politique \u00e0 Ventotene, l\u2019\u00eele italienne o\u00f9 Altiero Spinelli r\u00e9digea en\u00a01941 le \u00ab\u00a0Manifeste pour une Europe libre et unie\u00a0\u00bb. Renouer avec l\u2019esprit de ce manifeste n\u2019a jamais \u00e9t\u00e9 aussi urgent\u00a0: notre Union para\u00eet dangereusement divis\u00e9e et affaiblie dans un environnement de plus en plus hostile, tant en interne qu\u2019\u00e0 l\u2019ext\u00e9rieur de ses fronti\u00e8res.<\/p>\n<p class=\"node__paragraphe antonia-750r text-grey-800 pb-24 pb-md-32\">\nAvec seulement 5\u00a0% de la population mondiale et un retard \u00e9conomique croissant, confront\u00e9e \u00e0 un monde domin\u00e9 par des empires de la Russie de Poutine aux Etats-Unis de Trump en passant par la Chine de Xi Jinping, l\u2019Europe risque de devenir une simple vassale de l\u2019Am\u00e9rique. C\u2019est devenu clair avec les concessions unilat\u00e9rales consenties \u00e0 Trump en mati\u00e8re de droits de douane et de d\u00e9penses de d\u00e9fense, et l\u2019acceptation d\u2019un r\u00f4le subalterne dans les n\u00e9gociations concernant la guerre en Ukraine. L\u2019Union europ\u00e9enne joue \u00e9galement un r\u00f4le insignifiant dans tous les autres conflits qui affectent son voisinage, de Gaza au Haut-Karabakh.<\/p>\n<p class=\"node__paragraphe antonia-750r text-grey-800 pb-24 pb-md-32\">\nSur le plan int\u00e9rieur, la deuxi\u00e8me Commission <a href=\"https:\/\/www.nouvelobs.com\/politique\/20250424.OBS103140\/le-double-jeu-d-ursula-von-der-leyen-enquete-sur-la-femme-la-plus-puissante-d-europe.html\" target=\"_blank\" rel=\"noopener\">Von der Leyen<\/a> a d\u00e9cid\u00e9 de remettre en cause le <a href=\"https:\/\/www.nouvelobs.com\/economie\/20240506.OBS87988\/le-pacte-vert-en-zone-de-turbulences.html\" target=\"_blank\" rel=\"noopener\">Pacte vert<\/a>, qui \u00e9tait pourtant le projet phare de son premier mandat, comme si le changement climatique ne s\u2019aggravait pas. Elle a pr\u00e9sent\u00e9 \u00e9galement un projet de budget europ\u00e9en pluriannuel d\u00e9cevant, qui ne pr\u00e9voit pas une r\u00e9elle hausse des d\u00e9penses et d\u00e9fait la politique de coh\u00e9sion pour financer de nouvelles priorit\u00e9s en mati\u00e8re de recherche et de d\u00e9fense. Dans le m\u00eame temps, l\u2019extr\u00eame droite populiste eurosceptique et europhobe, amie de Poutine et de Trump, n\u2019a jamais \u00e9t\u00e9 aussi puissante au sein des Etats membres comme des institutions de l\u2019UE.<\/p>\n<p class=\"latino-500b text-grey-600 pb-16\">A lire aussi<\/p>\n<p><a href=\"https:\/\/www.nouvelobs.com\/monde\/20250903.OBS107310\/a-pekin-fico-compare-l-ue-a-un-crapaud-au-fond-d-un-puits-quand-les-cancres-de-l-europe-courtisent-poutine-et-xi.html\" data-article-key=\"20250903.OBS107310\" class=\"link--box flex-grow-1\" data-piano=\"Page_Article,Lire_aussi,,Lien1,navigation\" target=\"_blank\" rel=\"noopener\"><\/p>\n<p>                <img decoding=\"async\" src=\"data:image\/svg+xml,%3Csvg%20xmlns%3D%27http%3A%2F%2Fwww.w3.org%2F2000%2Fsvg%27%20fill%3D%22%23e4e4e4%22%20viewBox%3D%270%200%20120%2080%27%20width%3D%22120%22%20height%3D%2280%22%3E%3Cpath%20d%3D%27M0%200h120v80H0z%27%2F%3E%3C%2Fsvg%3E\"  width=\"120\" height=\"79\" loading=\"lazy\" alt=\"Le Premier ministre slovaque Robert Fico, le 2\u00a0septembre \u00e0 P\u00e9kin.\"\/><\/p>\n<p class=\"latino-300r latino-lg-600m text-grey-800\">\n                    A P\u00e9kin, Fico compare l\u2019UE \u00e0 \u00ab\u00a0un crapaud\u00a0au fond d\u2019un puits\u00a0\u00bb\u00a0: quand les cancres de l\u2019Europe courtisent Poutine et Xi        <\/p>\n<p><\/a><\/p>\n<p class=\"node__paragraphe antonia-750r text-grey-800 pb-24 pb-md-32\">\nLes dirigeants actuels de l\u2019UE souffrent d\u2019un manque de vision \u00e0 long terme, d\u2019unit\u00e9 et de capacit\u00e9 institutionnelle. Pour l\u2019instant, une alliance improbable de sympathisants de Trump et d\u2019atlantistes nostalgiques semble dominer le Conseil europ\u00e9en et la Commission. Ainsi, la ligne qui pr\u00e9vaut jusqu\u2019\u00e0 pr\u00e9sent consiste \u00e0 flatter et \u00e0 apaiser le pr\u00e9sident am\u00e9ricain, dans l\u2019espoir de limiter les d\u00e9g\u00e2ts, ce qui renforce en r\u00e9alit\u00e9 notre d\u00e9pendance politique, strat\u00e9gique et \u00e9conomique \u00e0 l\u2019\u00e9gard de Washington. Cette strat\u00e9gie est peu efficace, car pour Trump, les contrats n\u2019engagent que l\u2019autre partie, jamais lui. Accepter de consacrer 5\u00a0% du PIB europ\u00e9en \u00e0 la d\u00e9fense et d\u2019acheter davantage d\u2019armes et de gaz naturel am\u00e9ricains n\u2019a en aucune fa\u00e7on renforc\u00e9 son engagement en faveur de la s\u00e9curit\u00e9 collective, \u00e9vit\u00e9 les droits de douane punitifs, ni renforc\u00e9 le soutien am\u00e9ricain \u00e0 l\u2019Ukraine. Il s\u2019agit pour lui principalement d\u2019engranger des gains pour l\u2019\u00e9conomie am\u00e9ricaine, des contrats miniers aux ventes d\u2019armes. Paradoxalement, c\u2019est l\u2019absence d\u2019engagement s\u00e9rieux de Poutine en faveur d\u2019un r\u00e8glement n\u00e9goci\u00e9 qui emp\u00eache Trump de parvenir \u00e0 un accord au sujet de l\u2019Ukraine aux conditions de Moscou.<\/p>\n<p class=\"node__paragraphe antonia-750r text-grey-800 pb-24 pb-md-32\">\nIl devrait \u00eatre clair d\u00e9sormais que Trump n\u2019est pas, et ne sera jamais, un alli\u00e9. L\u2019Am\u00e9rique de Trump est un choc g\u00e9opolitique, \u00e9conomique et culturel majeur pour l\u2019Europe. Devenir un simple protectorat am\u00e9ricain n\u2019est cependant pas in\u00e9vitable. Une autre voie est possible compte tenu notamment de l\u2019indignation soulev\u00e9e par la s\u00e9rie de concessions et d\u2019humiliations auxquelles nous assistons. Le renouveau d\u2019une majorit\u00e9 pro-europ\u00e9enne au sein des trois institutions, et en particulier au Parlement europ\u00e9en, permettrait de changer de cap, de passer de la vassalisation \u00e0 l\u2019autod\u00e9termination. Il revient au Parlement, qui doit contr\u00f4ler la Commission, d\u2019exiger de celle-ci une nouvelle orientation, puisqu\u2019il d\u00e9tient le pouvoir de la censurer. Pour commencer, il aurait la capacit\u00e9 de bloquer la r\u00e9duction des droits de douane europ\u00e9ens sur les produits am\u00e9ricains, une mesure qui recueillerait certainement l\u2019assentiment des \u00e9lecteurs europ\u00e9ens. Il devrait l\u2019utiliser, montrant ainsi que l\u2019Europe est capable de r\u00e9sister au chantage.<\/p>\n<p class=\"latino-500b text-grey-600 pb-16\">A lire aussi<\/p>\n<p><a href=\"https:\/\/www.nouvelobs.com\/monde\/20250826.OBS107033\/josep-borrell-nous-avons-dormi-trop-longtemps-sous-le-parapluie-americain.html\" data-article-key=\"20250826.OBS107033\" class=\"link--box flex-grow-1\" data-piano=\"Page_Article,Lire_aussi,,Lien2,navigation\" target=\"_blank\" rel=\"noopener\"><\/p>\n<p>                <img decoding=\"async\" src=\"data:image\/svg+xml,%3Csvg%20xmlns%3D%27http%3A%2F%2Fwww.w3.org%2F2000%2Fsvg%27%20fill%3D%22%23e4e4e4%22%20viewBox%3D%270%200%20120%2080%27%20width%3D%22120%22%20height%3D%2280%22%3E%3Cpath%20d%3D%27M0%200h120v80H0z%27%2F%3E%3C%2Fsvg%3E\"  width=\"120\" height=\"79\" loading=\"lazy\" alt=\"Josep Borrell, alors haut repr\u00e9sentant de l\u2019Union pour les affaires \u00e9trang\u00e8res et la politique de s\u00e9curit\u00e9, participe \u00e0 une r\u00e9union avec le ministre japonais de la D\u00e9fense, Gen Nakatani (non pr\u00e9sent sur la photo), au minist\u00e8re de la D\u00e9fense \u00e0 Tokyo, le 1\u1d49\u02b3\u00a0novembre 2024.\"\/><\/p>\n<p class=\"latino-300r latino-lg-600m text-grey-800\">\n                      <strong class=\"latino-300b latino-lg-600m text-grey-500\">Entretien\u00a0<\/strong><br \/>\n                    Josep Borrell\u00a0: \u00ab\u00a0Nous avons dormi trop longtemps sous le parapluie am\u00e9ricain\u00a0\u00bb        <\/p>\n<p><\/a><\/p>\n<p class=\"node__paragraphe antonia-750r text-grey-800 pb-24 pb-md-32\">\nNous devons de plus renforcer notre union politique et surmonter le v\u00e9tocratie qui permet \u00e0 Orb\u00e1n [le Premier ministre hongrois, NDLR] de bloquer l\u2019aide militaire de l\u2019UE \u00e0 l\u2019Ukraine. Il nous faut construire notre propre syst\u00e8me de d\u00e9fense, ind\u00e9pendant des Etats-Unis et susceptible de dissuader le Kremlin. L\u00e0 aussi, de telles d\u00e9cisions seraient tr\u00e8s populaires aupr\u00e8s de la plupart des citoyens europ\u00e9ens. Comme <a href=\"https:\/\/www.nouvelobs.com\/economie\/20250902.OBS107245\/ukraine-gaza-droits-de-douane-la-grande-panne-de-bruxelles.html\" target=\"_blank\" rel=\"noopener\">l\u2019a d\u00e9clar\u00e9 Mario Draghi<\/a>, nous ne deviendrons pas une puissance g\u00e9opolitique en nous fondant uniquement sur la relance de notre comp\u00e9titivit\u00e9 et de notre march\u00e9 int\u00e9rieur. Nous devons devenir une v\u00e9ritable union f\u00e9d\u00e9rale, enfin lib\u00e9r\u00e9e des contraintes de l\u2019unanimit\u00e9 et dot\u00e9e de comp\u00e9tences en mati\u00e8re de politique \u00e9trang\u00e8re et de s\u00e9curit\u00e9. Les principaux Etats membres devraient activer imm\u00e9diatement la clause de d\u00e9fense commune pr\u00e9vue par les trait\u00e9s et engager une r\u00e9forme de ces trait\u00e9s, en collaboration avec le Parlement.<\/p>\n<p class=\"node__paragraphe antonia-750r text-grey-800 pb-24 pb-md-32\">\nA d\u00e9faut, une coalition de pays volontaires devrait lancer une nouvelle \u00ab\u00a0Communaut\u00e9 europ\u00e9enne de d\u00e9fense\u00a0\u00bb, dot\u00e9e d\u2019une dimension parlementaire et budg\u00e9taire, et ouverte \u00e0 tous les Etats membres souhaitant y adh\u00e9rer. Si aucune mesure n\u2019est prise et si nous nous contentons d\u2019attendre la prochaine crise pour improviser des d\u00e9cisions difficiles, l\u2019Europe risque de mourir en tant que projet politique.<\/p>\n<ul class=\"node__bulletedList antonia-750r text-grey-800 pb-24 pb-md-40\">\n<li><strong>Josep Borrell Fontelles<\/strong>, ancien haut repr\u00e9sentant de l\u2019UE pour les affaires \u00e9trang\u00e8res et la politique de s\u00e9curit\u00e9\u00a0;<\/li>\n<li><strong>Guy Verhofstadt<\/strong>,<strong> <\/strong>ancien Premier ministre de Belgique, pr\u00e9sident du Mouvement europ\u00e9en international\u00a0;<\/li>\n<li><strong>Dom\u00e8nec Ruiz Devesa<\/strong>, ancien d\u00e9put\u00e9 europ\u00e9en, pr\u00e9sident de l\u2019Union des F\u00e9d\u00e9ralistes europ\u00e9ens.<\/li>\n<\/ul>\n<p class=\"latino-600m text-green-500\">Cet article est une tribune, r\u00e9dig\u00e9e par un auteur ext\u00e9rieur<br \/>\n            au journal et dont le point de vue n\u2019engage pas la r\u00e9daction.<\/p>\n<p class=\"authors latino-600m text-grey-800\">\n<p>  Par\u00a0<br \/>\nJosep Borrell, Guy Verhofstadt et Dom\u00e8nec Ruiz Devesa,<\/p>\n","protected":false},"excerpt":{"rendered":"Lire\u00a0plus\u00a0tard Google Actualit\u00e9s Partager Facebook Bluesky E-mail Copier le lien Envoyer S\u2019abonner C\u2019est devenu une tradition pour les&hellip;\n","protected":false},"author":2,"featured_media":365486,"comment_status":"","ping_status":"","sticky":false,"template":"","format":"standard","meta":{"footnotes":""},"categories":[1586],"tags":[17,11,7204,8300,1777,674,1779,4538,1011,27,49994,74,12,49993,25,1778,4403,364],"class_list":{"0":"post-365485","1":"post","2":"type-post","3":"status-publish","4":"format-standard","5":"has-post-thumbnail","7":"category-europe","8":"tag-17","9":"tag-actualites","10":"tag-americain","11":"tag-devenir","12":"tag-eu","13":"tag-europe","14":"tag-european-union","15":"tag-europeenne","16":"tag-fr","17":"tag-france","18":"tag-inevitable","19":"tag-monde","20":"tag-news","21":"tag-protectorat","22":"tag-republique-francaise","23":"tag-ue","24":"tag-union","25":"tag-union-europeenne"},"share_on_mastodon":{"url":"https:\/\/pubeurope.com\/@fr\/115145614566705738","error":""},"_links":{"self":[{"href":"https:\/\/www.europesays.com\/fr\/wp-json\/wp\/v2\/posts\/365485","targetHints":{"allow":["GET"]}}],"collection":[{"href":"https:\/\/www.europesays.com\/fr\/wp-json\/wp\/v2\/posts"}],"about":[{"href":"https:\/\/www.europesays.com\/fr\/wp-json\/wp\/v2\/types\/post"}],"author":[{"embeddable":true,"href":"https:\/\/www.europesays.com\/fr\/wp-json\/wp\/v2\/users\/2"}],"replies":[{"embeddable":true,"href":"https:\/\/www.europesays.com\/fr\/wp-json\/wp\/v2\/comments?post=365485"}],"version-history":[{"count":0,"href":"https:\/\/www.europesays.com\/fr\/wp-json\/wp\/v2\/posts\/365485\/revisions"}],"wp:featuredmedia":[{"embeddable":true,"href":"https:\/\/www.europesays.com\/fr\/wp-json\/wp\/v2\/media\/365486"}],"wp:attachment":[{"href":"https:\/\/www.europesays.com\/fr\/wp-json\/wp\/v2\/media?parent=365485"}],"wp:term":[{"taxonomy":"category","embeddable":true,"href":"https:\/\/www.europesays.com\/fr\/wp-json\/wp\/v2\/categories?post=365485"},{"taxonomy":"post_tag","embeddable":true,"href":"https:\/\/www.europesays.com\/fr\/wp-json\/wp\/v2\/tags?post=365485"}],"curies":[{"name":"wp","href":"https:\/\/api.w.org\/{rel}","templated":true}]}}