{"id":365487,"date":"2025-09-04T10:43:10","date_gmt":"2025-09-04T10:43:10","guid":{"rendered":"https:\/\/www.europesays.com\/fr\/365487\/"},"modified":"2025-09-04T10:43:10","modified_gmt":"2025-09-04T10:43:10","slug":"la-marque-iconique-petit-bateau-passe-sous-pavillon-americain","status":"publish","type":"post","link":"https:\/\/www.europesays.com\/fr\/365487\/","title":{"rendered":"La marque iconique Petit Bateau passe sous pavillon am\u00e9ricain"},"content":{"rendered":"<p><strong>INFO LE FIGARO &#8211;<\/strong> Groupe Rocher c\u00e8de la c\u00e9l\u00e8bre marque fran\u00e7aise de v\u00eatements pour enfants au fonds d\u2019investissement Regent.<\/p>\n<p class=\"fig-paragraph\">Le fonds am\u00e9ricain Regent va racheter la marque iconique fran\u00e7aise de v\u00eatements pour enfant\u00a0<a href=\"http:\/\/www.lefigaro.fr\/societes\/le-groupe-rocher-pret-a-ceder-petit-bateau-pour-repartir-de-l-avant-20250115\" data-fig-type=\"Article\" data-gtm-custom-categorie=\"navigation\" data-gtm-custom-action=\"crossclick\" data-gtm-custom-label=\"Contextuel\" data-gtm-event=\"customEventSPE\" data-fig-domain=\"LEFIGARO\" rel=\"nofollow noopener\" target=\"_blank\">Petit Bateau<\/a>\u00a0au Groupe Rocher. \u00abCe projet de cession s\u2019appuie sur l\u2019ambition d\u2019insuffler une nouvelle dynamique de croissance pour Petit Bateau, port\u00e9e par les moyens et l\u2019expertise de Regent, sp\u00e9cialiste de la relance de maisons patrimoniales\u00bb, indique Groupe Rocher, qui veut se concentrer sur ses marques de beaut\u00e9 et de soin dont la marque \u00e9ponyme\u00a0<a href=\"https:\/\/www.lefigaro.fr\/societes\/yves-rocher-contraint-a-une-cure-de-jouvence-20230316\" target=\"_blank\" data-fig-type=\"Article\" rel=\"noopener nofollow\" data-gtm-custom-categorie=\"navigation\" data-gtm-custom-action=\"crossclick\" data-gtm-custom-label=\"Contextuel\" data-gtm-event=\"customEventSPE\" data-fig-domain=\"LEFIGARO\">Yves Rocher<\/a>. Fond\u00e9 en 2013, le fonds d\u2019investissement Regent, dont le si\u00e8ge se situe en Californie, est connu pour avoir relanc\u00e9 plusieurs maisons dont DIM en France, Bally en Suisse ou La Senza au Canada.<\/p>\n<p class=\"fig-premium-paywall__infos\">\n        Cet article est r\u00e9serv\u00e9 aux abonn\u00e9s.        Il vous reste 70% \u00e0 d\u00e9couvrir.\n    <\/p>\n<p>                <img  data- alt=\"Le Figaro\" class=\"fig-img--complete fig-img\"\/><\/p>\n<p class=\"fig-premium-paywall__title\">Vente Flash<\/p>\n<p class=\"fig-premium-paywall__subtitle\">4,99\u20ac par mois pendant 12 mois. Sans engagement<\/p>\n<p class=\"fig-premium-paywall__connect\">\n                D\u00e9j\u00e0 abonn\u00e9\u00a0?                <a class=\"fig-premium-paywall__connect-link\" href=\"https:\/\/connect.lefigaro.fr\/login?client=horizon_web&amp;type=main&amp;redirect_uri=https%3A%2F%2Fwww.lefigaro.fr%2Fsocietes%2Fla-marque-iconique-petit-bateau-passe-sous-pavillon-americain-20250904\" data-js-gtm=\"{&quot;customCategorie&quot;: &quot;conversion&quot;, &quot;customAction&quot;: &quot;before_Landing_Connexion_paywall_manuel&quot;, &quot;customLabel&quot;: &quot;bGVmaWdhcm8uZnJfXzFmMDg5Njk4LWQ0OTktNmNlOC04ZTdiLTJmZGY2ODliMGJjZl9fTmV3c0ZsYXNo_La marque iconique Petit Bateau passe sous pavillon am\u00e9ricain_1299&quot;, &quot;customIDSPE&quot;: &quot;bGVmaWdhcm8uZnJfXzFmMDg5Njk4LWQ0OTktNmNlOC04ZTdiLTJmZGY2ODliMGJjZl9fTmV3c0ZsYXNo&quot;, &quot;event&quot;: &quot;customEventSPE&quot;}\" rel=\"nofollow noopener\" target=\"_blank\"><br \/>\n                    Connectez-vous<br \/>\n                <\/a>\n            <\/p>\n","protected":false},"excerpt":{"rendered":"INFO LE FIGARO &#8211; Groupe Rocher c\u00e8de la c\u00e9l\u00e8bre marque fran\u00e7aise de v\u00eatements pour enfants au fonds d\u2019investissement&hellip;\n","protected":false},"author":2,"featured_media":365488,"comment_status":"","ping_status":"","sticky":false,"template":"","format":"standard","meta":{"footnotes":""},"categories":[2],"tags":[11,1011,27,3731,12,25,2422],"class_list":{"0":"post-365487","1":"post","2":"type-post","3":"status-publish","4":"format-standard","5":"has-post-thumbnail","7":"category-actualites","8":"tag-actualites","9":"tag-fr","10":"tag-france","11":"tag-habillement","12":"tag-news","13":"tag-republique-francaise","14":"tag-textile"},"share_on_mastodon":{"url":"https:\/\/pubeurope.com\/@fr\/115145618509152206","error":""},"_links":{"self":[{"href":"https:\/\/www.europesays.com\/fr\/wp-json\/wp\/v2\/posts\/365487","targetHints":{"allow":["GET"]}}],"collection":[{"href":"https:\/\/www.europesays.com\/fr\/wp-json\/wp\/v2\/posts"}],"about":[{"href":"https:\/\/www.europesays.com\/fr\/wp-json\/wp\/v2\/types\/post"}],"author":[{"embeddable":true,"href":"https:\/\/www.europesays.com\/fr\/wp-json\/wp\/v2\/users\/2"}],"replies":[{"embeddable":true,"href":"https:\/\/www.europesays.com\/fr\/wp-json\/wp\/v2\/comments?post=365487"}],"version-history":[{"count":0,"href":"https:\/\/www.europesays.com\/fr\/wp-json\/wp\/v2\/posts\/365487\/revisions"}],"wp:featuredmedia":[{"embeddable":true,"href":"https:\/\/www.europesays.com\/fr\/wp-json\/wp\/v2\/media\/365488"}],"wp:attachment":[{"href":"https:\/\/www.europesays.com\/fr\/wp-json\/wp\/v2\/media?parent=365487"}],"wp:term":[{"taxonomy":"category","embeddable":true,"href":"https:\/\/www.europesays.com\/fr\/wp-json\/wp\/v2\/categories?post=365487"},{"taxonomy":"post_tag","embeddable":true,"href":"https:\/\/www.europesays.com\/fr\/wp-json\/wp\/v2\/tags?post=365487"}],"curies":[{"name":"wp","href":"https:\/\/api.w.org\/{rel}","templated":true}]}}