{"id":365490,"date":"2025-09-04T10:45:10","date_gmt":"2025-09-04T10:45:10","guid":{"rendered":"https:\/\/www.europesays.com\/fr\/365490\/"},"modified":"2025-09-04T10:45:10","modified_gmt":"2025-09-04T10:45:10","slug":"suivez-le-quart-de-finale-france-bresil-en-live","status":"publish","type":"post","link":"https:\/\/www.europesays.com\/fr\/365490\/","title":{"rendered":"suivez le quart de finale France-Br\u00e9sil en live"},"content":{"rendered":"<p>10h02<\/p>\n<p>Les Bleues ont failli faire tomber le Br\u00e9sil en poules<\/p>\n<p>La t\u00e2che sera tr\u00e8s ardue pour les Bleues mais les co\u00e9quipi\u00e8res de Helena Cazaute pourront s&rsquo;appuyer sur leur grosse prestation face aux Br\u00e9siliennes en poule. Les Fran\u00e7aises s&rsquo;\u00e9taient inclin\u00e9s (3-2) apr\u00e8s avoir men\u00e9 deux sets \u00e0 z\u00e9ro et avoir perdu le set d\u00e9cisif d&rsquo;un rien (15-13). Elles restaient aussi sur un revers accroch\u00e9 contre les Br\u00e9siliennes (3-1).<\/p>\n<p>09h58<\/p>\n<p>Un ogre face aux Bleues<\/p>\n<p>Apr\u00e8s avoir sorti la Chine, l&rsquo;\u00e9quipe de France (13e nation mondiale) s&rsquo;attaque \u00e0 un morceau encore plus costaud ce jeudi puisque la Br\u00e9sil est 2e au classement mondial (derri\u00e8re l&rsquo;Italie). Les Br\u00e9siliennes comptent deux titres olympiques (2008, 2012) et restent sur une d\u00e9faite en finale du dernier Mondial 2022. Une comp\u00e9tition qu&rsquo;elle n&rsquo;ont jamais remport\u00e9e (quatre finales perdues).<\/p>\n<p>09h55<\/p>\n<p>Bonjour \u00e0 tous<\/p>\n<p>Bienvenue dans notre live pour suivre en direct comment\u00e9 le quart de finale historique de l&rsquo;\u00e9quipe de France face au Br\u00e9sil, ce jeudi (12h) au championnat du monde de volley-ball. Les Bleues, qui participent \u00e0 leur premier Mondial depuis 1974, ont sign\u00e9 un exploit en 8e de finale en sortant la Chine (3-1), 7e nation mondiale.<\/p>\n","protected":false},"excerpt":{"rendered":"10h02 Les Bleues ont failli faire tomber le Br\u00e9sil en poules La t\u00e2che sera tr\u00e8s ardue pour les&hellip;\n","protected":false},"author":2,"featured_media":365491,"comment_status":"","ping_status":"","sticky":false,"template":"","format":"standard","meta":{"footnotes":""},"categories":[4],"tags":[11,1011,27,12,25],"class_list":{"0":"post-365490","1":"post","2":"type-post","3":"status-publish","4":"format-standard","5":"has-post-thumbnail","7":"category-france","8":"tag-actualites","9":"tag-fr","10":"tag-france","11":"tag-news","12":"tag-republique-francaise"},"share_on_mastodon":{"url":"https:\/\/pubeurope.com\/@fr\/115145626278348403","error":""},"_links":{"self":[{"href":"https:\/\/www.europesays.com\/fr\/wp-json\/wp\/v2\/posts\/365490","targetHints":{"allow":["GET"]}}],"collection":[{"href":"https:\/\/www.europesays.com\/fr\/wp-json\/wp\/v2\/posts"}],"about":[{"href":"https:\/\/www.europesays.com\/fr\/wp-json\/wp\/v2\/types\/post"}],"author":[{"embeddable":true,"href":"https:\/\/www.europesays.com\/fr\/wp-json\/wp\/v2\/users\/2"}],"replies":[{"embeddable":true,"href":"https:\/\/www.europesays.com\/fr\/wp-json\/wp\/v2\/comments?post=365490"}],"version-history":[{"count":0,"href":"https:\/\/www.europesays.com\/fr\/wp-json\/wp\/v2\/posts\/365490\/revisions"}],"wp:featuredmedia":[{"embeddable":true,"href":"https:\/\/www.europesays.com\/fr\/wp-json\/wp\/v2\/media\/365491"}],"wp:attachment":[{"href":"https:\/\/www.europesays.com\/fr\/wp-json\/wp\/v2\/media?parent=365490"}],"wp:term":[{"taxonomy":"category","embeddable":true,"href":"https:\/\/www.europesays.com\/fr\/wp-json\/wp\/v2\/categories?post=365490"},{"taxonomy":"post_tag","embeddable":true,"href":"https:\/\/www.europesays.com\/fr\/wp-json\/wp\/v2\/tags?post=365490"}],"curies":[{"name":"wp","href":"https:\/\/api.w.org\/{rel}","templated":true}]}}