{"id":365492,"date":"2025-09-04T10:48:13","date_gmt":"2025-09-04T10:48:13","guid":{"rendered":"https:\/\/www.europesays.com\/fr\/365492\/"},"modified":"2025-09-04T10:48:13","modified_gmt":"2025-09-04T10:48:13","slug":"171-m-pour-76-kg-un-gabarit-poids-plume-mais-un-mental-de-geant-pour-cette-pepite-de-top-14","status":"publish","type":"post","link":"https:\/\/www.europesays.com\/fr\/365492\/","title":{"rendered":"1,71 m pour 76 kg, un gabarit &lsquo;poids plume&rsquo; mais un mental de g\u00e9ant pour cette p\u00e9pite de TOP 14"},"content":{"rendered":"<p>                \u00ab\u00a0J\u2019ai boss\u00e9 sur mes qualit\u00e9s, comme la vitesse\u00a0\u00bb<\/p>\n<p>\u00c0 1,71 m pour 76 kg, <a href=\"https:\/\/www.lerugbynistere.fr\/fiches-joueurs\/mathis-ferte.php\" ui-sref=\"app.player({playerId: 14349})\" alt=\"Mathis Fert\u00e9\" data-route=\"app.player\" data-param=\"playerId\" data-id=\"14349\" rel=\"nofollow noopener\" target=\"_blank\">Mathis Fert\u00e9<\/a> ne rentre pas dans les standards physiques des Golgoths du <a href=\"https:\/\/www.lerugbynistere.fr\/championnats\/top-14\" ui-sref=\"app.competition({competitionId: 1})\" alt=\"Top 14\" data-route=\"app.competition\" data-param=\"competitionId\" data-id=\"1\" rel=\"nofollow noopener\" target=\"_blank\">Top 14<\/a>. Et pourtant, le nouveau 3\/4 polyvalent du RCT <strong>a tout d\u2019un futur grand.\u00a0<\/strong><\/p>\n<p>\u00c0 l\u2019image de ces \u201cpetits\u201d qui ont marqu\u00e9 l\u2019histoire du rugby, l\u2019ancien Briviste incarne \u00e0 merveille cette \u00e9cole du d\u00e9passement.\u00a0Form\u00e9 \u00e0\u00a0Cahors puis \u00e0 <a href=\"https:\/\/www.lerugbynistere.fr\/clubs\/cabcl-brive.php\" ui-sref=\"app.team({teamId: 35})\" alt=\"Brive\" data-route=\"app.team\" data-param=\"teamId\" data-id=\"35\" rel=\"nofollow noopener\" target=\"_blank\">Brive<\/a> sans oublier l&rsquo;US Luzechoise, <strong>pass\u00e9 par la boxe<\/strong> avant de plonger dans l\u2019ovalie, Fert\u00e9 s\u2019est construit \u00e0 la dure.<a class=\"inserer_lien_article\" href=\"https:\/\/www.lerugbynistere.fr\/news\/top-14-je-veux-etre-un-chien-qui-se-bat-pour-le-maillot-mathis-ferte-debarque-a-toulon-avec-les-crocs-0608251638.php\" data-id=\"45760\" data-route=\"app.article\" data-param=\"articleId\" ui-sref=\"app.article({articleId: 45760})\" alt=\"TOP 14. &#039;&#039;Je veux \u00eatre un chien qui se bat pour le maillot&#039;&#039; : Mathis Fert\u00e9 d\u00e9barque \u00e0 Toulon avec les crocs\" title=\"TOP 14. &#039;&#039;Je veux \u00eatre un chien qui se bat pour le maillot&#039;&#039; : Mathis Fert\u00e9 d\u00e9barque \u00e0 Toulon avec les crocs\" rel=\"nofollow noopener\" target=\"_blank\"><img decoding=\"async\" src=\"https:\/\/www.europesays.com\/fr\/wp-content\/uploads\/2025\/08\/1754568131_934_ferte-06-08-25-4552.jpg\" alt=\"TOP 14. ''Je veux \u00eatre un chien qui se bat pour le maillot'' : Mathis Fert\u00e9 d\u00e9barque \u00e0 Toulon avec les crocs\"\/>TOP 14. \u00a0\u00bbJe veux \u00eatre un chien qui se bat pour le maillot\u00a0\u00bb : Mathis Fert\u00e9 d\u00e9barque \u00e0 Toulon avec les crocs<\/a>\u201cJe pense que ma taille m\u2019a aid\u00e9 \u00e0 me surpasser. J\u2019ai boss\u00e9 sur mes qualit\u00e9s, comme la vitesse, pour justement prouver que le gabarit ne fait pas tout\u201d, confit-il r\u00e9cemment \u00e0 <a href=\"https:\/\/www.varmatin.com\/rugby\/mathis-ferte-fidele-aux-postes-a-la-decouverte-du-nouveau-couteau-suisse-du-rct-1000417\" target=\"_blank\" rel=\"nofollow noopener\">Var Matin<\/a>. Un discours lucide, forg\u00e9 \u00e0 coups de raffuts dans les d\u00e9fenses et de jabs dans des rings trop \u00e9troits pour les doutes.<\/p>\n<p>L&rsquo;h\u00e9ritage des l\u00e9gendes<\/p>\n<p>Car dans l\u2019histoire r\u00e9cente, les exemples de \u201cpetits formats\u201d devenus tr\u00e8s grands joueurs sont nombreux. Le Gallois Shane Williams (1,70 m), l&rsquo;Anglais Jason Robinson (1,73 m) ou le Sud-Africain <a href=\"https:\/\/www.lerugbynistere.fr\/fiches-joueurs\/cheslin-kolbe.php\" ui-sref=\"app.player({playerId: 5442})\" alt=\"Cheslin Kolbe\" data-route=\"app.player\" data-param=\"playerId\" data-id=\"5442\" rel=\"nofollow noopener\" target=\"_blank\">Cheslin Kolbe<\/a> (1,72 m) <strong>ont prouv\u00e9 que l\u2019explosivit\u00e9 et les appuis pouvaient faire oublier les centim\u00e8tres manquants<\/strong>. En <a href=\"https:\/\/www.lerugbynistere.fr\/equipes-nationales\/xv-de-france.php\" ui-sref=\"app.team({teamId: 65})\" alt=\"France\" data-route=\"app.team\" data-param=\"teamId\" data-id=\"65\" rel=\"nofollow noopener\" target=\"_blank\">France<\/a>, un certain <a href=\"https:\/\/www.lerugbynistere.fr\/fiches-joueurs\/antoine-dupont.php\" ui-sref=\"app.player({playerId: 821})\" alt=\"Antoine Dupont\" data-route=\"app.player\" data-param=\"playerId\" data-id=\"821\" rel=\"nofollow noopener\" target=\"_blank\">Antoine Dupont<\/a> (1,74 m) n\u2019a pas trop mal r\u00e9ussi non plus&#8230;<a class=\"inserer_lien_article\" href=\"https:\/\/www.lerugbynistere.fr\/news\/top-14-comment-mathis-ferte-18-ans-a-saisi-sa-chance-avec-panache-face-au-racing-92-0111221822.php\" data-id=\"35936\" data-route=\"app.article\" data-param=\"articleId\" ui-sref=\"app.article({articleId: 35936})\" alt=\"Top 14. Comment Mathis Fert\u00e9, 18 ans, a saisi sa chance avec panache face au Racing 92 ?\" title=\"Top 14. Comment Mathis Fert\u00e9, 18 ans, a saisi sa chance avec panache face au Racing 92 ?\" rel=\"nofollow noopener\" target=\"_blank\"><img decoding=\"async\" src=\"https:\/\/www.europesays.com\/fr\/wp-content\/uploads\/2025\/09\/mathis-ferte-01-11-22-9828.jpg\" alt=\"Top 14. Comment Mathis Fert\u00e9, 18 ans, a saisi sa chance avec panache face au Racing 92 ?\"\/>Top 14. Comment Mathis Fert\u00e9, 18 ans, a saisi sa chance avec panache face au Racing 92 ?<\/a>Il n&rsquo;y a d&rsquo;ailleurs pas que dans le rugby que les \u00ab\u00a0petits\u00a0\u00bb ont r\u00e9ussi \u00e0 briller. En NBA,\u00a0Nate Robinson (1m74) ou encore le l\u00e9gendaire\u00a0Spud Webb, 1m68, ont marqu\u00e9 l&rsquo;histoire du baseket en remportant le c\u00e9l\u00e8bre concours de dunks. Muggsy Bogues faisait 1m60 (!) et cela ne l&rsquo;a pas emp\u00each\u00e9 de jouer en NBA pendant 15 ans.<\/p>\n<p>Du talent \u00e0 revendre<\/p>\n<p>Preuve que lorsque l&rsquo;on a du talent et de la d\u00e9termination, tout est possible. \u00c0 l\u2019aile, \u00e0 l\u2019arri\u00e8re ou m\u00eame en 10, Fert\u00e9 coche d\u00e9j\u00e0 beaucoup de cases : vista, jambes de feu, <strong>mental de boxeur et une vraie lecture du jeu<\/strong>. Son profil de \u00ab\u00a0couteau suisse\u00a0\u00bb s\u00e9duit Toulon, qui croit fort en lui.<a class=\"inserer_lien_article\" href=\"https:\/\/www.lerugbynistere.fr\/news\/ce-serait-un-echec-le-message-fort-de-villiere-rct-avant-la-reprise-du-top-14-0409251029.php\" data-id=\"46013\" data-route=\"app.article\" data-param=\"articleId\" ui-sref=\"app.article({articleId: 46013})\" alt=\"&#039;&#039;Ce serait un \u00e9chec\u2026&#039;&#039; : le message fort de Villi\u00e8re (RCT) avant la reprise du TOP 14\" title=\"&#039;&#039;Ce serait un \u00e9chec\u2026&#039;&#039; : le message fort de Villi\u00e8re (RCT) avant la reprise du TOP 14\" rel=\"nofollow noopener\" target=\"_blank\"><img decoding=\"async\" src=\"https:\/\/www.europesays.com\/fr\/wp-content\/uploads\/2025\/09\/1756982893_55_a-quelques-jours-de-la-reprise-gabin-villiere-annonce-la-couleur-le-rct-doit-jouer-une-finale-object.jpeg\" alt=\"''Ce serait un \u00e9chec\u2026'' : le message fort de Villi\u00e8re (RCT) avant la reprise du TOP 14\"\/>\u00a0\u00bbCe serait un \u00e9chec\u2026\u00a0\u00bb : le message fort de Villi\u00e8re (RCT) avant la reprise du TOP 14<\/a>Rep\u00e9r\u00e9 par les observateurs comme l\u2019un des 10 jeunes \u00e0 suivre cette saison (RMC Sport), Mathis Fert\u00e9 ne demande qu\u2019une chose : prouver que dans le rugby moderne, <strong>le c\u0153ur et l\u2019intelligence de jeu comptent tout autant que les kilos.<\/strong><\/p>\n","protected":false},"excerpt":{"rendered":"\u00ab\u00a0J\u2019ai boss\u00e9 sur mes qualit\u00e9s, comme la vitesse\u00a0\u00bb \u00c0 1,71 m pour 76 kg, Mathis Fert\u00e9 ne rentre&hellip;\n","protected":false},"author":2,"featured_media":365493,"comment_status":"","ping_status":"","sticky":false,"template":"","format":"standard","meta":{"footnotes":""},"categories":[1416],"tags":[1011,27,479,1468,60],"class_list":{"0":"post-365492","1":"post","2":"type-post","3":"status-publish","4":"format-standard","5":"has-post-thumbnail","7":"category-rugby","8":"tag-fr","9":"tag-france","10":"tag-rugby","11":"tag-rugby-football","12":"tag-sports"},"share_on_mastodon":{"url":"https:\/\/pubeurope.com\/@fr\/115145638889185893","error":""},"_links":{"self":[{"href":"https:\/\/www.europesays.com\/fr\/wp-json\/wp\/v2\/posts\/365492","targetHints":{"allow":["GET"]}}],"collection":[{"href":"https:\/\/www.europesays.com\/fr\/wp-json\/wp\/v2\/posts"}],"about":[{"href":"https:\/\/www.europesays.com\/fr\/wp-json\/wp\/v2\/types\/post"}],"author":[{"embeddable":true,"href":"https:\/\/www.europesays.com\/fr\/wp-json\/wp\/v2\/users\/2"}],"replies":[{"embeddable":true,"href":"https:\/\/www.europesays.com\/fr\/wp-json\/wp\/v2\/comments?post=365492"}],"version-history":[{"count":0,"href":"https:\/\/www.europesays.com\/fr\/wp-json\/wp\/v2\/posts\/365492\/revisions"}],"wp:featuredmedia":[{"embeddable":true,"href":"https:\/\/www.europesays.com\/fr\/wp-json\/wp\/v2\/media\/365493"}],"wp:attachment":[{"href":"https:\/\/www.europesays.com\/fr\/wp-json\/wp\/v2\/media?parent=365492"}],"wp:term":[{"taxonomy":"category","embeddable":true,"href":"https:\/\/www.europesays.com\/fr\/wp-json\/wp\/v2\/categories?post=365492"},{"taxonomy":"post_tag","embeddable":true,"href":"https:\/\/www.europesays.com\/fr\/wp-json\/wp\/v2\/tags?post=365492"}],"curies":[{"name":"wp","href":"https:\/\/api.w.org\/{rel}","templated":true}]}}