{"id":365494,"date":"2025-09-04T10:49:10","date_gmt":"2025-09-04T10:49:10","guid":{"rendered":"https:\/\/www.europesays.com\/fr\/365494\/"},"modified":"2025-09-04T10:49:10","modified_gmt":"2025-09-04T10:49:10","slug":"pourquoi-ce-spectateur-a-fait-peur-a-sinner","status":"publish","type":"post","link":"https:\/\/www.europesays.com\/fr\/365494\/","title":{"rendered":"Pourquoi ce spectateur a fait peur \u00e0 Sinner"},"content":{"rendered":"<p class=\"date\">\n                                                            Paul Rouget, Media365 : publi\u00e9 le jeudi 04 septembre 2025 \u00e0 11h10\n                                                    <\/p>\n<p>Qualifi\u00e9 facilement pour le dernier carr\u00e9 de l&rsquo;US Open, Jannik Sinner est revenu sur l&rsquo;incident qui s&rsquo;est d\u00e9roul\u00e9 au tour pr\u00e9c\u00e9dent, quand un spectateur a ouvert le sac qu&rsquo;il portait sur le dos.<\/p>\n<p>Une petite frayeur pour Jannik Sinner. Pas face \u00e0 son compatriote Lorenzo Musetti, <a href=\"https:\/\/sports.orange.fr\/tennis\/us-open\/article\/us-open-h-sinner-ne-laisse-aucune-chance-a-musetti-CNT000002ktBtR.html\" rel=\"nofollow noopener\" target=\"_blank\">qu&rsquo;il a domin\u00e9 en 2h pile de jeu mercredi en quarts de finale de l&rsquo;US Open (6-1, 6-4, 6-2)<\/a>, mais apr\u00e8s sa victoire du tour pr\u00e9c\u00e9dent contre Alexander Bublik, <a href=\"https:\/\/sports.orange.fr\/tennis\/us-open\/article\/us-open-h-sinner-a-encore-pulverise-bublik-CNT000002krur0.html\" rel=\"nofollow noopener\" target=\"_blank\">qu&rsquo;il avait exp\u00e9di\u00e9 encore plus rapidement deux jours plus t\u00f4t (6-1, 6-1, 6-1 en 1h21)<\/a>.<\/p>\n<p>Alors que l&rsquo;Italien signait des autographes sur le bord du court Arthur Ashe, un spectateur a ouvert le sac qu&rsquo;il tenait sur le dos, avant d&rsquo;\u00eatre attrap\u00e9 par la s\u00e9curit\u00e9. Sinner a alors rapidement rejoint les vestiaires. Et il a fini par s&rsquo;exprimer sur cet incident in\u00e9dit, qui lui fait un peu peur&#8230;<\/p>\n<p>\u00ab\u00a0J&rsquo;ai tout de suite v\u00e9rifi\u00e9 s&rsquo;il avait pris quelque chose\u00a0\u00bb<\/p>\n<p>\u00ab\u00a0J&rsquo;ai tout de suite v\u00e9rifi\u00e9 s&rsquo;il avait pris quelque chose, parce que je n&rsquo;ai pas que mes raquettes dedans. Il y a mon t\u00e9l\u00e9phone, mon portefeuille&#8230;, a-t-il d\u00e9clar\u00e9 en conf\u00e9rence de presse, expliquant que c&rsquo;\u00e9tait la premi\u00e8re fois qu&rsquo;une telle chose lui arrivait. Mais la s\u00e9curit\u00e9 fait de l&rsquo;excellent boulot. En particulier sur le court, elle est tr\u00e8s pr\u00e9sente. Et notamment dans les grands tournois, ils font un travail incroyable pour qu&rsquo;on se sente en s\u00e9curit\u00e9. Donc m\u00eame quand une chose in\u00e9dite comme \u00e7a arrive, ils g\u00e8rent \u00e7a parfaitement. Tout va bien.\u00a0\u00bb<\/p>\n<p>Pas de quoi, donc, emp\u00eacher le num\u00e9ro un mondial de dormir, et ni d&rsquo;encha\u00eener les prestations de haute vol\u00e9e. <a href=\"https:\/\/sports.orange.fr\/tennis\/us-open\/article\/us-open-sinner-un-sacre-en-chiffres-exclu-CNT000002eYcty.html\" rel=\"nofollow noopener\" target=\"_blank\">Tenant du titre \u00e0 New York<\/a>, le Transalpin s&rsquo;est syst\u00e9matiquement balad\u00e9, \u00e0 part, un peu, au troisi\u00e8me tour face \u00e0 Dennis Shapovalov, laissant en route son seul set de la quinzaine.<\/p>\n<p>Pour une place en finale, il affrontera le revenant F\u00e9lix Auger-Aliassime, face \u00e0 qui il est men\u00e9 2-1 au nombre des affrontements. Mais ces deux succ\u00e8s du Canadien ont \u00e9t\u00e9 acquis en 2022, avant que Sinner ne rentre dans une nouvelle dimension. Le vainqueur de ce duel sera oppos\u00e9 en finale \u00e0 celui du match entre Carlos Alcaraz et Novak Djokovic. Un Espagnol qui part lui aussi avec les faveurs des pronostics.<\/p>\n","protected":false},"excerpt":{"rendered":"Paul Rouget, Media365 : publi\u00e9 le jeudi 04 septembre 2025 \u00e0 11h10 Qualifi\u00e9 facilement pour le dernier carr\u00e9&hellip;\n","protected":false},"author":2,"featured_media":365495,"comment_status":"","ping_status":"","sticky":false,"template":"","format":"standard","meta":{"footnotes":""},"categories":[1415],"tags":[1011,27,60,1467],"class_list":{"0":"post-365494","1":"post","2":"type-post","3":"status-publish","4":"format-standard","5":"has-post-thumbnail","7":"category-tennis","8":"tag-fr","9":"tag-france","10":"tag-sports","11":"tag-tennis"},"share_on_mastodon":{"url":"https:\/\/pubeurope.com\/@fr\/115145641979290544","error":""},"_links":{"self":[{"href":"https:\/\/www.europesays.com\/fr\/wp-json\/wp\/v2\/posts\/365494","targetHints":{"allow":["GET"]}}],"collection":[{"href":"https:\/\/www.europesays.com\/fr\/wp-json\/wp\/v2\/posts"}],"about":[{"href":"https:\/\/www.europesays.com\/fr\/wp-json\/wp\/v2\/types\/post"}],"author":[{"embeddable":true,"href":"https:\/\/www.europesays.com\/fr\/wp-json\/wp\/v2\/users\/2"}],"replies":[{"embeddable":true,"href":"https:\/\/www.europesays.com\/fr\/wp-json\/wp\/v2\/comments?post=365494"}],"version-history":[{"count":0,"href":"https:\/\/www.europesays.com\/fr\/wp-json\/wp\/v2\/posts\/365494\/revisions"}],"wp:featuredmedia":[{"embeddable":true,"href":"https:\/\/www.europesays.com\/fr\/wp-json\/wp\/v2\/media\/365495"}],"wp:attachment":[{"href":"https:\/\/www.europesays.com\/fr\/wp-json\/wp\/v2\/media?parent=365494"}],"wp:term":[{"taxonomy":"category","embeddable":true,"href":"https:\/\/www.europesays.com\/fr\/wp-json\/wp\/v2\/categories?post=365494"},{"taxonomy":"post_tag","embeddable":true,"href":"https:\/\/www.europesays.com\/fr\/wp-json\/wp\/v2\/tags?post=365494"}],"curies":[{"name":"wp","href":"https:\/\/api.w.org\/{rel}","templated":true}]}}