{"id":365498,"date":"2025-09-04T10:52:08","date_gmt":"2025-09-04T10:52:08","guid":{"rendered":"https:\/\/www.europesays.com\/fr\/365498\/"},"modified":"2025-09-04T10:52:08","modified_gmt":"2025-09-04T10:52:08","slug":"romeyer-vise-par-deux-plaintes-pour-harcelement-et-outrages-sexistes-eurosport","status":"publish","type":"post","link":"https:\/\/www.europesays.com\/fr\/365498\/","title":{"rendered":"Romeyer vis\u00e9 par deux plaintes pour harc\u00e8lement et outrages sexistes &#8211; Eurosport"},"content":{"rendered":"<ol>\n<li><a href=\"https:\/\/news.google.com\/rss\/articles\/CBMi-wFBVV95cUxQTmdTbmt6aVRjUExWNFFTZ2t1aVpJc01tdnZnM2xLTThsUE9Qa09uYl91bzE1Nk0wdG1kMzEtRzBpd2JzUGZaOVU4ZVh6bXZ5OGpNd0xhZVIzZEE0RElGUDhuSGlvZjFuWlZmd3F4UEwxdVhZWnRpNG1DdVpNXzQtejVlaFhoeWNwQ1pKZUF2eHh1aWRyeTZNVmZZendoNUlZQ2F2NlY5X0ExVnZmaUJMbkR2UlpMNmlpT1h6RUFxbGE2U1B6Znl1a0hoMlI4VXlQb185T2NoTlRsSFlCaUZEU0VZa1BkNDFULUhSWmd4MXZlenN6ajVQTW80OA?oc=5\" target=\"_blank\" rel=\"nofollow noopener\">Romeyer vis\u00e9 par deux plaintes pour harc\u00e8lement et outrages sexistes<\/a>&nbsp;&nbsp;Eurosport<\/li>\n<li><a href=\"https:\/\/news.google.com\/rss\/articles\/CBMizwFBVV95cUxOeVJMRG9ieTU4Ry1aejdWUzJiNUs5VTI2UjRrak5wWGdMYm93aHNTWlVpXzBFNmFaSWx4Yi1VRHl6WHhQcUIwRlEyaWZLUHVyNUtFNTJHbEdQSmZOVnFyVkdqYjBIS2R5ZTFseFU2bVRXWHRaTGZRdWRpLTJZQ1h2VXc2OFZialY0dVdkbmw1dm9zYkY1czlJSXYyRHFrbUFUYVhoWHNkeG01QTh5UGVEZWF1bDN5elpmSXJwc0NIQl9kSkEyZGdRMldlTkRSckk?oc=5\" target=\"_blank\" rel=\"nofollow noopener\">Loire. Harc\u00e8lement et outrages sexistes: l&rsquo;ancien propri\u00e9taire de l&rsquo;ASSE Roland Romeyer vis\u00e9 par deux plaintes<\/a>&nbsp;&nbsp;Le Progr\u00e8s<\/li>\n<li><a href=\"https:\/\/news.google.com\/rss\/articles\/CBMi5AFBVV95cUxNZ1hDZS1jRnplSVRLSmRpdTEzZ0llZUgteTVHT2lPMENMYTZrc0IzeFNKald6NjBXTFpmZnNKSG53YTQyRDFTa2FPUmRMLWpxY1NxZ0dfY0NoUXZiY0l6U3c5OVR6S1FMQlAxQ21zQ1pHSnpvZDFNSlNZU0RSU1QwRGFBclR3Z2UwVUk0aGd6WGtETVBJbmlGNFZON05fcHpaYzQwZ2w3NlhsRnlkTEQydVlqZlRZZWoxdEQyY2lwUlZJZ0p3VHo5UmY1RDBlUUFmVWlwVEZtaGNybzItd2RCZ2VMdUHSAeoBQVVfeXFMTjc5YV9nSmNwN0pTamNrcmszeFc0Z1B4UU1sVXJZUTdjckpDNnNsc2VvZG5vNVNzS3lrM3JVUkZCMkQ4ZEV2LW1FQm5mZ09WTFZMQnU5Tm9takc4V01SaGRXb210d05OVU53dk9JUWZab2tHT1oyeUJtN1E0b3Z2S2thSWhwak5RSk5WNDZhRk9jVFNIRGljcGhpODFyMkZ1dWRlTHZqZ1NRMEhfNnNkbHgzNV9xQWU1OXJtMUdZaWFOcWthZjVmMEJyczlOWVlKV0RaSzA3WFBSalpxY2pzeGR2bzhWUHgwOE1n?oc=5\" target=\"_blank\" rel=\"nofollow noopener\">Roland Romeyer accus\u00e9 d&rsquo;harc\u00e8lement et d\u2019outrages sexistes<\/a>&nbsp;&nbsp;Boursorama<\/li>\n<li><a href=\"https:\/\/news.google.com\/rss\/articles\/CBMi6wFBVV95cUxOV19iV0JvUlJuMXBIZFRaeWo2Wk5ZbnFIakhPWVlRbkRwd1FTZ2FDSnBLeEJPaTVkOTFxTDI5S2JDN0lsbjVid21lV1Y2OUppVkJxQ090ZG5GSy1NU3Q2cUZKOW13bFpJWHYyeDEtWTN3aG02N2JzeGZpbzlicXBrY2hfN2NyTEYydXh3SVUyVktBS3FpcTZKVnJSemczeVBGVDFucUhfd0NzTFdnenVMMXNKNV9kT3N3WDc4NUhtY0JOcUlYamFYcTlCWlRKbWppOTBqelF5THRkMF9NNzNweWgyQTd1OGdGWGFZ?oc=5\" target=\"_blank\" rel=\"nofollow noopener\">L&rsquo;ancien pr\u00e9sident de l&rsquo;ASSE Roland Romeyer vis\u00e9 par deux plaintes pour harc\u00e8lement et outrages sexistes<\/a>&nbsp;&nbsp;L&rsquo;\u00c9quipe<\/li>\n<li><a href=\"https:\/\/news.google.com\/rss\/articles\/CBMi3AFBVV95cUxPd1VEazlZbXlqclB3QmtKVjM2OEZ3dHN5dHZ5bm9ya3I4NFo3TVhpM1I5cWdvUGNXYUczbzVTa3gtZ2MxcHROMkljUm0wVjNROUg5SGIyUjhQV0VtNUFDUzl1bjZmYzNrY0E2NnRhcHFDMXdJckNBSW93d0Y0WFdpcEd5SlUwQjNrNlk3MlhGZlJ4MloyVkgwNWpBZmV6TnAxbkRXMDFwQTVBX01Qa2ZWakNhZ3hsMTJyQmw5SXVyNHVrQlVOa0E5OFotVzVhajhsZlBwbFlIZ3U4NEFO?oc=5\" target=\"_blank\" rel=\"nofollow noopener\">Football. L&rsquo;ex-pr\u00e9sident de l&rsquo;ASSE Roland Romeyer vis\u00e9 par deux plaintes pour harc\u00e8lement et outrages sexistes<\/a>&nbsp;&nbsp;Le Dauphin\u00e9 Lib\u00e9r\u00e9<\/li>\n<\/ol>\n","protected":false},"excerpt":{"rendered":"Romeyer vis\u00e9 par deux plaintes pour harc\u00e8lement et outrages sexistes&nbsp;&nbsp;Eurosport Loire. Harc\u00e8lement et outrages sexistes: l&rsquo;ancien propri\u00e9taire de&hellip;\n","protected":false},"author":2,"featured_media":1445,"comment_status":"","ping_status":"","sticky":false,"template":"","format":"standard","meta":{"footnotes":""},"categories":[1412],"tags":[1451,1452,1453,1454,1455,1011,27,60],"class_list":{"0":"post-365498","1":"post","2":"type-post","3":"status-publish","4":"format-standard","5":"has-post-thumbnail","7":"category-f1","8":"tag-f1","9":"tag-formula-1","10":"tag-formula1","11":"tag-formule-1","12":"tag-formule1","13":"tag-fr","14":"tag-france","15":"tag-sports"},"share_on_mastodon":{"url":"https:\/\/pubeurope.com\/@fr\/115145653830178145","error":""},"_links":{"self":[{"href":"https:\/\/www.europesays.com\/fr\/wp-json\/wp\/v2\/posts\/365498","targetHints":{"allow":["GET"]}}],"collection":[{"href":"https:\/\/www.europesays.com\/fr\/wp-json\/wp\/v2\/posts"}],"about":[{"href":"https:\/\/www.europesays.com\/fr\/wp-json\/wp\/v2\/types\/post"}],"author":[{"embeddable":true,"href":"https:\/\/www.europesays.com\/fr\/wp-json\/wp\/v2\/users\/2"}],"replies":[{"embeddable":true,"href":"https:\/\/www.europesays.com\/fr\/wp-json\/wp\/v2\/comments?post=365498"}],"version-history":[{"count":0,"href":"https:\/\/www.europesays.com\/fr\/wp-json\/wp\/v2\/posts\/365498\/revisions"}],"wp:featuredmedia":[{"embeddable":true,"href":"https:\/\/www.europesays.com\/fr\/wp-json\/wp\/v2\/media\/1445"}],"wp:attachment":[{"href":"https:\/\/www.europesays.com\/fr\/wp-json\/wp\/v2\/media?parent=365498"}],"wp:term":[{"taxonomy":"category","embeddable":true,"href":"https:\/\/www.europesays.com\/fr\/wp-json\/wp\/v2\/categories?post=365498"},{"taxonomy":"post_tag","embeddable":true,"href":"https:\/\/www.europesays.com\/fr\/wp-json\/wp\/v2\/tags?post=365498"}],"curies":[{"name":"wp","href":"https:\/\/api.w.org\/{rel}","templated":true}]}}