{"id":365501,"date":"2025-09-04T10:54:09","date_gmt":"2025-09-04T10:54:09","guid":{"rendered":"https:\/\/www.europesays.com\/fr\/365501\/"},"modified":"2025-09-04T10:54:09","modified_gmt":"2025-09-04T10:54:09","slug":"la-liste-de-las-monaco-avec-paul-pogba-et-ansu-fati","status":"publish","type":"post","link":"https:\/\/www.europesays.com\/fr\/365501\/","title":{"rendered":"la liste de l\u2019AS Monaco avec Paul Pogba et Ansu Fati"},"content":{"rendered":"<p>L\u2019AS Monaco a d\u00e9voil\u00e9 sa liste des joueurs inscrits pour la <a href=\"https:\/\/www.footmercato.net\/europe\/ligue-des-champions-uefa\/\" rel=\"nofollow noopener\" target=\"_blank\">Ligue des Champions<\/a> 2025-2026, et les deux nouvelles recrues <a href=\"https:\/\/www.footmercato.net\/joueur\/paul-pogba\/\" rel=\"nofollow noopener\" target=\"_blank\">Paul Pogba<\/a> et <a href=\"https:\/\/www.footmercato.net\/joueur\/ansu-fati\/\" rel=\"nofollow noopener\" target=\"_blank\">Ansu Fati<\/a> y figurent bien. Malgr\u00e9 leur absence de comp\u00e9tition cette saison, Pogba n\u2019ayant disput\u00e9 aucun match et Fati seulement trois la saison derni\u00e8re, l\u2019international fran\u00e7ais et le jeune Espagnol ont repris les entra\u00eenements collectifs et pourront \u00eatre utilis\u00e9s par l\u2019entra\u00eeneur Adi H\u00fctter d\u00e8s qu\u2019ils seront pr\u00eats. Leur participation \u00e0 la premi\u00e8re journ\u00e9e contre le Club Brugge, pr\u00e9vue le 18 septembre, reste cependant incertaine : <a href=\"https:\/\/www.footmercato.net\/a3169690086962840033-monaco-adi-hutter-fait-le-point-sur-les-retours-de-pogba-et-fati\" rel=\"nofollow noopener\" target=\"_blank\">Pogba esp\u00e8re revenir sur les terrains en octobre, tandis qu\u2019Ansu Fati pourrait faire son retour plus rapidement.<\/a> <\/p>\n<p>            La suite apr\u00e8s cette publicit\u00e9<\/p>\n<p>Pour rappel, Pogba n\u2019avait plus jou\u00e9 en match officiel depuis septembre 2023, sa derni\u00e8re apparition en Ligue des Champions remontant \u00e0 mars 2022 avec Manchester United. Ansu Fati, lui, avait particip\u00e9 \u00e0 la derni\u00e8re \u00e9dition avec le FC Barcelone, entrant six minutes face au Bayern Munich en octobre 2024. La liste mon\u00e9gasque pour la C1 comprend notamment Lukas Hradecky, Vanderson, Denis Zakaria, Paul Pogba et Ansu Fati, aux c\u00f4t\u00e9s de jeunes talents comme Folarin Balogun et George Ilenikhena.<\/p>\n<p>        La liste de Monaco :<\/p>\n<p><strong>Gardiens :<\/strong> Lukas Hradecky, Philipp K\u00f6hn, Jules Stawiecki, Yann Lenard. <strong>D\u00e9fenseurs :<\/strong> Vanderson, Eric Dier, Jordan Teze, Thilo Kehrer, Caio Henrique, Christian Mawissa, Kassoum Ouattara, Mohammed Salisu. <strong>Milieux :<\/strong> Denis Zakaria, Paul Pogba, Aleksandr Golovin, Maghnes Akliouche, Lamine Camara, Stanis Idumbo Muzambo, Takumi Minamino, Aladji Bamba, Mamadou Coulibaly.<br \/><strong>Attaquants :<\/strong> Folarin Balogun, Mika Biereth, George Ilenikhena, Ansu Fati.<\/p>\n<p>\n    Pub. le 04\/09\/2025 12:04<br \/>\n            &#8211; MAJ le 04\/09\/2025 12:16\n    <\/p>\n","protected":false},"excerpt":{"rendered":"L\u2019AS Monaco a d\u00e9voil\u00e9 sa liste des joueurs inscrits pour la Ligue des Champions 2025-2026, et les deux&hellip;\n","protected":false},"author":2,"featured_media":253383,"comment_status":"","ping_status":"","sticky":false,"template":"","format":"standard","meta":{"footnotes":""},"categories":[1410],"tags":[63,1011,27,60],"class_list":{"0":"post-365501","1":"post","2":"type-post","3":"status-publish","4":"format-standard","5":"has-post-thumbnail","7":"category-football","8":"tag-football","9":"tag-fr","10":"tag-france","11":"tag-sports"},"share_on_mastodon":{"url":"https:\/\/pubeurope.com\/@fr\/115145661723974019","error":""},"_links":{"self":[{"href":"https:\/\/www.europesays.com\/fr\/wp-json\/wp\/v2\/posts\/365501","targetHints":{"allow":["GET"]}}],"collection":[{"href":"https:\/\/www.europesays.com\/fr\/wp-json\/wp\/v2\/posts"}],"about":[{"href":"https:\/\/www.europesays.com\/fr\/wp-json\/wp\/v2\/types\/post"}],"author":[{"embeddable":true,"href":"https:\/\/www.europesays.com\/fr\/wp-json\/wp\/v2\/users\/2"}],"replies":[{"embeddable":true,"href":"https:\/\/www.europesays.com\/fr\/wp-json\/wp\/v2\/comments?post=365501"}],"version-history":[{"count":0,"href":"https:\/\/www.europesays.com\/fr\/wp-json\/wp\/v2\/posts\/365501\/revisions"}],"wp:featuredmedia":[{"embeddable":true,"href":"https:\/\/www.europesays.com\/fr\/wp-json\/wp\/v2\/media\/253383"}],"wp:attachment":[{"href":"https:\/\/www.europesays.com\/fr\/wp-json\/wp\/v2\/media?parent=365501"}],"wp:term":[{"taxonomy":"category","embeddable":true,"href":"https:\/\/www.europesays.com\/fr\/wp-json\/wp\/v2\/categories?post=365501"},{"taxonomy":"post_tag","embeddable":true,"href":"https:\/\/www.europesays.com\/fr\/wp-json\/wp\/v2\/tags?post=365501"}],"curies":[{"name":"wp","href":"https:\/\/api.w.org\/{rel}","templated":true}]}}