{"id":365502,"date":"2025-09-04T10:55:11","date_gmt":"2025-09-04T10:55:11","guid":{"rendered":"https:\/\/www.europesays.com\/fr\/365502\/"},"modified":"2025-09-04T10:55:11","modified_gmt":"2025-09-04T10:55:11","slug":"eugenie-bastie-annonce-la-naissance-de-son-bebe-vive-la-vie","status":"publish","type":"post","link":"https:\/\/www.europesays.com\/fr\/365502\/","title":{"rendered":"Eug\u00e9nie Basti\u00e9 annonce la naissance de son b\u00e9b\u00e9\u00a0: \u00ab\u00a0Vive la vie\u00a0\u00bb"},"content":{"rendered":"<p>            <a href=\"https:\/\/www.journaldesfemmes.fr\/people\/magazine\/3239790-actu-people-france-septembre-semaine-1-lea-salame-mireille-mathieu\/3240250-julien-lepers\" class=\"app_button_nav_prev jMiddlePreviousButton\" rel=\"nofollow noopener\" target=\"_blank\"><\/a><a href=\"https:\/\/www.journaldesfemmes.fr\/people\/magazine\/3239790-actu-people-france-septembre-semaine-1-lea-salame-mireille-mathieu\/3239800-denis-brogniart\" class=\"app_button_nav_next jMiddleNextButton\" rel=\"nofollow noopener\" target=\"_blank\"><\/a><\/p>\n<p>                <img loading=\"lazy\" decoding=\"async\" src=\"https:\/\/www.europesays.com\/fr\/wp-content\/uploads\/2025\/09\/40045117.jpg\" alt=\"\" width=\"250\" height=\"457\"\/><br \/>\n            <a href=\"https:\/\/img-3.journaldesfemmes.fr\/kU7ipFxL1R7FSIETvzd3lPxVPSo=\/4139x\/smart\/a723436407454dd7a69ea462f8a8f1c5\/ccmcms-jdf\/40045117.jpg\" class=\"fancy app_btn_1 app_btn--ico\" rel=\"nofollow noopener\" target=\"_blank\"><\/a>Eug\u00e9nie Basti\u00e9 \u00a9\u00a0BALTEL\/SIPA    <\/p>\n<p><strong>Accouchement. <\/strong>Eug\u00e9nie Basti\u00e9 a annonc\u00e9 la naissance de son b\u00e9b\u00e9 sur les r\u00e9seaux sociaux. \u00ab\u00a0Bonne rentr\u00e9e \u00e0 tous! Je serai pour ma part absente des ondes et du Figaro quelques temps, pour cause de r\u00e9armement d\u00e9mographique.\u00a0Vive la vie\u00a0\u00bb, a d\u00e9clar\u00e9 la journaliste de 33 ans sur Twitter en postant une photo de son nouveau-n\u00e9.<\/p>\n","protected":false},"excerpt":{"rendered":"Eug\u00e9nie Basti\u00e9 \u00a9\u00a0BALTEL\/SIPA Accouchement. Eug\u00e9nie Basti\u00e9 a annonc\u00e9 la naissance de son b\u00e9b\u00e9 sur les r\u00e9seaux sociaux. \u00ab\u00a0Bonne&hellip;\n","protected":false},"author":2,"featured_media":365503,"comment_status":"","ping_status":"","sticky":false,"template":"","format":"standard","meta":{"footnotes":""},"categories":[1359],"tags":[58,59,1011,27,973],"class_list":{"0":"post-365502","1":"post","2":"type-post","3":"status-publish","4":"format-standard","5":"has-post-thumbnail","7":"category-people","8":"tag-divertissement","9":"tag-entertainment","10":"tag-fr","11":"tag-france","12":"tag-people"},"share_on_mastodon":{"url":"https:\/\/pubeurope.com\/@fr\/115145666031955881","error":""},"_links":{"self":[{"href":"https:\/\/www.europesays.com\/fr\/wp-json\/wp\/v2\/posts\/365502","targetHints":{"allow":["GET"]}}],"collection":[{"href":"https:\/\/www.europesays.com\/fr\/wp-json\/wp\/v2\/posts"}],"about":[{"href":"https:\/\/www.europesays.com\/fr\/wp-json\/wp\/v2\/types\/post"}],"author":[{"embeddable":true,"href":"https:\/\/www.europesays.com\/fr\/wp-json\/wp\/v2\/users\/2"}],"replies":[{"embeddable":true,"href":"https:\/\/www.europesays.com\/fr\/wp-json\/wp\/v2\/comments?post=365502"}],"version-history":[{"count":0,"href":"https:\/\/www.europesays.com\/fr\/wp-json\/wp\/v2\/posts\/365502\/revisions"}],"wp:featuredmedia":[{"embeddable":true,"href":"https:\/\/www.europesays.com\/fr\/wp-json\/wp\/v2\/media\/365503"}],"wp:attachment":[{"href":"https:\/\/www.europesays.com\/fr\/wp-json\/wp\/v2\/media?parent=365502"}],"wp:term":[{"taxonomy":"category","embeddable":true,"href":"https:\/\/www.europesays.com\/fr\/wp-json\/wp\/v2\/categories?post=365502"},{"taxonomy":"post_tag","embeddable":true,"href":"https:\/\/www.europesays.com\/fr\/wp-json\/wp\/v2\/tags?post=365502"}],"curies":[{"name":"wp","href":"https:\/\/api.w.org\/{rel}","templated":true}]}}