{"id":365508,"date":"2025-09-04T10:58:11","date_gmt":"2025-09-04T10:58:11","guid":{"rendered":"https:\/\/www.europesays.com\/fr\/365508\/"},"modified":"2025-09-04T10:58:11","modified_gmt":"2025-09-04T10:58:11","slug":"ne-massociez-pas-a-palmade-ou-dechavanne","status":"publish","type":"post","link":"https:\/\/www.europesays.com\/fr\/365508\/","title":{"rendered":"ne m&rsquo;associez pas \u00e0 Palmade ou Dechavanne"},"content":{"rendered":"<p>            <a href=\"https:\/\/www.journaldesfemmes.fr\/people\/magazine\/3239790-actu-people-france-septembre-semaine-1-lea-salame-mireille-mathieu\/3240324-joeystarr\" class=\"app_button_nav_prev jMiddlePreviousButton\" target=\"_blank\" rel=\"noopener\"><\/a><a href=\"https:\/\/www.journaldesfemmes.fr\/people\/magazine\/3239790-actu-people-france-septembre-semaine-1-lea-salame-mireille-mathieu\/3240340-eric-zemmour\" class=\"app_button_nav_next jMiddleNextButton\" target=\"_blank\" rel=\"noopener\"><\/a><\/p>\n<p>                <img loading=\"lazy\" decoding=\"async\" src=\"https:\/\/www.europesays.com\/fr\/wp-content\/uploads\/2025\/09\/39617107.jpg\" alt=\"\" width=\"250\" height=\"457\"\/><br \/>\n            <a href=\"https:\/\/img-3.journaldesfemmes.fr\/dQAzOAHWVOoiYHrjhihLW_PPx9k=\/1135x\/smart\/ff754eb8e3e04931b19033a9ce65448a\/ccmcms-jdf\/39617107.jpg\" class=\"fancy app_btn_1 app_btn--ico\" target=\"_blank\" rel=\"noopener\"><\/a>Matthieu Delormeau \u00a9\u00a0Marechal Aurore\/ABACA    <\/p>\n<p><strong>Comeback<\/strong>. Plus de deux ans apr\u00e8s avoir quitt\u00e9 Touche Pas \u00e0 Mon Poste, Matthieu Delormeau a retrouv\u00e9 le petit \u00e9cran ! Ce 1er septembre, l&rsquo;animateur de 51 ans a fait son retour dans\u00a0Tout beau tout n9uf, l&rsquo;\u00e9mission anim\u00e9e par Cyril Hanouna, o\u00f9 il va intervenir en tant que chroniqueur. \u00ab\u00a0S&rsquo;il vous pla\u00eet ne m&rsquo;associez pas \u00e0 Palmade ou Dechavanne, durant les ann\u00e9es o\u00f9 j&rsquo;ai fait des b\u00eatises je n&rsquo;ai jamais, jamais mis quelqu&rsquo;un d&rsquo;autre en danger que moi\u00a0\u00bb, a expliqu\u00e9 Matthieu Delormeau qui a \u00e9t\u00e9 interpell\u00e9 deux fois ces derniers fois alors qu&rsquo;il achetait de la coca\u00efne.\u00a0 \u00a0 \u00a0 \u00a0 \u00a0 \u00a0 \u00a0 \u00a0 \u00a0 \u00a0 \u00a0 \u00a0 \u00a0 \u00a0 \u00a0 \u00a0 \u00a0 \u00a0 \u00a0 \u00a0 \u00a0 \u00a0 \u00a0 \u00a0 \u00a0 \u00a0 \u00a0 \u00a0 \u00a0 \u00a0 \u00a0 \u00a0 \u00a0 \u00a0 \u00a0 \u00a0 \u00a0 \u00a0 \u00a0 \u00a0 \u00a0 \u00a0 \u00a0 \u00a0 \u00a0 \u00a0 \u00a0 \u00a0 \u00a0 \u00a0 \u00a0 \u00a0 \u00a0 \u00a0 \u00a0 \u00a0 \u00a0 \u00a0 \u00a0 \u00a0 \u00a0 \u00a0 \u00a0 \u00a0 \u00a0 \u00a0 \u00a0 \u00a0 \u00a0 \u00a0 \u00a0 \u00a0 \u00a0 \u00a0 \u00a0 \u00a0 \u00a0 \u00a0 \u00a0 \u00a0 \u00a0 \u00a0 \u00a0 \u00a0 \u00a0 \u00a0 \u00a0 \u00a0 \u00a0 \u00a0 \u00a0 \u00a0 \u00a0 \u00a0 \u00a0 \u00a0 \u00a0 \u00a0 \u00a0 \u00a0 \u00a0 \u00a0 \u00a0 \u00a0 \u00a0 \u00a0 \u00a0 \u00a0 \u00a0 \u00a0 \u00a0 \u00a0 \u00a0 \u00a0 \u00a0 \u00a0 \u00a0 \u00a0 \u00a0 \u00a0 \u00a0 \u00a0 \u00a0 \u00a0<\/p>\n","protected":false},"excerpt":{"rendered":"Matthieu Delormeau \u00a9\u00a0Marechal Aurore\/ABACA Comeback. Plus de deux ans apr\u00e8s avoir quitt\u00e9 Touche Pas \u00e0 Mon Poste, Matthieu&hellip;\n","protected":false},"author":2,"featured_media":365509,"comment_status":"","ping_status":"","sticky":false,"template":"","format":"standard","meta":{"footnotes":""},"categories":[1356],"tags":[58,59,1011,27,252,1364],"class_list":{"0":"post-365508","1":"post","2":"type-post","3":"status-publish","4":"format-standard","5":"has-post-thumbnail","7":"category-television","8":"tag-divertissement","9":"tag-entertainment","10":"tag-fr","11":"tag-france","12":"tag-television","13":"tag-tv"},"share_on_mastodon":{"url":"https:\/\/pubeurope.com\/@fr\/115145677801165069","error":""},"_links":{"self":[{"href":"https:\/\/www.europesays.com\/fr\/wp-json\/wp\/v2\/posts\/365508","targetHints":{"allow":["GET"]}}],"collection":[{"href":"https:\/\/www.europesays.com\/fr\/wp-json\/wp\/v2\/posts"}],"about":[{"href":"https:\/\/www.europesays.com\/fr\/wp-json\/wp\/v2\/types\/post"}],"author":[{"embeddable":true,"href":"https:\/\/www.europesays.com\/fr\/wp-json\/wp\/v2\/users\/2"}],"replies":[{"embeddable":true,"href":"https:\/\/www.europesays.com\/fr\/wp-json\/wp\/v2\/comments?post=365508"}],"version-history":[{"count":0,"href":"https:\/\/www.europesays.com\/fr\/wp-json\/wp\/v2\/posts\/365508\/revisions"}],"wp:featuredmedia":[{"embeddable":true,"href":"https:\/\/www.europesays.com\/fr\/wp-json\/wp\/v2\/media\/365509"}],"wp:attachment":[{"href":"https:\/\/www.europesays.com\/fr\/wp-json\/wp\/v2\/media?parent=365508"}],"wp:term":[{"taxonomy":"category","embeddable":true,"href":"https:\/\/www.europesays.com\/fr\/wp-json\/wp\/v2\/categories?post=365508"},{"taxonomy":"post_tag","embeddable":true,"href":"https:\/\/www.europesays.com\/fr\/wp-json\/wp\/v2\/tags?post=365508"}],"curies":[{"name":"wp","href":"https:\/\/api.w.org\/{rel}","templated":true}]}}