{"id":36551,"date":"2025-04-19T13:07:14","date_gmt":"2025-04-19T13:07:14","guid":{"rendered":"https:\/\/www.europesays.com\/fr\/36551\/"},"modified":"2025-04-19T13:07:14","modified_gmt":"2025-04-19T13:07:14","slug":"soupconnee-de-simuler-son-handicap-depuis-seize-ans-une-femme-demasquee-par-un-detective","status":"publish","type":"post","link":"https:\/\/www.europesays.com\/fr\/36551\/","title":{"rendered":"Soup\u00e7onn\u00e9e de simuler son handicap depuis seize ans, une femme d\u00e9masqu\u00e9e par un d\u00e9tective"},"content":{"rendered":"<p>L\u2019histoire laisse\u2026 sans voix. En\u00a02003, \u00e0 Cadix, en <a href=\"https:\/\/www.20minutes.fr\/dossier\/espagne\" class=\"color-ultramarine c-link\" target=\"_blank\" rel=\"noopener\">Espagne<\/a>, \u00e0 la suite d\u2019une agression par un client, une ex-caissi\u00e8re a perdu l\u2019usage de sa voix en raison d\u2019un stress post-traumatique. Face \u00e0 cette situation, elle est reconnue <a href=\"https:\/\/www.20minutes.fr\/dossier\/handicap\" class=\"color-ultramarine c-link\" target=\"_blank\" rel=\"noopener\">handicap\u00e9e<\/a> et re\u00e7oit une pension d\u2019invalidit\u00e9 permanente par la mutuelle de son entreprise, les faits s\u2019\u00e9tant d\u00e9roul\u00e9s sur son lieu de <a href=\"https:\/\/www.20minutes.fr\/dossier\/travail\" class=\"color-ultramarine c-link\" target=\"_blank\" rel=\"noopener\">travail<\/a>, rapporte le m\u00e9dia espagnol <a href=\"https:\/\/www.lavanguardia.com\/pop\/clic\/20250416\/10592068\/mujer-fingio-muda-16-anos-cobrar-pension-pillada-manera-surrealista-detective-corte-ingles-mmn.html#foto-5\" rel=\"nofollow noopener\" target=\"_blank\" class=\"color-ultramarine c-link\">La Vanguardia<\/a>.<\/p>\n<p>Mais seize ans plus tard, la mutuelle a demand\u00e9 \u00e0 r\u00e9\u00e9valuer sa situation, soup\u00e7onnant une fraude. D\u2019apr\u00e8s <a href=\"https:\/\/www.abc.es\/espana\/andalucia\/cadiz\/tsja-condena-mujer-fingio-muda-anos-cobrar-20250411201327-nts.html?ref=https%3A%2F%2Fwww.abc.es%2Fespana%2Fandalucia%2Fcadiz%2Ftsja-condena-mujer-fingio-muda-anos-cobrar-20250411201327-nts.html%3Fref%3Dhttps%3A%2F%2Fwww.abc.es%2Fespana%2Fandalucia%2Fcadiz%2Ftsja-condena-mujer-fingio-muda-anos-cobrar-20250411201327-nts.html\" rel=\"nofollow noopener\" target=\"_blank\" class=\"color-ultramarine c-link\">ABC<\/a> de Cadiz, c\u2019est son psychiatre qui a donn\u00e9 l\u2019alerte, ayant per\u00e7u \u00ab\u00a0des indices de simulation\u00a0\u00bb. Un d\u00e9tective priv\u00e9 est alors charg\u00e9 de mener l\u2019enqu\u00eate par l\u2019organisme et la d\u00e9masque \u00ab\u00a0facilement\u00a0\u00bb.<\/p>\n<\/p>\n<p>Ce dernier l\u2019a observ\u00e9e en train de parler normalement dans la rue, d\u2019\u00e9changer avec d\u2019autres parents devant l\u2019\u00e9cole, de r\u00e9pondre au t\u00e9l\u00e9phone\u2026 et m\u00eame de lui r\u00e9pondre lorsqu\u2019il lui a demand\u00e9 son chemin. Et toute la conversation \u00e9tait enregistr\u00e9e. Ces documents ont servi de preuves \u00e0 son proc\u00e8s pour d\u00e9montrer qu\u2019il n\u2019y avait pas de mutisme qui justifierait sa pension.<\/p>\n<p>Une affaire toujours en cours<\/p>\n<p>Une fois signal\u00e9e \u00e0 l\u2019organisme, la pr\u00e9tendue muette a fait appel, d\u00e9non\u00e7ant une \u00ab\u00a0violation flagrante\u00a0\u00bb de ses droits constitutionnels. Mais la justice espagnole n\u2019a pas retenu l\u2019argument. Le tribunal sup\u00e9rieur d\u2019Andalousie (TSJA) a rejet\u00e9 sa demande, estimant que les preuves ne portaient pas atteinte \u00e0 sa vie priv\u00e9e, ni \u00e0 son honneur. Selon les juges, il s\u2019agit \u00ab\u00a0d\u2019une simulation de pseudo-mutisme, ou du moins d\u2019une \u00e9volution tr\u00e8s favorable de tels sympt\u00f4mes, puisque les sympt\u00f4mes inhib\u00e9s ont disparu\u00a0\u00bb.<\/p>\n<p><a href=\"https:\/\/www.20minutes.fr\/dossier\/handicap\" class=\"c-link c-btn c-btn--primary\" target=\"_blank\" rel=\"noopener\">Tous nos sujets sur le handicap<\/a><\/p>\n<p>La femme a \u00e9t\u00e9 condamn\u00e9e \u00e0 une amende de \u00ab\u00a0600 \u00e0 6.000 euros\u00a0\u00bb, selon ABC. Mais ce n\u2019est pas fini. Le tribunal a transmis l\u2019affaire au parquet pour statuer sur une \u00e9ventuelle infraction p\u00e9nale. La S\u00e9curit\u00e9 sociale espagnole devra, de son c\u00f4t\u00e9, d\u00e9cider si elle lui demande de rembourser le montant de l\u2019aide re\u00e7ue. \u00ab\u00a0C\u2019est une somme \u00e9norme\u00a0\u00bb, a comment\u00e9 le d\u00e9tective Daniel Fontanals, interrog\u00e9 dans Espejo P\u00fablico et cit\u00e9 par La Vanguardia. Pendant seize ans, cette femme a per\u00e7u la quasi-totalit\u00e9 de son salaire. Pour lui, ce type de cas n\u2019est pas rare. \u00ab\u00a0On voit des personnes cens\u00e9es ne pas pouvoir marcher faire du sport, jouer au foot\u2026\u00a0\u00bb, conclut-il.<\/p>\n","protected":false},"excerpt":{"rendered":"L\u2019histoire laisse\u2026 sans voix. En\u00a02003, \u00e0 Cadix, en Espagne, \u00e0 la suite d\u2019une agression par un client, une&hellip;\n","protected":false},"author":2,"featured_media":36552,"comment_status":"","ping_status":"","sticky":false,"template":"","format":"standard","meta":{"footnotes":""},"categories":[2],"tags":[47,11,4526,3513,123,1011,27,1006,1943,74,11713,12],"class_list":{"0":"post-36551","1":"post","2":"type-post","3":"status-publish","4":"format-standard","5":"has-post-thumbnail","7":"category-actualites","8":"tag-actualite","9":"tag-actualites","10":"tag-aide","11":"tag-escroquerie","12":"tag-espagne","13":"tag-fr","14":"tag-france","15":"tag-fraude","16":"tag-handicap","17":"tag-monde","18":"tag-mutuelle","19":"tag-news"},"share_on_mastodon":{"url":"https:\/\/pubeurope.com\/@fr\/114364785861178908","error":""},"_links":{"self":[{"href":"https:\/\/www.europesays.com\/fr\/wp-json\/wp\/v2\/posts\/36551","targetHints":{"allow":["GET"]}}],"collection":[{"href":"https:\/\/www.europesays.com\/fr\/wp-json\/wp\/v2\/posts"}],"about":[{"href":"https:\/\/www.europesays.com\/fr\/wp-json\/wp\/v2\/types\/post"}],"author":[{"embeddable":true,"href":"https:\/\/www.europesays.com\/fr\/wp-json\/wp\/v2\/users\/2"}],"replies":[{"embeddable":true,"href":"https:\/\/www.europesays.com\/fr\/wp-json\/wp\/v2\/comments?post=36551"}],"version-history":[{"count":0,"href":"https:\/\/www.europesays.com\/fr\/wp-json\/wp\/v2\/posts\/36551\/revisions"}],"wp:featuredmedia":[{"embeddable":true,"href":"https:\/\/www.europesays.com\/fr\/wp-json\/wp\/v2\/media\/36552"}],"wp:attachment":[{"href":"https:\/\/www.europesays.com\/fr\/wp-json\/wp\/v2\/media?parent=36551"}],"wp:term":[{"taxonomy":"category","embeddable":true,"href":"https:\/\/www.europesays.com\/fr\/wp-json\/wp\/v2\/categories?post=36551"},{"taxonomy":"post_tag","embeddable":true,"href":"https:\/\/www.europesays.com\/fr\/wp-json\/wp\/v2\/tags?post=36551"}],"curies":[{"name":"wp","href":"https:\/\/api.w.org\/{rel}","templated":true}]}}