{"id":365510,"date":"2025-09-04T10:59:12","date_gmt":"2025-09-04T10:59:12","guid":{"rendered":"https:\/\/www.europesays.com\/fr\/365510\/"},"modified":"2025-09-04T10:59:12","modified_gmt":"2025-09-04T10:59:12","slug":"la-rappeuse-cardi-b-acquittee-a-lissue-dun-proces-mouvemente","status":"publish","type":"post","link":"https:\/\/www.europesays.com\/fr\/365510\/","title":{"rendered":"La rappeuse Cardi B acquitt\u00e9e \u00e0 l&rsquo;issue d&rsquo;un proc\u00e8s mouvement\u00e9"},"content":{"rendered":"<p>La rappeuse Cardi B acquitt\u00e9e \u00e0 l&rsquo;issue d&rsquo;un proc\u00e8s mouvement\u00e9Sur le m\u00eame sujet<a href=\"https:\/\/www.bfmtv.com\/people\/video-la-rappeuse-cardi-b-acquittee-a-l-issue-d-un-proces-mouvemente_VN-202509040351.html\" title=\"La rappeuse Cardi B acquitt\u00e9e \u00e0 l&#039;issue d&#039;un proc\u00e8s mouvement\u00e9\" rel=\"nofollow noopener\" target=\"_blank\"><img width=\"16\" height=\"9\" class=\"lozad\"  alt=\"La rappeuse Cardi B acquitt\u00e9e \u00e0 l'issue d'un proc\u00e8s mouvement\u00e9\"\/>en lectureLa rappeuse Cardi B acquitt\u00e9e \u00e0 l&rsquo;issue d&rsquo;un proc\u00e8s mouvement\u00e9<\/a><a href=\"https:\/\/www.bfmtv.com\/culture\/video-joey-starr-cambriole-le-prejudice-estime-a-plus-de-100-000-euros_VN-202509040150.html\" title=\"JoeyStarr cambriol\u00e9, le pr\u00e9judice estim\u00e9 \u00e0 plus de 100.000 euros\" rel=\"nofollow noopener\" target=\"_blank\"><img width=\"16\" height=\"9\" class=\"lozad\"  alt=\"JoeyStarr cambriol\u00e9, le pr\u00e9judice estim\u00e9 \u00e0 plus de 100.000 euros\"\/>0:20JoeyStarr cambriol\u00e9, le pr\u00e9judice estim\u00e9 \u00e0 plus de 100.000 euros<\/a><a href=\"https:\/\/www.bfmtv.com\/replay-emissions\/bfm-premiere\/video-eternal-notre-dame-bfmtv-au-c-ur-de-la-cathedrale-04-09_VN-202509040126.html\" title=\"&quot;Eternal Notre Dame&quot; : BFMTV au c\u0153ur de la cath\u00e9drale - 04\/09\" rel=\"nofollow noopener\" target=\"_blank\"><img width=\"16\" height=\"9\" class=\"lozad\"  alt=\"&quot;Eternal Notre Dame&quot; : BFMTV au c\u0153ur de la cath\u00e9drale - 04\/09\"\/>3:30&Prime;Eternal Notre Dame\u00a0\u00bb : BFMTV au c\u0153ur de la cath\u00e9drale &#8211; 04\/09<\/a><a href=\"https:\/\/www.bfmtv.com\/economie\/replay-emissions\/commerce-2-0\/video-morning-retail-h-m-ouvre-un-concept-de-magasin-premium-par-eva-jacquot-04-09_VN-202509040115.html\" title=\"Morning Retail : H&amp;M ouvre un concept de magasin premium, par Eva Jacquot - 04\/09\" rel=\"nofollow noopener\" target=\"_blank\"><img width=\"16\" height=\"9\" class=\"lozad\"  alt=\"Morning Retail : H&amp;M ouvre un concept de magasin premium, par Eva Jacquot - 04\/09\"\/>3:15Morning Retail : H&amp;M ouvre un concept de magasin premium, par Eva Jacquot &#8211; 04\/09<\/a><a href=\"https:\/\/www.bfmtv.com\/people\/video-succession-d-alain-delon-concernant-ari-boulogne-il-faudra-faire-la-place-pour-un-quatrieme-souligne-maitre-christophe-ayela-avocat-et-executeur-testamentaire-d-alain-delon_VN-202509030874.html\" title=\"Succession d&#039;Alain Delon: concernant Ari Boulogne, &quot;il faudra faire la place pour un quatri\u00e8me&quot;, souligne ma\u00eetre Christophe Ayela, avocat et ex\u00e9cuteur testamentaire d&#039;Alain Delon \" rel=\"nofollow noopener\" target=\"_blank\"><img width=\"16\" height=\"9\" class=\"lozad\"  alt=\"Succession d'Alain Delon: concernant Ari Boulogne, &quot;il faudra faire la place pour un quatri\u00e8me&quot;, souligne ma\u00eetre Christophe Ayela, avocat et ex\u00e9cuteur testamentaire d'Alain Delon \"\/>1:56Succession d&rsquo;Alain Delon: concernant Ari Boulogne, \u00ab\u00a0il faudra faire la place pour un quatri\u00e8me\u00a0\u00bb, souligne ma\u00eetre Christophe Ayela, avocat et ex\u00e9cuteur testamentaire d&rsquo;Alain Delon<\/a><a href=\"https:\/\/www.bfmtv.com\/people\/video-succession-d-alain-delon-le-premier-heritier-c-est-le-fisc-lance-maitre-christophe-ayela-avocat-et-executeur-testamentaire-d-alain-delon_VN-202509030866.html\" title=\"Succession d&#039;Alain Delon: &quot;Le premier h\u00e9ritier c&#039;est le fisc&quot;, lance ma\u00eetre Christophe Ayela, avocat et ex\u00e9cuteur testamentaire d&#039;Alain Delon\" rel=\"nofollow noopener\" target=\"_blank\"><img width=\"16\" height=\"9\" class=\"lozad\"  alt=\"Succession d'Alain Delon: &quot;Le premier h\u00e9ritier c'est le fisc&quot;, lance ma\u00eetre Christophe Ayela, avocat et ex\u00e9cuteur testamentaire d'Alain Delon\"\/>0:56Succession d&rsquo;Alain Delon: \u00ab\u00a0Le premier h\u00e9ritier c&rsquo;est le fisc\u00a0\u00bb, lance ma\u00eetre Christophe Ayela, avocat et ex\u00e9cuteur testamentaire d&rsquo;Alain Delon<\/a><a href=\"https:\/\/www.bfmtv.com\/people\/video-succession-d-alain-delon-toute-la-famille-accepte-une-mediation-indique-maitre-christophe-ayela-avocat-et-executeur-testamentaire-d-alain-delon_VN-202509030859.html\" title=\"Succession d&#039;Alain Delon: toute la famille &quot;accepte une m\u00e9diation&quot;, indique ma\u00eetre Christophe Ayela, avocat et ex\u00e9cuteur testamentaire d&#039;Alain Delon\" rel=\"nofollow noopener\" target=\"_blank\"><img width=\"16\" height=\"9\" class=\"lozad\"  alt=\"Succession d'Alain Delon: toute la famille &quot;accepte une m\u00e9diation&quot;, indique ma\u00eetre Christophe Ayela, avocat et ex\u00e9cuteur testamentaire d'Alain Delon\"\/>0:55Succession d&rsquo;Alain Delon: toute la famille \u00ab\u00a0accepte une m\u00e9diation\u00a0\u00bb, indique ma\u00eetre Christophe Ayela, avocat et ex\u00e9cuteur testamentaire d&rsquo;Alain Delon<\/a><a href=\"https:\/\/www.bfmtv.com\/people\/video-succession-d-alain-delon-nouvelle-bataille-fratricide_VN-202509030851.html\" title=\"Succession d&#039;Alain Delon: nouvelle bataille fratricide\" rel=\"nofollow noopener\" target=\"_blank\"><img width=\"16\" height=\"9\" class=\"lozad\"  alt=\"Succession d'Alain Delon: nouvelle bataille fratricide\"\/>1:18Succession d&rsquo;Alain Delon: nouvelle bataille fratricide<\/a><a href=\"https:\/\/www.bfmtv.com\/lyon\/meteo\/video-et-vous-enfant-de-quelle-star-la-meteo-de-colas-du-mercredi-3-septembre-2025_VN-202509030371.html\" title=\"&quot;Et vous, enfant de quelle star ?&quot; - La m\u00e9t\u00e9o de Colas du mercredi 3 septembre 2025\" rel=\"nofollow noopener\" target=\"_blank\"><img width=\"16\" height=\"9\" class=\"lozad\"  alt=\"&quot;Et vous, enfant de quelle star ?&quot; - La m\u00e9t\u00e9o de Colas du mercredi 3 septembre 2025\"\/>4:01&Prime;Et vous, enfant de quelle star ?\u00a0\u00bb &#8211; La m\u00e9t\u00e9o de Colas du mercredi 3 septembre 2025<\/a><a href=\"https:\/\/www.bfmtv.com\/grand-lille\/meteo\/video-et-vous-enfant-de-quelle-star-la-meteo-de-colas-du-mercredi-3-septembre-2025_VN-202509030361.html\" title=\"&quot;Et vous enfant de quelle star ?&quot; - La m\u00e9t\u00e9o de Colas du mercredi 3 septembre 2025\" rel=\"nofollow noopener\" target=\"_blank\"><img width=\"16\" height=\"9\" class=\"lozad\"  alt=\"&quot;Et vous enfant de quelle star ?&quot; - La m\u00e9t\u00e9o de Colas du mercredi 3 septembre 2025\"\/>4:11&Prime;Et vous enfant de quelle star ?\u00a0\u00bb &#8211; La m\u00e9t\u00e9o de Colas du mercredi 3 septembre 2025<\/a><a href=\"https:\/\/www.bfmtv.com\/grand-littoral\/meteo\/video-et-vous-enfant-de-quelle-star-la-meteo-de-colas-du-mercredi-3-septembre-2025_VN-202509030360.html\" title=\"&quot;Et vous enfant de quelle star ?&quot; - La m\u00e9t\u00e9o de Colas du mercredi 3 septembre 2025\" rel=\"nofollow noopener\" target=\"_blank\"><img width=\"16\" height=\"9\" class=\"lozad\"  alt=\"&quot;Et vous enfant de quelle star ?&quot; - La m\u00e9t\u00e9o de Colas du mercredi 3 septembre 2025\"\/>4:11&Prime;Et vous enfant de quelle star ?\u00a0\u00bb &#8211; La m\u00e9t\u00e9o de Colas du mercredi 3 septembre 2025<\/a><a href=\"https:\/\/www.bfmtv.com\/economie\/video-canal-veut-racheter-ugc_VN-202509030220.html\" title=\"Canal + veut racheter UGC\" rel=\"nofollow noopener\" target=\"_blank\"><img width=\"16\" height=\"9\" class=\"lozad\"  alt=\"Canal + veut racheter UGC\"\/>1:28Canal + veut racheter UGC<\/a><a href=\"https:\/\/www.bfmtv.com\/replay-emissions\/bfm-premiere\/video-fils-de-24h-pour-trouver-un-premier-ministre-03-09_VN-202509030140.html\" title=\"&quot;Fils de&quot;, 24H pour trouver un... Premier ministre ! - 03\/09\" rel=\"nofollow noopener\" target=\"_blank\"><img width=\"16\" height=\"9\" class=\"lozad\"  alt=\"&quot;Fils de&quot;, 24H pour trouver un... Premier ministre ! - 03\/09\"\/>4:14&Prime;Fils de\u00a0\u00bb, 24H pour trouver un&#8230; Premier ministre ! &#8211; 03\/09<\/a><a href=\"https:\/\/www.bfmtv.com\/culture\/video-signe-bfm-vogue-chloe-malle-la-nouvelle-anna-wintour_VN-202509030135.html\" title=\"SIGN\u00c9 BFM - Vogue: Chlo\u00e9 Malle, la nouvelle Anna Wintour\" rel=\"nofollow noopener\" target=\"_blank\"><img width=\"16\" height=\"9\" class=\"lozad\"  alt=\"SIGN\u00c9 BFM - Vogue: Chlo\u00e9 Malle, la nouvelle Anna Wintour\"\/>1:48SIGN\u00c9 BFM &#8211; Vogue: Chlo\u00e9 Malle, la nouvelle Anna Wintour<\/a><a class=\"jumpToVideo\" target=\"_blank\"><img class=\"thumbnailPreview\"\/><\/a><\/p>\n","protected":false},"excerpt":{"rendered":"La rappeuse Cardi B acquitt\u00e9e \u00e0 l&rsquo;issue d&rsquo;un proc\u00e8s mouvement\u00e9Sur le m\u00eame sujeten lectureLa rappeuse Cardi B acquitt\u00e9e&hellip;\n","protected":false},"author":2,"featured_media":365511,"comment_status":"","ping_status":"","sticky":false,"template":"","format":"standard","meta":{"footnotes":""},"categories":[1355],"tags":[58,59,1011,27,1361,873],"class_list":{"0":"post-365510","1":"post","2":"type-post","3":"status-publish","4":"format-standard","5":"has-post-thumbnail","7":"category-musique","8":"tag-divertissement","9":"tag-entertainment","10":"tag-fr","11":"tag-france","12":"tag-music","13":"tag-musique"},"share_on_mastodon":{"url":"https:\/\/pubeurope.com\/@fr\/115145681411707285","error":""},"_links":{"self":[{"href":"https:\/\/www.europesays.com\/fr\/wp-json\/wp\/v2\/posts\/365510","targetHints":{"allow":["GET"]}}],"collection":[{"href":"https:\/\/www.europesays.com\/fr\/wp-json\/wp\/v2\/posts"}],"about":[{"href":"https:\/\/www.europesays.com\/fr\/wp-json\/wp\/v2\/types\/post"}],"author":[{"embeddable":true,"href":"https:\/\/www.europesays.com\/fr\/wp-json\/wp\/v2\/users\/2"}],"replies":[{"embeddable":true,"href":"https:\/\/www.europesays.com\/fr\/wp-json\/wp\/v2\/comments?post=365510"}],"version-history":[{"count":0,"href":"https:\/\/www.europesays.com\/fr\/wp-json\/wp\/v2\/posts\/365510\/revisions"}],"wp:featuredmedia":[{"embeddable":true,"href":"https:\/\/www.europesays.com\/fr\/wp-json\/wp\/v2\/media\/365511"}],"wp:attachment":[{"href":"https:\/\/www.europesays.com\/fr\/wp-json\/wp\/v2\/media?parent=365510"}],"wp:term":[{"taxonomy":"category","embeddable":true,"href":"https:\/\/www.europesays.com\/fr\/wp-json\/wp\/v2\/categories?post=365510"},{"taxonomy":"post_tag","embeddable":true,"href":"https:\/\/www.europesays.com\/fr\/wp-json\/wp\/v2\/tags?post=365510"}],"curies":[{"name":"wp","href":"https:\/\/api.w.org\/{rel}","templated":true}]}}