{"id":365512,"date":"2025-09-04T11:00:11","date_gmt":"2025-09-04T11:00:11","guid":{"rendered":"https:\/\/www.europesays.com\/fr\/365512\/"},"modified":"2025-09-04T11:00:11","modified_gmt":"2025-09-04T11:00:11","slug":"la-suite-du-superman-de-james-gunn-sortira-en-juillet-2027","status":"publish","type":"post","link":"https:\/\/www.europesays.com\/fr\/365512\/","title":{"rendered":"La suite du Superman de James Gunn sortira en juillet 2027"},"content":{"rendered":"<p>Intitul\u00e9 Superman\u00a0:\u00a0Man of Tomorrow, le film mettra en sc\u00e8ne le Kryptonien contre son ennemi jur\u00e9, le scientifique Lex Luthor.<\/p>\n<p class=\"fig-paragraph\"><a href=\"http:\/\/www.lefigaro.fr\/cinema\/le-prochain-superman-sera-incarne-par-david-corenswet-20230628\" data-fig-type=\"NewsFlash\" data-gtm-custom-categorie=\"navigation\" data-gtm-custom-action=\"crossclick\" data-gtm-custom-label=\"Contextuel\" data-gtm-event=\"customEventSPE\" data-fig-domain=\"LEFIGARO\" target=\"_blank\" rel=\"noopener\">David Corenswet\u00a0<\/a>va bient\u00f4t renfiler sa cape. Le film\u00a0<a href=\"http:\/\/www.lefigaro.fr\/culture\/james-gunn-superman-est-vieux-naif-trop-honnete-mais-c-est-ce-qui-le-rend-precieux-aujourd-hui-20250707\" data-fig-type=\"Article\" data-gtm-custom-categorie=\"navigation\" data-gtm-custom-action=\"crossclick\" data-gtm-custom-label=\"Contextuel\" data-gtm-event=\"customEventSPE\" data-fig-domain=\"LEFIGARO\" target=\"_blank\" rel=\"noopener\">Superman\u00a0<\/a> de\u00a0<a href=\"http:\/\/www.lefigaro.fr\/cinema\/dean-cain-le-superman-des-annees-1990-sceptique-sur-la-version-de-james-gunn-qu-il-imagine-trop-woke-20250711\" data-fig-type=\"Article\" data-gtm-custom-categorie=\"navigation\" data-gtm-custom-action=\"crossclick\" data-gtm-custom-label=\"Contextuel\" data-gtm-event=\"customEventSPE\" data-fig-domain=\"LEFIGARO\" target=\"_blank\" rel=\"noopener\">James Gunn<\/a>, riche de 612 millions de dollars de recettes au box-office international depuis sa sortie d\u00e9but juillet, va avoir une suite. Le r\u00e9alisateur am\u00e9ricain, derri\u00e8re la saga\u00a0<a href=\"http:\/\/www.lefigaro.fr\/cinema\/box-office-les-gardiens-de-la-galaxie-3-encore-en-tete-du-classement-francais-20230518\" data-fig-type=\"NewsFlash\" data-gtm-custom-categorie=\"navigation\" data-gtm-custom-action=\"crossclick\" data-gtm-custom-label=\"Contextuel\" data-gtm-event=\"customEventSPE\" data-fig-domain=\"LEFIGARO\" target=\"_blank\" rel=\"noopener\">Les Gardiens de la Galaxie<\/a> \u00a0et le dernier\u00a0<a href=\"http:\/\/www.lefigaro.fr\/culture\/the-suicide-squad-une-parodie-de-film-super-heroique-sauvage-drole-et-imprevisible-20210727\" data-fig-type=\"Article\" data-gtm-custom-categorie=\"navigation\" data-gtm-custom-action=\"crossclick\" data-gtm-custom-label=\"Contextuel\" data-gtm-event=\"customEventSPE\" data-fig-domain=\"LEFIGARO\" target=\"_blank\" rel=\"noopener\">Suicide Squad<\/a>, a d\u00e9voil\u00e9 sur ses r\u00e9seaux sociaux, le 3 septembre, le titre du prochain film de la franchise de DC. Baptis\u00e9 Superman\u00a0:\u00a0Man of Tomorrow, il sortira le 9 juillet 2027, soit deux ans jour pour jour apr\u00e8s la diffusion dans les salles obscures du premier volet.<\/p>\n<p class=\"fig-paragraph\">James Gunn a accompagn\u00e9 ces deux annonces d\u2019une image tir\u00e9e des Comics, mettant en sc\u00e8ne le personnage de Clark Kent, alias Superman, aux c\u00f4t\u00e9s du grand vilain Lex Luthor. Ce dernier, interpr\u00e9t\u00e9 par Nicholas Hoult (<a href=\"http:\/\/www.lefigaro.fr\/culture\/notre-critique-de-jure-no-2-clint-eastwood-repond-toujours-a-l-appel-20241028\" data-fig-type=\"Article\" data-gtm-custom-categorie=\"navigation\" data-gtm-custom-action=\"crossclick\" data-gtm-custom-label=\"Contextuel\" data-gtm-event=\"customEventSPE\" data-fig-domain=\"LEFIGARO\" target=\"_blank\" rel=\"noopener\">Jur\u00e9 n\u00b02<\/a>,\u00a0<a href=\"http:\/\/www.lefigaro.fr\/cinema\/nosferatu-que-vaut-cette-relecture-du-mythe-du-vampire-avec-lily-rose-depp-20241225\" data-fig-type=\"Article\" data-gtm-custom-categorie=\"navigation\" data-gtm-custom-action=\"crossclick\" data-gtm-custom-label=\"Contextuel\" data-gtm-event=\"customEventSPE\" data-fig-domain=\"LEFIGARO\" target=\"_blank\" rel=\"noopener\">Nosferatu<\/a>, The Order) dans la nouvelle saga, appara\u00eet dans sa combinaison d\u2019acier semblable \u00e0 une arme de guerre. Dans les\u00a0<a href=\"https:\/\/www.lefigaro.fr\/bd\/2019\/02\/20\/03014-20190220ARTFIG00140-accuse-de-blaspheme-dc-comics-renonce-a-publier-une-bande-dessinee-sur-jesus-christ.php\" data-fig-type=\"Article\" data-gtm-custom-categorie=\"navigation\" data-gtm-custom-action=\"crossclick\" data-gtm-custom-label=\"Contextuel\" data-gtm-event=\"customEventSPE\" data-fig-domain=\"LEFIGARO\" target=\"_blank\" rel=\"noopener\">bandes dessin\u00e9es\u00a0<\/a>, le m\u00e9chant scientifique avide d\u2019argent se lance dans la construction d\u2019une combinaison destin\u00e9e \u00e0 \u00e9galer la force et les capacit\u00e9s du Kryptonien. Il devient ainsi l\u2019un des plus grands antagonistes du super-h\u00e9ros \u00e0 la cape rouge.<\/p>\n<p>                                    <a class=\"fig-a11y-skip a11y-hidden\" href=\"#fig-a11y-skip-main-inarticle\"><br \/>\n        Passer la publicit\u00e9<br \/>\n    <\/a><\/p>\n<p class=\"fig-paragraph\"><strong>Bande-annonce de <\/strong><strong>Superman<\/strong> <strong>\u00a0(2025)<\/strong><\/p>\n<p>Tournage \u00ab\u00a0d\u00e9j\u00e0 planifi\u00e9\u00a0\u00bb<\/p>\n<p class=\"fig-paragraph\">Trois semaines plus t\u00f4t, le r\u00e9alisateur am\u00e9ricain, \u00e9galement codirecteur de DC Films,\u00a0<a href=\"http:\/\/www.lefigaro.fr\/cinema\/ce-sera-plus-tot-que-prevu-james-gunn-planche-deja-sur-la-suite-de-superman-20250818\" data-fig-type=\"Article\" data-gtm-custom-categorie=\"navigation\" data-gtm-custom-action=\"crossclick\" data-gtm-custom-label=\"Contextuel\" data-gtm-event=\"customEventSPE\" data-fig-domain=\"LEFIGARO\" target=\"_blank\" rel=\"noopener\">annon\u00e7ait d\u00e9j\u00e0 plancher sur une suite<\/a>\u00a0de Superman, r\u00e9v\u00e9lant lors d\u2019une interview avec le m\u00e9dia am\u00e9ricain\u00a0<a href=\"https:\/\/collider.com\/superman-2-treatment-update-james-gunn-after-peacemaker-season-2\/\" target=\"_blank\" rel=\"sponsored noopener\" data-gtm-custom-categorie=\"navigation\" data-gtm-custom-action=\"crossclick\" data-gtm-custom-label=\"Contextuel\" data-gtm-event=\"customEventSPE\">Collider<\/a> \u00a0qu\u2019une \u00ab\u00a0soixantaine de pages\u00a0\u00bb de l\u2019intrigue \u00e9tait d\u00e9j\u00e0 \u00e9crite et que le tournage \u00e9tait \u00ab\u00a0d\u00e9j\u00e0 planifi\u00e9\u00a0\u00bb. \u00ab\u00a0Ce sera beaucoup plus t\u00f4t que pr\u00e9vu\u00a0\u00bb, avait-il laiss\u00e9 transpara\u00eetre.<\/p>\n<p class=\"fig-body-link\">\n            \u00c0 lire aussi<br \/>\n        <a class=\"fig-body-link__link fig-premium-mark\" href=\"http:\/\/www.lefigaro.fr\/medias\/superman-le-super-heros-du-box-office-a-la-rescousse-de-warner-20250716\" target=\"_blank\" data-fig-type=\"Article\" rel=\"noopener\" data-gtm-custom-categorie=\"navigation\" data-gtm-custom-action=\"crossclick\" data-gtm-custom-label=\"Contextuel\" data-gtm-event=\"customEventSPE\" data-fig-domain=\"LEFIGARO\">Superman, le super-h\u00e9ros du box-office \u00e0 la rescousse de Warner<br \/>\n    <\/a>\n<\/p>\n<p class=\"fig-paragraph\">Le cin\u00e9aste pr\u00e9voit de reconduire les acteurs du premier volet. David Corenswet devrait porter de nouveau son costume bleu et rouge de Superman, tandis que Rachel Brosnahan reprendra selon toute vraisemblance son r\u00f4le de Lo\u00efs Lane, journaliste de renom destin\u00e9e \u00e0 devenir Superwoman selon l\u2019intrigue originelle des Comics. Nathan Fillion campera ainsi Green Lantern et Isabela Merced le personnage de Hawkgirl. Nicholas Hoult sera donc le grand m\u00e9chant de Man of Tomorrow. On ne change pas une \u00e9quipe qui gagne.<\/p>\n","protected":false},"excerpt":{"rendered":"Intitul\u00e9 Superman\u00a0:\u00a0Man of Tomorrow, le film mettra en sc\u00e8ne le Kryptonien contre son ennemi jur\u00e9, le scientifique Lex&hellip;\n","protected":false},"author":2,"featured_media":365513,"comment_status":"","ping_status":"","sticky":false,"template":"","format":"standard","meta":{"footnotes":""},"categories":[1354],"tags":[11960,58,59,1346,1011,27,30487,1360,2133],"class_list":{"0":"post-365512","1":"post","2":"type-post","3":"status-publish","4":"format-standard","5":"has-post-thumbnail","7":"category-films","8":"tag-dc-comics","9":"tag-divertissement","10":"tag-entertainment","11":"tag-films","12":"tag-fr","13":"tag-france","14":"tag-james-gunn","15":"tag-movies","16":"tag-superman"},"share_on_mastodon":{"url":"https:\/\/pubeurope.com\/@fr\/115145685342305788","error":""},"_links":{"self":[{"href":"https:\/\/www.europesays.com\/fr\/wp-json\/wp\/v2\/posts\/365512","targetHints":{"allow":["GET"]}}],"collection":[{"href":"https:\/\/www.europesays.com\/fr\/wp-json\/wp\/v2\/posts"}],"about":[{"href":"https:\/\/www.europesays.com\/fr\/wp-json\/wp\/v2\/types\/post"}],"author":[{"embeddable":true,"href":"https:\/\/www.europesays.com\/fr\/wp-json\/wp\/v2\/users\/2"}],"replies":[{"embeddable":true,"href":"https:\/\/www.europesays.com\/fr\/wp-json\/wp\/v2\/comments?post=365512"}],"version-history":[{"count":0,"href":"https:\/\/www.europesays.com\/fr\/wp-json\/wp\/v2\/posts\/365512\/revisions"}],"wp:featuredmedia":[{"embeddable":true,"href":"https:\/\/www.europesays.com\/fr\/wp-json\/wp\/v2\/media\/365513"}],"wp:attachment":[{"href":"https:\/\/www.europesays.com\/fr\/wp-json\/wp\/v2\/media?parent=365512"}],"wp:term":[{"taxonomy":"category","embeddable":true,"href":"https:\/\/www.europesays.com\/fr\/wp-json\/wp\/v2\/categories?post=365512"},{"taxonomy":"post_tag","embeddable":true,"href":"https:\/\/www.europesays.com\/fr\/wp-json\/wp\/v2\/tags?post=365512"}],"curies":[{"name":"wp","href":"https:\/\/api.w.org\/{rel}","templated":true}]}}