{"id":365514,"date":"2025-09-04T11:01:18","date_gmt":"2025-09-04T11:01:18","guid":{"rendered":"https:\/\/www.europesays.com\/fr\/365514\/"},"modified":"2025-09-04T11:01:18","modified_gmt":"2025-09-04T11:01:18","slug":"sante-chikungunya-un-premier-cas-confirme-en-savoie-a-saint-ours-le-dauphine-libere","status":"publish","type":"post","link":"https:\/\/www.europesays.com\/fr\/365514\/","title":{"rendered":"Sant\u00e9. Chikungunya : un premier cas confirm\u00e9 en Savoie \u00e0 Saint-Ours &#8211; Le Dauphin\u00e9 Lib\u00e9r\u00e9"},"content":{"rendered":"<ol>\n<li><a href=\"https:\/\/news.google.com\/rss\/articles\/CBMirwFBVV95cUxORWxXSGRkV1ZNOWp4dG5TR043VHZzdGJaNFlZRGRqc01QNENjNlV5S21fbEdzWWJmVXBQVEk3TjYtN2lCMHBVY0k5OGNKdUhpdm9CZkhRZ0JrdjVIRG5Tb0c2NFVWNnJEWjJHWEVXZGVHaXFHeVhXcmI0Z29jYU9HTDBSX1lMaDE3b3Y3TjJkdEVmUnhaMVVxay1BN2hLM0xmZHdOQ1ZvcjdjQTNiWXhj?oc=5\" target=\"_blank\" rel=\"noopener\">Sant\u00e9. Chikungunya : un premier cas confirm\u00e9 en Savoie \u00e0 Saint-Ours<\/a>&nbsp;&nbsp;Le Dauphin\u00e9 Lib\u00e9r\u00e9<\/li>\n<li><a href=\"https:\/\/news.google.com\/rss\/articles\/CBMi5wFBVV95cUxPSGU3OFY0cldSQThJNWpBN0pMZEFBMEUwaDktN1lPOWUycGljdFg5T3d4ZjZzLTc4UUtSWUJESDZzbzBnU1pUY0lvSERFeXRlTGZpeWZISHZyOEVZZkRYZ3ZyLTBGdVAwUHd6VEIxNHNJU3FzZzdVOWoza0thYTFWSkJuQ1BSR1Z1LUVWLVJySFBXYW5jUUk4UTBINnBUa0Exd1R0NHdKSmhEeEVCX1VBRDQ0a0pXbi1yYWdscFlaZ1A0OWV6V04tR3FIb3RnWmM1UXZBV1EtcmxmLUlral9nb0dvN0ZwZGs?oc=5\" target=\"_blank\" rel=\"noopener\">Plus de 300 cas de chikungunya en m\u00e9tropole depuis cet \u00e9t\u00e9, un niveau sans pr\u00e9c\u00e9dent<\/a>&nbsp;&nbsp;Le Monde.fr<\/li>\n<li><a href=\"https:\/\/news.google.com\/rss\/articles\/CBMixAFBVV95cUxORnVIZU1KbjlMZy1yTThqQUptRDY4UmJxX1VjWE5VUE9yaW5oam1NMTBtTHJXeHE4MkVWN1NFMHBvS0lwX0djUEplRV9CenZCazlsUXNpWFlJUnFRZWJNNnNaNzhtNmFOX1Ryel9vVkVwR3RiQ21weVR5MDVPTG1hbktuTjVyckQ2YUR4b29VdFVCSmpJRVA3RER2UXpZWGc1ekRmdnh5QzJTc2ZmMGlyMUhHSVVWTDd4ekxZRndZUmpJTDVH?oc=5\" target=\"_blank\" rel=\"noopener\">D\u00e9sormais 37 cas de Chikungunya \u00e0 Bergerac, le bilan continue de grimper<\/a>&nbsp;&nbsp;francebleu.fr<\/li>\n<li><a href=\"https:\/\/news.google.com\/rss\/articles\/CBMi4AFBVV95cUxNV3lsYTR6RWFmYURqMWlGaGJ0QjZhTkNzMkRhTlg3aGlhclhxUWhvRGNpcS1nNVgtUEVrUnIzR0hKbG93Z0tiQkE5c0F6S2l6ZGxvZHNlQ2Y5UUJ3aUE1QlhvSVJXSDlpckxSQk56c2VPdlJzaDR0ZHh4U2l1ald6VmdjNFI0LVk4alQwNm16dHJrSkJxaVlDWC1uM2tlYkZTdjI1YmdmNWNrekFVQks4VjJYX0tMcVBFWHY0ZXN2WVljYWpmSXNqbEtjdE5iNzlpRk1vc1VHcDZ2cHc3RXNqdw?oc=5\" target=\"_blank\" rel=\"noopener\">Sa commune est la plus touch\u00e9e en Is\u00e8re par cette maladie tropicale : le maire r\u00e9agit<\/a>&nbsp;&nbsp;Actu.fr<\/li>\n<li><a href=\"https:\/\/news.google.com\/rss\/articles\/CBMi7AFBVV95cUxON2NOdUN2UEUzMDlwbWNuQnpXQk9iQjVKMXM2bVZ1TzY3WUtKaURfLTI2UDktbE4wakpTSHIzUUoyQjNMYjRRS0JFMHJ3cTNrOXNUeFBVek9nZHg1TDJRNk1nbDNoeFhGbGxBRURsMEVjZml6OVhoTVdmVkVxVXNzSnNFaGotZ1dUWTM3WUVpZkxsaUxHWlhkUTZSVExkdHBTUGdQOUtUSEJFbFpkcE50QTYzei1sNzh1U2xvMUlDQkU4MkFRQ2dLYk91MlZTS1JoMjlZdUZ0TTI4dUhnZDBuQ2JWZGJXQ0EzVjZRdg?oc=5\" target=\"_blank\" rel=\"noopener\">Chikungunya \u00e0 Bergerac : 37 cas identifi\u00e9s, une autre op\u00e9ration de d\u00e9moustication pr\u00e9vue ce jeudi<\/a>&nbsp;&nbsp;Sud Ouest<\/li>\n<\/ol>\n","protected":false},"excerpt":{"rendered":"Sant\u00e9. Chikungunya : un premier cas confirm\u00e9 en Savoie \u00e0 Saint-Ours&nbsp;&nbsp;Le Dauphin\u00e9 Lib\u00e9r\u00e9 Plus de 300 cas de&hellip;\n","protected":false},"author":2,"featured_media":365515,"comment_status":"","ping_status":"","sticky":false,"template":"","format":"standard","meta":{"footnotes":""},"categories":[10],"tags":[7001,436,274,107,1011,27,72,35760,1800,49995,71,5508],"class_list":{"0":"post-365514","1":"post","2":"type-post","3":"status-publish","4":"format-standard","5":"has-post-thumbnail","7":"category-sante","8":"tag-edition-chambery-aix-les-bains","9":"tag-environnement","10":"tag-faits-divers-justice","11":"tag-fil-info","12":"tag-fr","13":"tag-france","14":"tag-health","15":"tag-le-lac","16":"tag-pollution","17":"tag-saint-ours","18":"tag-sante","19":"tag-savoie"},"share_on_mastodon":{"url":"https:\/\/pubeurope.com\/@fr\/115145689242041567","error":""},"_links":{"self":[{"href":"https:\/\/www.europesays.com\/fr\/wp-json\/wp\/v2\/posts\/365514","targetHints":{"allow":["GET"]}}],"collection":[{"href":"https:\/\/www.europesays.com\/fr\/wp-json\/wp\/v2\/posts"}],"about":[{"href":"https:\/\/www.europesays.com\/fr\/wp-json\/wp\/v2\/types\/post"}],"author":[{"embeddable":true,"href":"https:\/\/www.europesays.com\/fr\/wp-json\/wp\/v2\/users\/2"}],"replies":[{"embeddable":true,"href":"https:\/\/www.europesays.com\/fr\/wp-json\/wp\/v2\/comments?post=365514"}],"version-history":[{"count":0,"href":"https:\/\/www.europesays.com\/fr\/wp-json\/wp\/v2\/posts\/365514\/revisions"}],"wp:featuredmedia":[{"embeddable":true,"href":"https:\/\/www.europesays.com\/fr\/wp-json\/wp\/v2\/media\/365515"}],"wp:attachment":[{"href":"https:\/\/www.europesays.com\/fr\/wp-json\/wp\/v2\/media?parent=365514"}],"wp:term":[{"taxonomy":"category","embeddable":true,"href":"https:\/\/www.europesays.com\/fr\/wp-json\/wp\/v2\/categories?post=365514"},{"taxonomy":"post_tag","embeddable":true,"href":"https:\/\/www.europesays.com\/fr\/wp-json\/wp\/v2\/tags?post=365514"}],"curies":[{"name":"wp","href":"https:\/\/api.w.org\/{rel}","templated":true}]}}