{"id":365525,"date":"2025-09-04T11:07:11","date_gmt":"2025-09-04T11:07:11","guid":{"rendered":"https:\/\/www.europesays.com\/fr\/365525\/"},"modified":"2025-09-04T11:07:11","modified_gmt":"2025-09-04T11:07:11","slug":"182-conducteurs-declares-positifs-a-lalcool-ou-aux-stupefiants-depuis-le-debut-de-lannee","status":"publish","type":"post","link":"https:\/\/www.europesays.com\/fr\/365525\/","title":{"rendered":"182\u00a0conducteurs d\u00e9clar\u00e9s positifs \u00e0 l\u2019alcool ou aux stup\u00e9fiants depuis le d\u00e9but de l\u2019ann\u00e9e"},"content":{"rendered":"<p>                          <img loading=\"lazy\" decoding=\"async\" src=\"https:\/\/www.europesays.com\/fr\/wp-content\/uploads\/2025\/09\/814e050_upload-1-daknpb6h3pw4-000-1r11p4.jpg\" alt=\"Des cars de transport scolaire \u00e0 Bassens (Gironde), en mai\u00a02020.\"   width=\"664\" height=\"443\"\/>    Des cars de transport scolaire \u00e0 Bassens (Gironde), en mai\u00a02020.  GEORGES GOBET\/AFP                          <\/p>\n<p class=\"article__paragraph  \">Sur pr\u00e8s de 30\u00a0000\u00a0cars de transport scolaire contr\u00f4l\u00e9s entre janvier et la fin d\u2019ao\u00fbt, 119\u00a0conducteurs ont \u00e9t\u00e9 d\u00e9clar\u00e9s positifs \u00e0 un stup\u00e9fiant et 63 \u00e0 l\u2019alcool, a annonc\u00e9 le ministre des transports, Philippe Tabarot, en visite en Eure-et-Loir jeudi 4\u00a0septembre. Le minist\u00e8re des transports <a href=\"https:\/\/www.lemonde.fr\/politique\/article\/2025\/04\/30\/renforcement-de-la-securite-routiere-du-transport-scolaire-le-gouvernement-presente-son-plan_6601964_823448.html\" rel=\"nofollow noopener\" target=\"_blank\">avait lanc\u00e9, le 30\u00a0avril, le plan Joana<\/a> \u2013\u00a0du pr\u00e9nom d\u2019une lyc\u00e9enne de 15\u00a0ans morte <a href=\"https:\/\/www.lemonde.fr\/societe\/article\/2025\/01\/30\/accident-de-car-scolaire-a-chateaudun-une-lyceenne-de-15-ans-tuee-et-vingt-eleves-blesses-le-ministre-des-transports-annonce-plus-de-controles-des-chauffeurs-notamment-sur-les-stupefiants_6523315_3225.html\" rel=\"nofollow noopener\" target=\"_blank\">dans un accident de car scolaire dont le chauffeur avait consomm\u00e9 du cannabis<\/a>, le 30\u00a0janvier \u00e0 Ch\u00e2teaudun, dans le m\u00eame d\u00e9partement\u00a0\u2013 pour le renforcement de la s\u00e9curit\u00e9 routi\u00e8re du transport scolaire.<\/p>\n<p class=\"article__paragraph  \">Chaque jour, 1,9\u00a0million d\u2019\u00e9l\u00e8ves prennent un car scolaire, rappelle le minist\u00e8re. \u00ab\u00a0C\u2019est un des modes de transport les plus s\u00fbrs\u00a0\u00bb, a soulign\u00e9 M.\u00a0Tabarot devant des journalistes jeudi matin, puisqu\u2019il repr\u00e9sente 5\u00a0% des d\u00e9placements et seulement 0,3\u00a0% des accidents de la route selon les chiffres de l\u2019Association nationale pour les transports \u00e9ducatifs de l\u2019enseignement public (Anateep).<\/p>\n<p class=\"article__paragraph  \">Entre le 1er\u00a0janvier et le 31\u00a0ao\u00fbt, 103 accidents impliquant des cars scolaires ont eu lieu en France, dont 50 ayant fait des victimes. Il y avait eu 138\u00a0accidents d\u2019autocars en\u00a02024, le plus haut niveau depuis dix ans. L\u2019Anateep rel\u00e8ve trois morts depuis le d\u00e9but de l\u2019ann\u00e9e, 108\u00a0bless\u00e9s l\u00e9gers et aucun bless\u00e9 grave.<\/p>\n<p>                                       Lire aussi |  <a href=\"https:\/\/www.lemonde.fr\/societe\/article\/2025\/06\/02\/plus-de-3-000-morts-sur-les-routes-francaises-en-2024_6610222_3224.html\" class=\"js-article-read-also catcher--favoris__link\" data-premium=\"\" id=\"article-title-3425259\" rel=\"nofollow noopener\" target=\"_blank\">Plus de 3\u00a0000 morts sur les routes fran\u00e7aises en\u00a02024<\/a>    <\/p>\n<p>   Lire plus tard  <\/p>\n<p>                          Un \u00ab\u00a0stupotest\u00a0\u00bb pour emp\u00eacher le d\u00e9marrage                    <\/p>\n<p class=\"article__paragraph  \">Le plan Joana impose aux chauffeurs de se soumettre \u00e0 un d\u00e9pistage al\u00e9atoire au moins une fois par an et \u00ab\u00a0les entreprises le font maintenant quasi syst\u00e9matiquement\u00a0\u00bb, a expliqu\u00e9 M.\u00a0Tabarot. Son minist\u00e8re travaille aussi avec ces transporteurs pour mettre en place un \u00ab\u00a0stupotest\u00a0\u00bb, comme ce qui existe pour l\u2019alcool. \u00ab\u00a0Une personne sous l\u2019effet de drogue soufflera dans un \u201cstupotest\u201d et ne pourra pas faire d\u00e9marrer son v\u00e9hicule\u00a0\u00bb, a expliqu\u00e9 le ministre.<\/p>\n<p class=\"article__paragraph  \">Il r\u00e9fl\u00e9chit \u00e9galement \u00e0 \u00ab\u00a0comment le mat\u00e9riel peut \u00e9voluer\u00a0\u00bb, avec par exemple des \u00ab\u00a0ceintures de s\u00e9curit\u00e9 \u00e0 \u201cbip\u201d qui pourraient \u00eatre mises en place syst\u00e9matiquement\u00a0\u00bb pour obliger les \u00e9l\u00e8ves \u00e0 s\u2019attacher, a-t-il poursuivi\u00a0; ou encore \u00e0 des dispositifs pour briser rapidement les vitres. Le ministre souhaite aussi mettre en place un num\u00e9ro de t\u00e9l\u00e9phone pour permettre aux \u00e9l\u00e8ves de \u00ab\u00a0d\u00e9noncer le comportement \u00e9trange d\u2019un conducteur\u00a0\u00bb. Le plan Joana proposait enfin de renforcer les sanctions. M.\u00a0Tabarot a salu\u00e9 \u00e0 ce sujet l\u2019instauration, en juillet, <a href=\"https:\/\/www.lemonde.fr\/societe\/article\/2025\/07\/01\/apres-l-accident-provoque-par-pierre-palmade-le-parlement-enterine-la-creation-d-un-delit-d-homicide-routier_6617256_3224.html\" rel=\"nofollow noopener\" target=\"_blank\">du d\u00e9lit d\u2019homicide routier<\/a>.<\/p>\n<p class=\"author__detail\">  Le Monde avec AFP  <\/p>\n<p>                  <a href=\"https:\/\/www.lemonde.fr\/syndication\/\" class=\"reuse__content\" title=\"R\u00e9utiliser ce contenu\" target=\"_blank\" rel=\"nofollow noopener\">R\u00e9utiliser ce contenu<\/a>      <\/p>\n","protected":false},"excerpt":{"rendered":"Des cars de transport scolaire \u00e0 Bassens (Gironde), en mai\u00a02020. GEORGES GOBET\/AFP Sur pr\u00e8s de 30\u00a0000\u00a0cars de transport&hellip;\n","protected":false},"author":2,"featured_media":365526,"comment_status":"","ping_status":"","sticky":false,"template":"","format":"standard","meta":{"footnotes":""},"categories":[4],"tags":[11,1011,27,12,25],"class_list":{"0":"post-365525","1":"post","2":"type-post","3":"status-publish","4":"format-standard","5":"has-post-thumbnail","7":"category-france","8":"tag-actualites","9":"tag-fr","10":"tag-france","11":"tag-news","12":"tag-republique-francaise"},"share_on_mastodon":{"url":"https:\/\/pubeurope.com\/@fr\/115145712847127513","error":""},"_links":{"self":[{"href":"https:\/\/www.europesays.com\/fr\/wp-json\/wp\/v2\/posts\/365525","targetHints":{"allow":["GET"]}}],"collection":[{"href":"https:\/\/www.europesays.com\/fr\/wp-json\/wp\/v2\/posts"}],"about":[{"href":"https:\/\/www.europesays.com\/fr\/wp-json\/wp\/v2\/types\/post"}],"author":[{"embeddable":true,"href":"https:\/\/www.europesays.com\/fr\/wp-json\/wp\/v2\/users\/2"}],"replies":[{"embeddable":true,"href":"https:\/\/www.europesays.com\/fr\/wp-json\/wp\/v2\/comments?post=365525"}],"version-history":[{"count":0,"href":"https:\/\/www.europesays.com\/fr\/wp-json\/wp\/v2\/posts\/365525\/revisions"}],"wp:featuredmedia":[{"embeddable":true,"href":"https:\/\/www.europesays.com\/fr\/wp-json\/wp\/v2\/media\/365526"}],"wp:attachment":[{"href":"https:\/\/www.europesays.com\/fr\/wp-json\/wp\/v2\/media?parent=365525"}],"wp:term":[{"taxonomy":"category","embeddable":true,"href":"https:\/\/www.europesays.com\/fr\/wp-json\/wp\/v2\/categories?post=365525"},{"taxonomy":"post_tag","embeddable":true,"href":"https:\/\/www.europesays.com\/fr\/wp-json\/wp\/v2\/tags?post=365525"}],"curies":[{"name":"wp","href":"https:\/\/api.w.org\/{rel}","templated":true}]}}