{"id":365529,"date":"2025-09-04T11:09:10","date_gmt":"2025-09-04T11:09:10","guid":{"rendered":"https:\/\/www.europesays.com\/fr\/365529\/"},"modified":"2025-09-04T11:09:10","modified_gmt":"2025-09-04T11:09:10","slug":"saint-etienne-il-trouve-les-cles-dune-mercedes-et-decide-de-faire-un-tour-avec","status":"publish","type":"post","link":"https:\/\/www.europesays.com\/fr\/365529\/","title":{"rendered":"Saint-\u00c9tienne : il trouve les cl\u00e9s d&rsquo;une mercedes et d\u00e9cide de faire un tour avec"},"content":{"rendered":"<p>Un jeune homme de 19 ans a \u00e9t\u00e9 interpell\u00e9 dans la nuit du 3 septembre au volant d\u2019une Mercedes sur la RN88. Il n\u2019\u00e9tait pas titulaire du permis de conduire et la voiture ne lui appartenait pas.<\/p>\n<p>Vers 00h15, les policiers, accompagn\u00e9s des agents de la BAC, remarquent un v\u00e9hicule de marque Mercedes effectuant des zigzags sur la RN88 en direction du Puy-en-Velay. Lors de son interpellation, les gardiens de la paix d\u00e9couvrent que le conducteur n\u2019a pas le permis et que la voiture ne lui appartient pas.<\/p>\n<p>Apr\u00e8s v\u00e9rifications, le jeune homme reconna\u00eet avoir trouv\u00e9 les cl\u00e9s du v\u00e9hicule dans son quartier, \u00e0 proximit\u00e9 de celui-ci. Au lieu de les restituer \u00e0 leur propri\u00e9taire, qu\u2019il affirme conna\u00eetre, il a pr\u00e9f\u00e9r\u00e9 prendre la voiture pour aller faire un tour.<\/p>\n<p>\u00a0<\/p>\n<p>B.Maestracci<\/p>\n","protected":false},"excerpt":{"rendered":"Un jeune homme de 19 ans a \u00e9t\u00e9 interpell\u00e9 dans la nuit du 3 septembre au volant d\u2019une&hellip;\n","protected":false},"author":2,"featured_media":365530,"comment_status":"","ping_status":"","sticky":false,"template":"","format":"standard","meta":{"footnotes":""},"categories":[9653],"tags":[1111,11,2430,1777,674,1011,27,12,25,4001],"class_list":{"0":"post-365529","1":"post","2":"type-post","3":"status-publish","4":"format-standard","5":"has-post-thumbnail","7":"category-saint-etienne","8":"tag-actu","9":"tag-actualites","10":"tag-auvergne-rhone-alpes","11":"tag-eu","12":"tag-europe","13":"tag-fr","14":"tag-france","15":"tag-news","16":"tag-republique-francaise","17":"tag-saint-etienne"},"share_on_mastodon":{"url":"https:\/\/pubeurope.com\/@fr\/115145720771851740","error":""},"_links":{"self":[{"href":"https:\/\/www.europesays.com\/fr\/wp-json\/wp\/v2\/posts\/365529","targetHints":{"allow":["GET"]}}],"collection":[{"href":"https:\/\/www.europesays.com\/fr\/wp-json\/wp\/v2\/posts"}],"about":[{"href":"https:\/\/www.europesays.com\/fr\/wp-json\/wp\/v2\/types\/post"}],"author":[{"embeddable":true,"href":"https:\/\/www.europesays.com\/fr\/wp-json\/wp\/v2\/users\/2"}],"replies":[{"embeddable":true,"href":"https:\/\/www.europesays.com\/fr\/wp-json\/wp\/v2\/comments?post=365529"}],"version-history":[{"count":0,"href":"https:\/\/www.europesays.com\/fr\/wp-json\/wp\/v2\/posts\/365529\/revisions"}],"wp:featuredmedia":[{"embeddable":true,"href":"https:\/\/www.europesays.com\/fr\/wp-json\/wp\/v2\/media\/365530"}],"wp:attachment":[{"href":"https:\/\/www.europesays.com\/fr\/wp-json\/wp\/v2\/media?parent=365529"}],"wp:term":[{"taxonomy":"category","embeddable":true,"href":"https:\/\/www.europesays.com\/fr\/wp-json\/wp\/v2\/categories?post=365529"},{"taxonomy":"post_tag","embeddable":true,"href":"https:\/\/www.europesays.com\/fr\/wp-json\/wp\/v2\/tags?post=365529"}],"curies":[{"name":"wp","href":"https:\/\/api.w.org\/{rel}","templated":true}]}}