{"id":365531,"date":"2025-09-04T11:10:10","date_gmt":"2025-09-04T11:10:10","guid":{"rendered":"https:\/\/www.europesays.com\/fr\/365531\/"},"modified":"2025-09-04T11:10:10","modified_gmt":"2025-09-04T11:10:10","slug":"football-lancien-president-de-saint-etienne-roland-romeyer-soupconne-de-harcelement-et-doutrages-sexistes","status":"publish","type":"post","link":"https:\/\/www.europesays.com\/fr\/365531\/","title":{"rendered":"Football\u00a0: l\u2019ancien pr\u00e9sident de Saint-\u00c9tienne Roland Romeyer soup\u00e7onn\u00e9 de harc\u00e8lement et d\u2019outrages sexistes"},"content":{"rendered":"<p class=\"paragraph text_align_left lp-f-body-02\">Coup de tonnerre dans le Forez. L\u2019ancien pr\u00e9sident de l\u2019AS Saint-\u00c9tienne <a href=\"https:\/\/www.leparisien.fr\/sports\/football\/ligue-1\/je-suis-passe-tout-pres-de-la-mort-roland-romeyer-lex-patron-des-verts-narrive-pas-a-couper-le-cordon-28-03-2025-YIL7VFUR6ZFUDLST6MNWIZUKWI.php\" target=\"_blank\" rel=\"noreferrer nofollow noopener\">Roland Romeyer<\/a> est mis en cause par deux plaintes d\u2019employ\u00e9es du club, comme l\u2019a r\u00e9v\u00e9l\u00e9 <a href=\"https:\/\/www.leprogres.fr\/faits-divers-justice\/2025\/09\/03\/harcelement-et-outrages-sexistes-deux-plaintes-deposees-contre-roland-romeyer\" target=\"_blank\" rel=\"noreferrer nofollow noopener\">Le Progr\u00e8s<\/a> mercredi. Une enqu\u00eate a \u00e9t\u00e9 ouverte par les forces de police au mois de juin 2025 pour des faits de \u00ab harc\u00e8lement et outrages sexistes, aggrav\u00e9s par le lien hi\u00e9rarchique ou la minorit\u00e9 \u00bb.<\/p>\n<p class=\"paragraph text_align_left lp-f-body-02\">\u00ab Je suis tr\u00e8s surpris d\u2019apprendre que je fais l\u2019objet de deux plaintes. Personne ne m\u2019a pr\u00e9venu et surtout personne ne m\u2019a interrog\u00e9. Je tombe des nues \u00bb, a r\u00e9agi le principal int\u00e9ress\u00e9 aupr\u00e8s du quotidien rhodanien.<\/p>\n<p>\u00ab\u00a0Je tombe des nues\u00a0\u00bb<\/p>\n<p class=\"paragraph text_align_left lp-f-body-02\">Il est reproch\u00e9 au dirigeant historique du club st\u00e9phanois d\u2019avoir eu un comportement \u00ab particuli\u00e8rement d\u00e9plac\u00e9 \u00bb. \u00ab Il s\u2019agissait surtout de paroles malheureuses et tout le monde \u00e9tait g\u00ean\u00e9 \u00bb, t\u00e9moigne un collaborateur. Ces faits remonteraient \u00e0 une p\u00e9riode ant\u00e9rieure au rachat des Verts par le groupe canadien Kilmer Sports Ventures, survenu en juin 2024.<\/p>\n<p class=\"paragraph text_align_left lp-f-body-02\">\u00ab L\u2019AS Saint-\u00c9tienne condamne toute forme de violence et de comportement inappropri\u00e9, tant sur le terrain qu\u2019en dehors. Comme dans toute proc\u00e9dure judiciaire, le club laisse la justice suivre son cours et coop\u00e8re pleinement avec le minist\u00e8re public. Nous ne ferons aucun autre commentaire \u00bb, assure l\u2019ASSE, qui avait \u00e9galement \u00e9t\u00e9 \u00e0 l\u2019origine d\u2019un audit en interne aupr\u00e8s de ses salari\u00e9es.<\/p>\n<p class=\"paragraph text_align_left lp-f-body-02\">L\u2019homme, \u00e2g\u00e9 aujourd\u2019hui de 80 ans, a dirig\u00e9 l\u2019AS Saint-\u00c9tienne entre 2006 et 2024 aux c\u00f4t\u00e9s de Bernard Ca\u00efazzo, remportant notamment une Coupe de la Ligue en 2013 avec les Verts.<\/p>\n","protected":false},"excerpt":{"rendered":"Coup de tonnerre dans le Forez. L\u2019ancien pr\u00e9sident de l\u2019AS Saint-\u00c9tienne Roland Romeyer est mis en cause par&hellip;\n","protected":false},"author":2,"featured_media":365532,"comment_status":"","ping_status":"","sticky":false,"template":"","format":"standard","meta":{"footnotes":""},"categories":[9653],"tags":[1111,11,2430,1777,674,118,63,1011,27,12,25,4001,60],"class_list":{"0":"post-365531","1":"post","2":"type-post","3":"status-publish","4":"format-standard","5":"has-post-thumbnail","7":"category-saint-etienne","8":"tag-actu","9":"tag-actualites","10":"tag-auvergne-rhone-alpes","11":"tag-eu","12":"tag-europe","13":"tag-faits-divers","14":"tag-football","15":"tag-fr","16":"tag-france","17":"tag-news","18":"tag-republique-francaise","19":"tag-saint-etienne","20":"tag-sports"},"share_on_mastodon":{"url":"https:\/\/pubeurope.com\/@fr\/115145724734836231","error":""},"_links":{"self":[{"href":"https:\/\/www.europesays.com\/fr\/wp-json\/wp\/v2\/posts\/365531","targetHints":{"allow":["GET"]}}],"collection":[{"href":"https:\/\/www.europesays.com\/fr\/wp-json\/wp\/v2\/posts"}],"about":[{"href":"https:\/\/www.europesays.com\/fr\/wp-json\/wp\/v2\/types\/post"}],"author":[{"embeddable":true,"href":"https:\/\/www.europesays.com\/fr\/wp-json\/wp\/v2\/users\/2"}],"replies":[{"embeddable":true,"href":"https:\/\/www.europesays.com\/fr\/wp-json\/wp\/v2\/comments?post=365531"}],"version-history":[{"count":0,"href":"https:\/\/www.europesays.com\/fr\/wp-json\/wp\/v2\/posts\/365531\/revisions"}],"wp:featuredmedia":[{"embeddable":true,"href":"https:\/\/www.europesays.com\/fr\/wp-json\/wp\/v2\/media\/365532"}],"wp:attachment":[{"href":"https:\/\/www.europesays.com\/fr\/wp-json\/wp\/v2\/media?parent=365531"}],"wp:term":[{"taxonomy":"category","embeddable":true,"href":"https:\/\/www.europesays.com\/fr\/wp-json\/wp\/v2\/categories?post=365531"},{"taxonomy":"post_tag","embeddable":true,"href":"https:\/\/www.europesays.com\/fr\/wp-json\/wp\/v2\/tags?post=365531"}],"curies":[{"name":"wp","href":"https:\/\/api.w.org\/{rel}","templated":true}]}}