{"id":365537,"date":"2025-09-04T11:13:24","date_gmt":"2025-09-04T11:13:24","guid":{"rendered":"https:\/\/www.europesays.com\/fr\/365537\/"},"modified":"2025-09-04T11:13:24","modified_gmt":"2025-09-04T11:13:24","slug":"rct-soutenir-la-fondation","status":"publish","type":"post","link":"https:\/\/www.europesays.com\/fr\/365537\/","title":{"rendered":"RCT \u2013 Soutenir la Fondation"},"content":{"rendered":"<p>\t\t\t\t\t\t\t\t\t<strong class=\"bold-text-16\">Soutenez la Fondation RCT<\/strong><\/p>\n<p class=\"paragraph date-cle\">Que vous soyez un particulier ou une entreprise, vous pouvez soutenir la Fondation du Rugby Club Toulonnais<\/p>\n<p><strong class=\"bold-text-16\">Soutenir la Fondation RCT, c\u2019est :<\/strong><\/p>\n<ul class=\"list\" role=\"list\">\n<li class=\"list-item\">Partager les valeurs de solidarit\u00e9, d\u2019engagement et de g\u00e9n\u00e9rosit\u00e9 pr\u00f4n\u00e9es par le Club.<\/li>\n<li class=\"list-item\">S\u2019associer \u00e0 l\u2019ensemble des actions et des programmes citoyens que le Club m\u00e8ne au quotidien.<\/li>\n<li class=\"list-item\">Permettre au RCT d\u2019\u00eatre toujours plus utile aupr\u00e8s de ceux qui en ont besoin.<\/li>\n<\/ul>\n<p><img decoding=\"async\" class=\"image-36\" src=\"https:\/\/www.europesays.com\/fr\/wp-content\/uploads\/2025\/09\/Cite\u0301_Femme_Quartiers_1250x420.jpg\"  alt=\"\"\/><\/p>\n<p><strong class=\"bold-text-16\">Pour cela, accompagnez le Club dans ses actions en r\u00e9alisant un don (*) :<\/strong><\/p>\n<ul class=\"list\" role=\"list\">\n<li class=\"list-item\">En r\u00e9alisant un don en ligne via le bouton ci dessous<\/li>\n<li class=\"list-item\">En envoyant un ch\u00e8que libell\u00e9 \u00e0 l\u2019ordre du FONDS DE DOTATION RUGBY COEUR TOULONNAIS<\/li>\n<li class=\"list-item\">En nous contactant \u00e0 l\u2019adresse\u00a0<a href=\"https:\/\/rctoulon.com\/soutenir-le-rugby-coeur-toulonnais\/mailto:rugbycoeurtoulonnais@rctoulon.com\" rel=\"nofollow noopener\" target=\"_blank\">rugbycoeurtoulonnais@rctoulon.com<\/a>\u00a0pour effectuer un virement bancaire.<\/li>\n<\/ul>\n<p class=\"paragraph date-cle\">(*) donnant droit \u00e0 une r\u00e9duction de l\u2019imp\u00f4t sur le revenu. Un re\u00e7u fiscal vous sera envoy\u00e9 en retour.<\/p>\n","protected":false},"excerpt":{"rendered":"Soutenez la Fondation RCT Que vous soyez un particulier ou une entreprise, vous pouvez soutenir la Fondation du&hellip;\n","protected":false},"author":2,"featured_media":365538,"comment_status":"","ping_status":"","sticky":false,"template":"","format":"standard","meta":{"footnotes":""},"categories":[9619],"tags":[1111,11,1777,674,1011,27,12,882,25,2310],"class_list":{"0":"post-365537","1":"post","2":"type-post","3":"status-publish","4":"format-standard","5":"has-post-thumbnail","7":"category-toulon","8":"tag-actu","9":"tag-actualites","10":"tag-eu","11":"tag-europe","12":"tag-fr","13":"tag-france","14":"tag-news","15":"tag-provence-alpes-cote-dazur","16":"tag-republique-francaise","17":"tag-toulon"},"share_on_mastodon":{"url":"https:\/\/pubeurope.com\/@fr\/115145737073107423","error":""},"_links":{"self":[{"href":"https:\/\/www.europesays.com\/fr\/wp-json\/wp\/v2\/posts\/365537","targetHints":{"allow":["GET"]}}],"collection":[{"href":"https:\/\/www.europesays.com\/fr\/wp-json\/wp\/v2\/posts"}],"about":[{"href":"https:\/\/www.europesays.com\/fr\/wp-json\/wp\/v2\/types\/post"}],"author":[{"embeddable":true,"href":"https:\/\/www.europesays.com\/fr\/wp-json\/wp\/v2\/users\/2"}],"replies":[{"embeddable":true,"href":"https:\/\/www.europesays.com\/fr\/wp-json\/wp\/v2\/comments?post=365537"}],"version-history":[{"count":0,"href":"https:\/\/www.europesays.com\/fr\/wp-json\/wp\/v2\/posts\/365537\/revisions"}],"wp:featuredmedia":[{"embeddable":true,"href":"https:\/\/www.europesays.com\/fr\/wp-json\/wp\/v2\/media\/365538"}],"wp:attachment":[{"href":"https:\/\/www.europesays.com\/fr\/wp-json\/wp\/v2\/media?parent=365537"}],"wp:term":[{"taxonomy":"category","embeddable":true,"href":"https:\/\/www.europesays.com\/fr\/wp-json\/wp\/v2\/categories?post=365537"},{"taxonomy":"post_tag","embeddable":true,"href":"https:\/\/www.europesays.com\/fr\/wp-json\/wp\/v2\/tags?post=365537"}],"curies":[{"name":"wp","href":"https:\/\/api.w.org\/{rel}","templated":true}]}}