{"id":365539,"date":"2025-09-04T11:14:11","date_gmt":"2025-09-04T11:14:11","guid":{"rendered":"https:\/\/www.europesays.com\/fr\/365539\/"},"modified":"2025-09-04T11:14:11","modified_gmt":"2025-09-04T11:14:11","slug":"les-journees-du-patrimoine-toulon-toulon","status":"publish","type":"post","link":"https:\/\/www.europesays.com\/fr\/365539\/","title":{"rendered":"Les Journ\u00e9es du Patrimoine -Toulon &#8211; Toulon"},"content":{"rendered":"<p><strong>Organis\u00e9es depuis 1984<\/strong>, les Journ\u00e9es europ\u00e9ennes du patrimoine renouvellent chaque ann\u00e9e leur promesse : ouvrir exceptionnellement au public des milliers de b\u00e2timents et d\u2019espaces le plus souvent d\u00e9rob\u00e9s aux regards. Pour accompagner ces ouvertures, diff\u00e9rentes animations sont propos\u00e9es\u00a0: des visites guid\u00e9es aux circuits \u00e0 th\u00e8me, en passant par des d\u00e9monstrations de savoir-faire, des repr\u00e9sentations th\u00e9\u00e2trales, des concerts ou des balades historiques.<\/p>\n<p><strong>Pour leur 42e\u00a0\u00e9dition, les 20 et 21 septembre 2025, les Journ\u00e9es europ\u00e9ennes du patrimoine mettent en lumi\u00e8re le \u00ab\u00a0patrimoine architectural\u00a0\u00bb<\/strong>\u00a0dans toute sa richesse et sa diversit\u00e9.\u00a0<\/p>\n<p>\t\t\t\tMUS\u00c9E D&rsquo;ART DE TOULON (MAT)<\/p>\n<p>113 bd G\u00e9n\u00e9ral Leclerc &#8211; 04 94 36 81 15<\/p>\n<p><strong>Exposition \u00ab\u00a0Banksy Avant\/Apr\u00e8s Une (R)\u00e9volution\u00a0\u00bb<\/strong><br \/>Ouvert samedi et dimanche de 12h \u00e0 18h<\/p>\n<p><strong>&#8211; Visites flash<\/strong> des collections permanentes du MAT (en fonction de l&rsquo;affluence).<br \/>&#8211; Samedi et dimanche de 14h \u00e0 16h30 : le public est invit\u00e9 \u00e0 <strong>r\u00e9aliser une fresque grand format sur les grilles du Mus\u00e9e d\u2019Art<\/strong> en collaboration avec le collectif toulonnais \u00ab\u00a0Le Nez\u00a0\u00bb (mat\u00e9riel fourni).<\/p>\n<p>Gratuit. \u00c0 partir de 10 ans accompagn\u00e9 d\u2019un adulte. Sous r\u00e9serve de conditions m\u00e9t\u00e9orologiques favorables.<br \/>Sur r\u00e9servation \u00e0\u00a0resamusees@mairie-toulon.fr\u00a0ou 04 94 36 47 86.<\/p>\n<p>\u00a0MUS\u00c9E DES ARTS ASIATIQUES (MAA)<\/p>\n<p>169 littoral Fr\u00e9d\u00e9ric Mistral &#8211; Le Mourillon &#8211; 04 94 36 83 13<br \/>Ouverture samedi et dimanche de 12h \u00e0 18h<\/p>\n<p><strong>&#8211; Samedi \u00e0 14h : Visite th\u00e9matique comment\u00e9e<\/strong> \u00ab\u00a0Voyage au c\u0153ur de l\u2019Asie gr\u00e2ce aux symboles et l\u00e9gendes\u00a0\u00bb<br \/>Gratuit. Public adulte.\u00a0<br \/><strong>&#8211; Dimanche \u00e0 14h : Visite th\u00e9matique comment\u00e9e<\/strong> \u00ab\u00a0L\u2019univers des contes et des mythologies asiatiques : figures fantastiques et symboles\u00a0\u00bb<br \/>Gratuit. Public famille.<\/p>\n<p>Sur r\u00e9servation \u00e0\u00a0resamusees@mairie-toulon.fr\u00a0ou 04 94 36 47 86.<\/p>\n<p>\u00a0MAISON DE LA PHOTOGRAPHIE (MaP)<\/p>\n<p>13 rue Nicolas Laugier, place du Globe &#8211; 04 94 93 07 59<\/p>\n<p><strong>Exposition \u00ab\u00a0Edward Steichen (1879 &#8211; 1973). Un parcours photographique\u00a0\u00bb<\/strong> (dernier jour de l&rsquo;exposition)<br \/>Ouverture samedi de 12h \u00e0 18h<br \/>&#8211; \u00c0 14h et \u00e0 16h : Visites comment\u00e9es de l&rsquo;exposition temporaire<br \/>Gratuit. Sur r\u00e9servation \u00e0\u00a0resamusees@mairie-toulon.fr\u00a0ou 04 94 36 47 86.<\/p>\n<p>MUS\u00c9E JEAN AICARD-PAULIN BERTRAND (MAB)<\/p>\n<p>705 av du 8 Mai 1945 &#8211; La Garde &#8211; 04 94 14 33 78<br \/>Ouvert samedi et dimanche de 12h \u00e0 18h<br \/><strong>Nouveau parcours mus\u00e9al<\/strong> avec l\u2019ouverture de deux salles d\u2019exposition d\u00e9di\u00e9e \u00e0 la vie et \u00e0 l\u2019\u0153uvre de Jean Aicard.<\/p>\n<p class=\"retrait30s\">&#8211; Samedi \u00e0 13h, 15h et 17h : Visite comment\u00e9e du mus\u00e9e<br \/>Gratuit. Sur r\u00e9servation \u00e0\u00a0resamusees@mairie-toulon.fr\u00a0ou 04 94 36 47 86.<br \/>&#8211; Dimanche \u00e0 12h, 14h et 16h : Visite comment\u00e9e du mus\u00e9e<br \/>Gratuit. Sur r\u00e9servation \u00e0\u00a0resamusees@mairie-toulon.fr\u00a0ou 04 94 36 47 86.<br \/>&#8211;\u00a0 Dimanche \u00e0 15h : Spectacle \u00ab\u00a0Cicadae\u00a0\u00bb. Spectacle de danse contemporaine dans le parc du mus\u00e9e.<br \/>&#8211; Samedi et dimanche apr\u00e8s-midi : Ateliers d&rsquo;\u00e9criture et de peinture. Sans r\u00e9servation. Dans la limite des places disponibles.<\/p>\n<p><strong class=\"bleu_fafa\">NOUVEAU !\u00a0<\/strong>\u00a0LE CIMETI\u00c8RE CENTRAL<\/p>\n<p>Place du Souvenir Fran\u00e7ais &#8211; 04 94 36 86 94 &#8211;\u00a0cimetierestoulon@mairie-toulon.fr<\/p>\n<p>Ce lieu exceptionnel rassemble monuments historiques, tombes et mausol\u00e9es datant de plusieurs si\u00e8cles, refl\u00e9tant diverses \u00e9poques et styles artistiques. Vous pourrez y voir des sculptures et bas-reliefs r\u00e9alis\u00e9s par des artistes locaux et nationaux, ainsi que les s\u00e9pultures de personnalit\u00e9s ayant marqu\u00e9 Toulon et la r\u00e9gion, telles que Raimu (Jules Muraire) ou Jean Aicard. Ces visites offrent l\u2019occasion de d\u00e9couvrir l\u2019histoire de Toulon \u00e0 travers son patrimoine fun\u00e9raire et ses figures embl\u00e9matiques.<\/p>\n<p>&#8211; Samedi et dimanche \u00e0 10h et \u00e0 15h : Visites comment\u00e9es en partenariat avec la Soci\u00e9t\u00e9 des Amis du Vieux Toulon.<\/p>\n<p>Gratuit. Dur\u00e9e environ 1h30. Places limit\u00e9es, r\u00e9servation obligatoire : \u00a0https:\/\/journeesdupatrimoine.culture.gouv.fr\/w\/377623\/evenement\/19064063\/visites-guidees-du-cimetiere-central-de-toulon#\/events\/19064063<\/p>\n<p>MUS\u00c9E NATIONAL DE LA MARINE<\/p>\n<p>Place Monsenergue, Quai de Norfolk &#8211; 04 22 42 02 01<\/p>\n<p>Ouvert samedi et dimanche de 10h \u00e0 18h en continu (derni\u00e8re entr\u00e9e 45 minutes avant la fermeture). En fonction de l\u2019affluence et des jauges de s\u00e9curit\u00e9, la direction se r\u00e9serve le droit de r\u00e9guler les entr\u00e9es.<\/p>\n<p><strong>&#8211; \u00ab\u00a0Zoom sur le patrimoine architectural !\u00a0\u00bb<\/strong> : Connaissez-vous l\u2019histoire de l\u2019ancienne porte de l\u2019Arsenal ? Des m\u00e9diateurs culturels vous pr\u00e9senteront l\u2019histoire incroyable de ce monument bien connu des Toulonnais. Dans les collections, venez en apprendre plus sur le d\u00e9veloppement de l\u2019arsenal, et sur l\u2019architecture navale.<br \/>Tout au long du parcours, en acc\u00e8s libre, des b\u00e9n\u00e9voles passionn\u00e9s, des m\u00e9diateurs culturels, ou encore des \u00e9tudiants de la fili\u00e8re tourisme du Lyc\u00e9e Anne-Sophie Pic vous partageront leurs connaissances sur les \u0153uvres du mus\u00e9e.<br \/>Entr\u00e9e libre tout le weekend &#8211; Sans r\u00e9servation<\/p>\n<p>MUSEUM D\u00c9PARTEMENTAL DU VAR<\/p>\n<p>737 chemin du Jonquet &#8211; 04 83 95 44 20 &#8211;\u00a0www.museum-toulon.org<br \/>Ouvert samedi et dimanche, de 9h \u00e0 18h.<\/p>\n<p class=\"retrait30s\"><strong>&gt; Samedi \u00e0 11h et \u00e0 15h : Visite comment\u00e9e \u00ab\u00a0Le Mus\u00e9um, entre science et fiction\u00a0\u00bb<\/strong><br \/>Visite entre science et fiction, pour diff\u00e9rencier le vrai du faux dans la biodiversit\u00e9 qui nous entoure et explorer la diversit\u00e9 des repr\u00e9sentations dans les mus\u00e9ums.<br \/>Gratuit. Dur\u00e9e : 1h. Sur r\u00e9servation au 04 83 95 44 30 ou sur place dans la limite des places disponibles.<br \/><strong>&gt; Dimanche \u00e0 11h et \u00e0 15h : Visite comment\u00e9e \u00ab\u00a0Vers une m\u00e9tamorphose du mus\u00e9um\u00a0\u00bb<\/strong><br \/>Il sera bient\u00f4t temps de se dire au revoir pour les travaux d&rsquo;agrandissement et de r\u00e9novation au Mus\u00e9um. L&rsquo;opportunit\u00e9 de lancer un regard sur les 137 ans d&rsquo;histoire de nos collections, mais aussi de se projeter vers le futur du Mus\u00e9um.<br \/>Gratuit. Dur\u00e9e : 1h. Sur r\u00e9servation au 04 83 95 44 30 ou sur place dans la limite des places disponibles.<br \/><strong>&gt; Dimanche \u00e0 14h et \u00e0 16h : Atelier artistique Jeune public \u00ab\u00a0Le Mus\u00e9um en dessins, au temps des dinosaures\u00a0\u00bb.<\/strong><br \/>Dessinez des diplodocus, tric\u00e9ratops et v\u00e9lociraptors en mode squelette ou artistique avec l&rsquo;artiste \u00ab\u00a0Danslecieltoutvabien\u00a0\u00bb et profitez des anecdotes fascinantes d&rsquo;un m\u00e9diateur-pal\u00e9ontologue sur les derni\u00e8res d\u00e9couvertes.<br \/>Gratuit. Dur\u00e9e : 1h30. Tout public \u00e0 partir de 6 ans.<br \/>Sur r\u00e9servation au 04 83 95 44 30 ou sur place dans la limite des places disponibles.<\/p>\n<p>MUS\u00c9E D&rsquo;HISTOIRE DE TOULON ET SA R\u00c9GION<\/p>\n<p>10 rue Saint Andrieu (Mus\u00e9e) et 91 cours Lafayette (salle d&rsquo;exposition)<br \/>04 94 62 11 07 &#8211;\u00a0https:\/\/amisduvieuxtoulon.com<br \/>Ouvert samedi et dimanche de 10h \u00e0 19h<\/p>\n<p class=\"retrait30s\"><strong>&#8211; Exposition \u00ab\u00a0Toulon \u00e0 travers l\u2019objectif\u00a0\u00bb<\/strong> : un parcours photographique r\u00e9unissant des images anciennes qui illustrent l\u2019\u00e9volution de la ville et son quotidien.<br \/><strong>&#8211; Visites comment\u00e9es du mus\u00e9e<\/strong> par les b\u00e9n\u00e9voles de la Soci\u00e9t\u00e9 des Amis du Vieux Toulon. D\u00e9couvrez l\u2019histoire de la ville \u00e0 travers une riche collection de documents, \u0153uvres et objets, ainsi qu\u2019une biblioth\u00e8que sp\u00e9cialis\u00e9e en acc\u00e8s libre. Un lieu vivant au c\u0153ur du centre ancien, anim\u00e9 par une association engag\u00e9e depuis plus d\u2019un si\u00e8cle.<\/p>\n<p>M\u00c9MORIAL DU D\u00c9BARQUEMENT ET DE LA LIB\u00c9RATION EN PROVENCE<\/p>\n<p>8458 route du Faron &#8211; 04 94 88 08 09 &#8211;\u00a0montfaron@onacvg.fr<br \/>https:\/\/www.memorialdumontfaron.fr\/<br \/>Ouvert samedi et dimanche de 10h \u00e0 12h30 et de 13h15 \u00e0 18h<\/p>\n<p class=\"retrait30s\"><strong>&#8211; Samedi \u00e0 12h : Projection in\u00e9dite du film \u00ab\u00a0Echoes of the Sun\u00a0\u00bb<\/strong> de William Lacalmontie et Hifiklub<br \/>Cette \u0153uvre audiovisuelle unique, fruit de la collaboration entre le photographe William Lacalmontie et le groupe toulonnais Hifiklub, c\u00e9l\u00e8bre le M\u00e9morial du D\u00e9barquement et de la Lib\u00e9ration en Provence \u00e0 travers une cr\u00e9ation m\u00ealant images et musique. Le court-m\u00e9trage, d\u2019une dur\u00e9e de 7 minutes, met en lumi\u00e8re l\u2019architecture comm\u00e9morative et son int\u00e9gration paysag\u00e8re, tandis que la composition musicale souligne la solennit\u00e9 du lieu.<br \/><strong>&#8211; Samedi de 15h \u00e0 17h et dimanche de 10h30 \u00e0 12h30 et de 15h \u00e0 17h : Jeu d\u2019enqu\u00eate th\u00e9\u00e2tralis\u00e9 \u00ab\u00a0Toulon br\u00fble-t-il ?\u00a0\u00bb<\/strong><br \/>Cette exp\u00e9rience, con\u00e7ue en partenariat avec l\u2019association Les Yeux dans les Jeux, offre une immersion \u00e0 r\u00e9alit\u00e9 historique autour d\u2019une enqu\u00eate visant \u00e0 d\u00e9masquer un tra\u00eetre au sein d\u2019un r\u00e9seau de r\u00e9sistants. \u00c0 partir de la d\u00e9couverte d\u2019un document dans les archives du M\u00e9morial, les participants r\u00e9solvent des \u00e9nigmes et, gr\u00e2ce aux \u00e9changes avec des com\u00e9diens incarnant les descendants des r\u00e9sistants, explorent la m\u00e9moire de cet \u00e9pisode essentiel de l\u2019histoire locale.<br \/>Gratuit. Public familial \u00e0 partir de 10 ans Sur r\u00e9servation par mail : mediation.montfaron@onacvg.f<\/p>\n<p>CENTRE ARCH\u00c9OLOGIQUE DU VAR<\/p>\n<p>335 avenue des Dardanelles &#8211; 04 94 36 83 70\u00a0https:\/\/www.centrearcheologiqueduvar.fr\/<br \/>Ouvert samedi et dimanche de 9h30 \u00e0 12h30 et de 14h \u00e0 17h<\/p>\n<p class=\"retrait30s\"><strong>&#8211; Exposition \u00ab\u00a0Vins, huiles et parfums :<\/strong> Les exploitations viticoles et ol\u00e9icoles du Var et leurs productions\u00a0\u00bb en association avec le Coll\u00e8ge de France qui pr\u00e9sente, dans la premi\u00e8re partie de l&rsquo;exposition, un extrait de l\u2019exposition temporaire \u00ab\u00a0Vins, Huiles et Parfums. Voyage arch\u00e9ologique autour de la M\u00e9diterran\u00e9e antique\u00a0\u00bb qui s\u2019est tenue \u00e0 Paris entre le 28 octobre 2024 et le 31 janvier 2025. La seconde partie de l&rsquo;exposition pr\u00e9sente du mobilier arch\u00e9ologique en rapport avec la consommation du vin et l&rsquo;usage des parfums.<br \/><strong>&#8211; Samedi \u00e0 15h et dimanche \u00e0 11h : Atelier famille \u00ab\u00a0L\u2019apprenti arch\u00e9ologue<\/strong> : la villa romaine\u00a0\u00bb. D\u00e9couverte des m\u00e9tiers de l\u2019arch\u00e9ologie.<br \/>Gratuit. Public famille (\u00e0 partir de 8 ans). Sur r\u00e9servation :\u00a0contact@centrearcheologiqueduvar.fr<\/p>\n<p>H\u00d4TEL DES ARTS &#8211; CENTRE D&rsquo;ART TPM<\/p>\n<p>236 bd. Mar\u00e9chal Leclerc &#8211; 04 94 93 37 90 &#8211;\u00a0https:\/\/www.hda-tpm.fr<br \/>Ouvert samedi et dimanche de 11h \u00e0 18h<\/p>\n<p><strong>&#8211; Exposition \u00ab\u00a0Petits Mondes, un si\u00e8cle de design pour enfants\u00a0\u00bb.<\/strong><\/p>\n<p>VILLA ROSEMAINE<\/p>\n<p>436 route de Plaisance &#8211; 06 32 88 38 10<br \/>https:\/\/villa-rosemaine.com<br \/>Ouvert samedi et dimanche de 14h \u00e0 18h<\/p>\n<p><strong>&#8211; Exposition \u00ab\u00a0La F\u00eate !<\/strong> Costumes de travestissement, des bals masqu\u00e9s aux ballets\u00a0\u00bb.<\/p>\n<p>GALERIE DU CANON<\/p>\n<p>10 rue Pierre Semard &#8211; 04 94 93 37 55<\/p>\n<p class=\"retrait30s\"><strong>&#8211; Exposition Makiko Furuichi \u00ab\u00a0Un vent d&rsquo;avance\u00a0\u00bb<\/strong> (dernier jour de l&rsquo;exposition)<br \/><strong>&#8211; Samedi \u00e0 17h : Restitution des ateliers d&rsquo;\u00e9criture de Patrick Sirot<\/strong> des samedis 26 juillet, 9 ao\u00fbt et 13 septembre et Lecture\/Performance.<br \/>Gratuit. Sur r\u00e9servation au 04 94 93 37 55 ou\u00a0galerieducanon@metropoletpm.fr.<\/p>\n<p>TOUR ROYALE<\/p>\n<p>Av. de la Tour Royale &#8211; 04 94 36 34 59<br \/>Ouvert samedi et dimanche de 9h \u00e0 12h et de 14h \u00e0 18h<\/p>\n<p class=\"retrait30s\"><strong>&#8211; Dimanche \u00e0 18h30 : Concert des Voix Anim\u00e9es \u00ab\u00a0<\/strong>Les Voix Anim\u00e9es f\u00eatent les 500 !\u00a0\u00bb.<br \/>Entr\u00e9e libre dans la limite des places disponibles. Sans r\u00e9servation.<\/p>\n<p>\u00c9COLE DES TROIS QUARTIERS<\/p>\n<p>Rue du Progr\u00e8s, La Loubi\u00e8re &#8211; 06 61 74 32 35\u00a0piasco.gerard@gmail.com<br \/>Acc\u00e8s c\u00f4t\u00e9 Ecole des gar\u00e7ons rue Jules Ferry<br \/>Ouvert samedi et dimanche de 10h \u00e0 17h<\/p>\n<p>\u00ab\u00a0L\u2019Association des Amis de l\u2019\u00c9cole des Trois Quartiers\u00a0\u00bb propose des visites comment\u00e9es de cette \u00e9cole toujours en activit\u00e9, par des b\u00e9n\u00e9voles, guides conf\u00e9renciers et anciens \u00e9l\u00e8ves.<br \/>Sans r\u00e9servation. D\u00e9parts des visites en fonction de l\u2019affluence.\u00a0<\/p>\n<p>CATH\u00c9DRALE NOTRE DAME DE LA SED<\/p>\n<p>55 place de la Cath\u00e9drale &#8211; 04 94 92 28 91<br \/>Ouvert samedi toute la journ\u00e9e et dimanche apr\u00e8s-midi<\/p>\n<p><strong>&#8211; Dimanche \u00e0 14h et 17h : Visite du clocher.<\/strong><br \/>Gratuit. Sur r\u00e9servation par t\u00e9l\u00e9phone (acc\u00e8s difficile).\u00a0<\/p>\n<p>\u00c9GLISE ST LOUIS<\/p>\n<p>3 rue Louis Jourdan<\/p>\n<p>Ouverture samedi toute la journ\u00e9e et dimanche apr\u00e8s-midi<\/p>\n<p>CHAPELLE DE LA TRANSFIGURATION<\/p>\n<p>182 rue Francis Garnier, Val Fleuri &#8211; 04 94 89 55 45<\/p>\n<p>Ouvert samedi de 9h \u00e0 18h<\/p>\n<p>TEMPLE PROTESTANT<\/p>\n<p>22 bis rue Picot &#8211; 06 30 49 52 24 &#8211; protestants-toulon.epudf.org<br \/>5 bis rue d&rsquo;Antrechaus (acc\u00e8s PMR)<br \/>Ouvert samedi de 9h \u00e0 12h30 et de 13h30 \u00e0 17h30 et dimanche de 14h \u00e0 17h<\/p>\n<p class=\"retrait30s\">&#8211; Samedi et dimanche aux horaires d&rsquo;ouverture :<strong> D\u00e9ambulations dans le temple<\/strong> avec visites comment\u00e9es du monument, class\u00e9 monument historique et pr\u00e9sentation des caract\u00e9ristiques de l\u2019architecture des temples protestants.<br \/>&#8211; Samedi et dimanche de 14h \u00e0 16 h : <strong>Visites comment\u00e9es du jardin biblique<\/strong> par Christiane Mangiapan, botaniste passionn\u00e9e.<br \/>&#8211; Dimanche \u00e0 19h30 : <strong>Concert de l&rsquo;Atelier Polyphonique 83 \u00ab\u00a0Dos Estrellas \u00ab\u00a0.<\/strong> Polyphonies sacr\u00e9es, profanes et traditionnelles.\u00a0<\/p>\n<p>Entr\u00e9e libre sans r\u00e9servation.<\/p>\n<p><strong class=\"bleu_fafa\">NOUVEAU !<\/strong>\u00a0\u00a0LA BANQUE DE FRANCE DE TOULON<\/p>\n<p>122 avenue Vauban<br \/>Ouvert samedi de 9h \u00e0 17h<\/p>\n<p>La Banque de France de Toulon vous accueille pour une immersion au c\u0153ur d\u2019une institution de la R\u00e9publique, ind\u00e9pendante de l\u2019\u00c9tat, qui joue un r\u00f4le central dans l\u2019\u00e9conomie depuis plus de deux si\u00e8cles. D\u00e9couvrez ses missions actuelles : stabilit\u00e9 financi\u00e8re, gestion des billets, cotation des entreprises, accompagnement des particuliers et \u00e9ducation financi\u00e8re.<br \/>Parcours de visite, animations interactives, ateliers, quiz, vid\u00e9os immersives et \u00e9changes avec les \u00e9quipes, notamment autour des cryptoactifs. Une visite p\u00e9dagogique et ludique, \u00e0 vivre en famille !<\/p>\n<p>Entr\u00e9e libre. R\u00e9servation obligatoire sur :\u00a0https:\/\/my.weezevent.com\/visite-de-la-banque-de-france-de-toulon<\/p>\n<p>\u00a0CAUE Var<\/p>\n<p>(Conseil d\u2019architecture, d\u2019urbanisme et de l\u2019environnement du Var)<\/p>\n<p>26 place Vincent Raspail &#8211; 04 94 22 65 75 &#8211;\u00a0http:\/\/www.cauevar.fr<br \/>Ouvert samedi de 10h \u00e0 18h<\/p>\n<p class=\"retrait30s\"><strong>&#8211; Exposition \u00ab\u00a0Habiter l\u2019ensemble\u00a0\u00bb<\/strong> (th\u00e8me du logement collectif de la seconde moiti\u00e9 du XXe si\u00e8cle).<br \/><strong>&#8211; Samedi \u00e0 9h30 : Balade urbaine guid\u00e9e<\/strong> qui d\u00e9bute au Libert\u00e9 et conduit jusqu\u2019\u00e0 Ch\u00e2teauvallon \u00a0\u00bb R\u00e9cit de Voyage\u00a0\u00bb, en partenariat avec Chateauvallon Libert\u00e9.<br \/>Dur\u00e9e : toute la journ\u00e9e. Porter Pique-nique et n\u00e9cessaire rando.<br \/>Gratuit. Sur r\u00e9servation :\u00a0www.chateauvallon-liberte.fr\u00a0ou 09 800 840 40<\/p>\n<p>TH\u00c9\u00c2TRE LIBERT\u00c9 SC\u00c8NE NATIONALE<\/p>\n<p>09 80 08 40 40 &#8211;\u00a0https:\/\/www.chateauvallon-liberte.fr\/<br \/>Th\u00e9\u00e2tre Libert\u00e9 Toulon &#8211; 165 place de la Libert\u00e9<br \/>Site Ch\u00e2teauvallon Ollioules &#8211; 795 chemin de Ch\u00e2teauvallon<\/p>\n<p class=\"retrait30s\"><strong>&#8211; Samedi \u00e0 9h30 : Balade urbaine guid\u00e9e<\/strong> qui d\u00e9bute au Libert\u00e9 et conduit jusqu\u2019\u00e0 Ch\u00e2teauvallon \u00a0\u00bb R\u00e9cit de Voyage\u00a0\u00bb, en partenariat avec le CAUE Var.<br \/>Dur\u00e9e : toute la journ\u00e9e. Porter Pique-nique et n\u00e9cessaire rando.<br \/>Gratuit. Sur r\u00e9servation :\u00a0www.chateauvallon-liberte.fr\u00a0ou 09 800 840 40<br \/>&#8211; Samedi et dimanche de 14h \u00e0 17h (d\u00e9part toutes les heures) : Visites guid\u00e9es du Libert\u00e9<br \/><strong>&#8211; Dimanche \u00e0 15h : Visite patrimoniale de Ch\u00e2teauvallon.<\/strong><br \/>Gratuit. Sur r\u00e9servation :\u00a0www.chateauvallon-liberte.fr\u00a0ou 09 800 840 40<\/p>\n<p>\u00a0<br \/>\n\u00a0LES COMPAGNONS DU TOUR DE FRANCE<\/p>\n<p>Cayenne de Toulon &#8211; 42 rue de Pomet (M. Nobilini, 07 86 79 26 19)<\/p>\n<p>Ouvert samedi et dimanche de 9h \u00e0 12h et de 14h \u00e0 18h.<br \/>La Maison des Compagnons du Tour de France de Toulon vous invite \u00e0 d\u00e9couvrir son mus\u00e9e r\u00e9cemment r\u00e9nov\u00e9. Des compagnons seront pr\u00e9sents pour vous accueillir, partager leur histoire, vous pr\u00e9senter leur parcours et leurs chefs-d\u2019\u0153uvre compagnonniques.<\/p>\n<p>Entr\u00e9e libre.<\/p>\n<p>CLUB DES \u00c9COSSAIS TOULONNAIS\/ TEMPLES MA\u00c7ONNIQUES<\/p>\n<p>174 impasse de la premi\u00e8re Poudri\u00e8re &#8211; 04 94 24 31 32<br \/>Ouverture samedi et dimanche de 9h30 \u00e0 17h30<\/p>\n<p class=\"retrait30s\">&#8211; Samedi et dimanche entre 10h et 16h, toutes les heures (selon l\u2019affluence du public) : <strong>Visites comment\u00e9es<\/strong><br \/>Si vous vous posez des questions concernant la Franc-Ma\u00e7onnerie, venez visiter les locaux toulonnais. Vous y d\u00e9couvrirez les Temples et le fonctionnement des loges gr\u00e2ce aux informations que les guides donneront et aux questions que vous aurez le loisir de leur poser.<br \/>&#8211; Conf\u00e9rences suivies d\u2019\u00e9changes, anim\u00e9es par un intervenant de la Grande Loge de France :<br \/>&#8211; Samedi \u00e0 11h : <strong>\u00ab\u00a0La construction de l\u2019Homme \u00e0 la Grande Loge de France\u00a0\u00bb<\/strong><br \/>&#8211; Dimanche \u00e0 11h : <strong>\u00ab\u00a0\u00c9clairage sur la Ma\u00e7onnerie \u00e9cossaise et la Grande Loge de France\u00a0\u00bb.<\/strong><br \/>Gratuit. Sans r\u00e9servation.<\/p>\n<p>LA YOLE DE BANTRY<\/p>\n<p>(Patrimoine maritime, Association JEMVAR)<br \/>Quai Cronstadt, en face du bar \u00ab\u00a0Le Navigateur\u00a0\u00bb<\/p>\n<p>&#8211; Samedi \u00e0 10h, 11h et 14h : <strong>initiation et d\u00e9couverte de la Yole de Bantry sur l\u2019eau<\/strong> (dur\u00e9e 1h)<br \/>&#8211; Dimanche \u00e0 10h et 11h :<strong> initiation et d\u00e9couverte de la Yole de Bantry sur l\u2019eau <\/strong>(dur\u00e9e 1h)<\/p>\n<p>Consid\u00e9r\u00e9e comme le plus ancien bateau du patrimoine maritime fran\u00e7ais, la Yole de Bantry est une embarcation du XVIII\u1d49 si\u00e8cle, reconstruite fid\u00e8lement \u00e0 Toulon par l\u2019association JEMVAR. Elle symbolise une tradition maritime vivante m\u00ealant voile et aviron. Venez naviguer \u00e0 bord et d\u00e9couvrir les techniques traditionnelles utilis\u00e9es lors de l\u2019exp\u00e9dition d\u2019Irlande en 1796. L\u2019association \u0153uvre depuis plus de 20 ans \u00e0 la pr\u00e9servation et \u00e0 la transmission de ce patrimoine, ainsi qu\u2019\u00e0 des actions sociales et culturelles en lien avec la Marine nationale.<\/p>\n<p>Activit\u00e9 gratuite. Places limit\u00e9es. Inscription obligatoire par mail :\u00a0chaignond@yahoo.fr<\/p>\n<p>AMICALE NATIONALE DES FUSILLERS MARINS ET COMMANDOS MARINE<\/p>\n<p>(Section de Toulon)<\/p>\n<p>Place Armand Vall\u00e9 \u2013 Casemate D3 &#8211; 06 12 29 28 97 &#8211;\u00a0newsletter@anfmc-toulon.fr\u00a0&#8211;\u00a0http:\/\/anfmc-toulon.fr<br \/>Ouvert samedi et dimanche de 9h \u00e0 19h.<\/p>\n<p>Visites comment\u00e9es tout au long de la journ\u00e9e. Plongez au c\u0153ur de l\u2019histoire des Fusiliers Marins et des Commandos Marine \u00e0 travers une riche s\u00e9lection d\u2019objets, documents, photos et t\u00e9moignages.<br \/>Cette exposition, port\u00e9e par la devise de l\u2019Amicale \u00ab\u00a0Se retrouver, se souvenir, s\u2019entraider\u00a0\u00bb est anim\u00e9e par d\u2019anciens militaires passionn\u00e9s, qui vous feront d\u00e9couvrir la dimension humaine et op\u00e9rationnelle de cette sp\u00e9cialit\u00e9 unique de la Marine nationale.<br \/>Entr\u00e9e libre. Rafra\u00eechissements disponibles sur place.<\/p>\n<p>M\u00c9DIATH\u00c8QUE CHALUCET<\/p>\n<p>5 rue Chalucet &#8211; 04 94 36 81 78 &#8211;\u00a0www.mediathequesddetoulon.fr<br \/>Ouvert du mardi au samedi de 10h \u00e0 18h30 et le dimanche de 14h \u00e0 18h.<\/p>\n<p class=\"retrait30s\"><strong>&#8211; Samedi \u00e0 partir de 12h30 : Pique-Nique Electro Dj set<\/strong> Festival Constellations avec Tandem au Jardin Alexandre 1er<br \/>Tandem invite le festival Constellation pour un Dj set audacieux et dansants aux sonorit\u00e9s \u00e9clectiques. Apportez votre pique-nique, on s\u2019occupe de l\u2019ambiance !<br \/><strong>&#8211; Samedi \u00e0 18h sur le Parvis de la M\u00e9diath\u00e8que :<\/strong> <strong>Concert du Big Band de la Musique de la Marine Nationale.<\/strong><br \/>Premier big band cr\u00e9\u00e9 au sein des arm\u00e9es au d\u00e9but des ann\u00e9es 1970, cette formation s\u2019inspire des grands orchestres am\u00e9ricains de jazz de la p\u00e9riode \u00ab\u00a0swing\u00a0\u00bb. Un concert d\u2019exception autour de son nouvel album, m\u00ealant compositions instrumentales originales et arrangements de chansons d\u2019Al Jarreau, Antonio Carlos Jobim et Charles Aznavour. En point d\u2019orgue, une Marseillaise revisit\u00e9e version swing !<br \/>Gratuit sans r\u00e9servation.<br \/><strong>&#8211; Samedi \u00e0 18h30 : Jeu \u00ab\u00a0H\u00f4pital Chalucet\u00a0\u00bb<\/strong><br \/>Un projet autour de la po\u00e9sie et du th\u00e9\u00e2tre a \u00e9t\u00e9 mis en place pour \u00e9gayer la vie des pensionnaires de l&rsquo;h\u00f4pital Chalucet. Mais une panne informatique est survenue et a effac\u00e9 toutes les donn\u00e9es des patients et sans un traitement adapt\u00e9 impossible pour eux de jouer correctement, d&rsquo;autant plus que les textes ont \u00e9t\u00e9 m\u00e9lang\u00e9s&#8230;. Si nous voulons que la repr\u00e9sentation ait lieu \u00e0 temps, votre aide est indispensable !<br \/>Gratuit. Tout public d\u00e8s 12 ans. R\u00e9servation en ligne ou par t\u00e9l au 04 94 36 81 78.<\/p>\n<p>ARCHIVES MUNICIPALES<\/p>\n<p>3 Impasse Calvi, Brunet &#8211; 04 83 16 65 65 &#8211;\u00a0https:\/\/archives.toulon.fr\/<\/p>\n<p>Les Archives municipales vous invitent \u00e0 d\u00e9couvrir, \u00e0 travers leurs fonds, l\u2019histoire de b\u00e2timents m\u00e9connus de Toulon de la fin du Moyen-Age \u00e0 nos jours.<br \/><strong>&#8211; Samedi :<\/strong><br \/>. \u00c0 10h, 10h45 et 14h : visites guid\u00e9es sur inscription<br \/>. \u00c0 11h30 : atelier d\u2019initiation \u00e0 l\u2019utilisation du site internet des Archives<br \/>. \u00c0 15h30 : conf\u00e9rence \u00ab\u00a0Tour et d\u00e9tours : \u00e0 la d\u00e9couverte de quelques monuments m\u00e9connus de Toulon\u00a0\u00bb par Christian Ladret, suivie d\u2019un temps convivial.<br \/>Connaissez-vous la \u00ab\u00a0Pile\u00a0\u00bb du port ? Avez-vous d\u00e9j\u00e0 remarqu\u00e9 les nombreux altanas qui pars\u00e8ment les toits du centre-ville ? Saviez-vous qu\u2019il existe une \u00ab\u00a0Tour carr\u00e9e\u00a0\u00bb au Mourillon ? L\u2019intervention de Christian Ladret, membre de la Soci\u00e9t\u00e9 des Amis du Vieux Toulon et de sa r\u00e9gion et auteur de plusieurs articles sur ces sujets, vous permettra d\u2019en savoir plus sur diff\u00e9rents \u00e9l\u00e9ments architecturaux rarement \u00e9voqu\u00e9s, des plus petits comme les cl\u00e9s et les claveaux des anciennes portes aux plus grands comme la fontaine des all\u00e9es Courbet.<\/p>\n<p><strong>&#8211; Dimanche :<\/strong><br \/>. \u00c0 10h, 10h45, 14h, 14h45 et 15h30 : visites guid\u00e9es sur inscription<br \/>. \u00c0 11h30 : atelier d\u2019initiation \u00e0 l\u2019utilisation du site internet des Archives<br \/>Tout le week-end, des jeux bas\u00e9s sur les documents des Archives (puzzles, memory, bataille navale\u2026) seront en acc\u00e8s libre sur la terrasse des Archives.<br \/>Places limit\u00e9es. R\u00e9servations obligatoires par t\u00e9l\u00e9phone : 04 83 16 65 65 ou par mail :\u00a0archivesmunicipales@mairie-toulon.fr<\/p>\n<p>MARINE NATIONALE &gt; FORT LAMALGUE<\/p>\n<p>413 rue Jacques Cartier<\/p>\n<p><strong>*Samedi :<\/strong> ouverture au public de 13h30 \u00e0 18h30 (dernier acc\u00e8s \u00e0 17h30), r\u00e9ouverture \u00e0 19h30 pour le concert gratuit de la Musique de la Marine nationale (Pocket Wind Band) \u00e0 20h30.<br \/><strong>. Conf\u00e9rences en partenariat avec l\u2019Acad\u00e9mie du Var :<\/strong><br \/>&#8211; 14h30 : \u00ab\u00a0L\u2019homme et la mer\u00a0\u00bb par Philippe Granardo<br \/>&#8211; 15h30 : \u00ab\u00a0Le futur G\u00e9opar\u00a0\u00bb par Stephen Giner<br \/>&#8211; 16h30 : \u00ab\u00a0Vauban et Toulon\u00a0\u00bb par Bernard Cros.<\/p>\n<p><strong>*Dimanche :<\/strong> ouverture au public de 9h \u00e0 18h30 (dernier acc\u00e8s \u00e0 17h30).<br \/><strong>Conf\u00e9rences en partenariat avec l\u2019Acad\u00e9mie du Var :<\/strong><br \/>&#8211; 11h : \u00ab\u00a0Les travaux des for\u00e7ats \u00e0 Toulon\u00a0\u00bb par Bernard Cros<br \/>&#8211; 14h30 : \u00ab\u00a0le naufrage de La Lune\u00a0\u00bb par Gilbert Buti<br \/>&#8211; 15h30 : \u00ab\u00a0La d\u00e9fense littorale\u00a0\u00bb par Benoit Perthuisot<br \/>&#8211; 16h30 : \u00ab\u00a0Le Groupe abstrait de Toulon 1946-1956\u00a0\u00bb, par M. Gorenc.<\/p>\n<p>Le Fort n\u2019est accessible au public qu\u2019\u00e0 l\u2019occasion des Journ\u00e9es Europ\u00e9ennes du Patrimoine, une opportunit\u00e9 unique de d\u00e9couverte.<\/p>\n<p><strong>Au programme :<\/strong><br \/><strong>&#8211; Visites libres et guid\u00e9es<\/strong><br \/><strong>&#8211; Stand d\u2019un tailleur\/sculpteur de pierres<\/strong> (Apprentis d\u2019Auteuil)<br \/><strong>&#8211; Stand GRID<\/strong> : exposition de munitions r\u00e9cup\u00e9r\u00e9es lors d\u2019op\u00e9rations de d\u00e9minage et d\u00e9monstrations de robots sp\u00e9cialis\u00e9s. Le GRID est un groupe d\u2019intervention charg\u00e9 de la recherche, de la neutralisation et du d\u00e9minage des munitions anciennes ou dangereuses, un m\u00e9tier essentiel pour la s\u00e9curit\u00e9.<br \/><strong>&#8211; Stand \u00ab\u00a0Oreilles d\u2019Or\u00a0\u00bb<\/strong> : \u00e9changes avec des marins militaires sp\u00e9cialistes de l\u2019interpr\u00e9tation des sons sous-marins, un m\u00e9tier cl\u00e9 pour la surveillance acoustique marine<br \/><strong>&#8211; Pr\u00e9sentation d\u2019anciens v\u00e9hicules de la Seconde Guerre mondiale<\/strong> (sous r\u00e9serve).<\/p>\n<p>Gratuit. Sans r\u00e9servation en fonction des places disponibles. Parking gratuit.<br \/>Modalit\u00e9s d\u2019acc\u00e8s : Pr\u00e9sentation obligatoire d\u2019un document officiel d&rsquo;identit\u00e9 (CNI, permis,) pour les plus de 15 ans. Passage en portique de d\u00e9tection. Sacs et bagages interdits, pas de consigne.<\/p>\n<p>SERVICE HISTORIQUE DE LA D\u00c9FENSE<\/p>\n<p>Passage de la Corderie &#8211; 04 22 42 03 65 &#8211;\u00a0sdh-toulon.secretaire.fct@intradef.gouv.fr<br \/>http:\/\/www.servicehistorique.sga.defense.gouv.fr<br \/>Ouvert samedi et dimanche de 10h \u00e0 18h<\/p>\n<p><strong>Deux expositions sont propos\u00e9es au public<\/strong> : \u00ab\u00a0Les tr\u00e9sors du Service historique de la D\u00e9fense\u00a0\u00bb et \u00ab\u00a0\u00c9cologie et Marine nationale : la protection des mers\u00a0\u00bb. Des projections de films et documentaires, ainsi qu\u2019une table g\u00e9n\u00e9alogique, seront \u00e9galement accessibles pendant les deux journ\u00e9es d\u2019ouverture.<br \/>Gratuit. Pr\u00e9sentation obligatoire d&rsquo;une pi\u00e8ce d&rsquo;identit\u00e9 \u00e0 l&rsquo;entr\u00e9e.<\/p>\n<p>CONSERVATOIRE DES UNIFORMES DE LA MARINE<\/p>\n<p>Passage de la corderie &#8211; 04 22 42 03 65<br \/>Acc\u00e8s par le Service Historique de la D\u00e9fense<br \/>Ouvert samedi et dimanche de 10h \u00e0 17h (ouvert uniquement \u00e0 l\u2019occasion des Journ\u00e9es Europ\u00e9ennes du Patrimoine).<br \/>Gratuit. Pr\u00e9sentation obligatoire d&rsquo;une pi\u00e8ce d&rsquo;identit\u00e9 \u00e0 l&rsquo;entr\u00e9e.<\/p>\n","protected":false},"excerpt":{"rendered":"Organis\u00e9es depuis 1984, les Journ\u00e9es europ\u00e9ennes du patrimoine renouvellent chaque ann\u00e9e leur promesse : ouvrir exceptionnellement au public&hellip;\n","protected":false},"author":2,"featured_media":365540,"comment_status":"","ping_status":"","sticky":false,"template":"","format":"standard","meta":{"footnotes":""},"categories":[9619],"tags":[1111,11,1777,674,1011,27,12,882,25,2310],"class_list":{"0":"post-365539","1":"post","2":"type-post","3":"status-publish","4":"format-standard","5":"has-post-thumbnail","7":"category-toulon","8":"tag-actu","9":"tag-actualites","10":"tag-eu","11":"tag-europe","12":"tag-fr","13":"tag-france","14":"tag-news","15":"tag-provence-alpes-cote-dazur","16":"tag-republique-francaise","17":"tag-toulon"},"share_on_mastodon":{"url":"https:\/\/pubeurope.com\/@fr\/115145740544867916","error":""},"_links":{"self":[{"href":"https:\/\/www.europesays.com\/fr\/wp-json\/wp\/v2\/posts\/365539","targetHints":{"allow":["GET"]}}],"collection":[{"href":"https:\/\/www.europesays.com\/fr\/wp-json\/wp\/v2\/posts"}],"about":[{"href":"https:\/\/www.europesays.com\/fr\/wp-json\/wp\/v2\/types\/post"}],"author":[{"embeddable":true,"href":"https:\/\/www.europesays.com\/fr\/wp-json\/wp\/v2\/users\/2"}],"replies":[{"embeddable":true,"href":"https:\/\/www.europesays.com\/fr\/wp-json\/wp\/v2\/comments?post=365539"}],"version-history":[{"count":0,"href":"https:\/\/www.europesays.com\/fr\/wp-json\/wp\/v2\/posts\/365539\/revisions"}],"wp:featuredmedia":[{"embeddable":true,"href":"https:\/\/www.europesays.com\/fr\/wp-json\/wp\/v2\/media\/365540"}],"wp:attachment":[{"href":"https:\/\/www.europesays.com\/fr\/wp-json\/wp\/v2\/media?parent=365539"}],"wp:term":[{"taxonomy":"category","embeddable":true,"href":"https:\/\/www.europesays.com\/fr\/wp-json\/wp\/v2\/categories?post=365539"},{"taxonomy":"post_tag","embeddable":true,"href":"https:\/\/www.europesays.com\/fr\/wp-json\/wp\/v2\/tags?post=365539"}],"curies":[{"name":"wp","href":"https:\/\/api.w.org\/{rel}","templated":true}]}}