{"id":365541,"date":"2025-09-04T11:15:13","date_gmt":"2025-09-04T11:15:13","guid":{"rendered":"https:\/\/www.europesays.com\/fr\/365541\/"},"modified":"2025-09-04T11:15:13","modified_gmt":"2025-09-04T11:15:13","slug":"encadrement-des-loyers-un-tiers-des-annonces-en-dehors-des-clous-en-france-seulement-12-a-montpellier","status":"publish","type":"post","link":"https:\/\/www.europesays.com\/fr\/365541\/","title":{"rendered":"Encadrement des loyers : un tiers des annonces en dehors des clous en France, seulement 12 % \u00e0 Montpellier"},"content":{"rendered":"<p>Hors Paris, le respect de l\u2019encadrement est jug\u00e9 \u201cassez in\u00e9gal\u201d, allant de 12% de non conformit\u00e9 \u00e0 Montpellier \u00e0 31% \u00e0 Lille, m\u00eame si la tendance est \u201c\u00e0 l\u2019am\u00e9lioration\u201d. A l\u2019inverse, les r\u00e9sultats r\u00e9colt\u00e9s dans la banlieue nord et est parisienne sont qualifi\u00e9s \u201cd\u2019inqui\u00e9tants\u201d, notamment \u00e0 Plaine Commune (59%), qui p\u00e2tit potentiellement d\u2019une \u201cinsuffisante communication aupr\u00e8s du grand public\u201d.<\/p>\n","protected":false},"excerpt":{"rendered":"Hors Paris, le respect de l\u2019encadrement est jug\u00e9 \u201cassez in\u00e9gal\u201d, allant de 12% de non conformit\u00e9 \u00e0 Montpellier&hellip;\n","protected":false},"author":2,"featured_media":365542,"comment_status":"","ping_status":"","sticky":false,"template":"","format":"standard","meta":{"footnotes":""},"categories":[9599],"tags":[1111,11,1777,674,1011,27,2208,12,2680,25],"class_list":{"0":"post-365541","1":"post","2":"type-post","3":"status-publish","4":"format-standard","5":"has-post-thumbnail","7":"category-montpellier","8":"tag-actu","9":"tag-actualites","10":"tag-eu","11":"tag-europe","12":"tag-fr","13":"tag-france","14":"tag-montpellier","15":"tag-news","16":"tag-occitanie","17":"tag-republique-francaise"},"share_on_mastodon":{"url":"https:\/\/pubeurope.com\/@fr\/115145744481836554","error":""},"_links":{"self":[{"href":"https:\/\/www.europesays.com\/fr\/wp-json\/wp\/v2\/posts\/365541","targetHints":{"allow":["GET"]}}],"collection":[{"href":"https:\/\/www.europesays.com\/fr\/wp-json\/wp\/v2\/posts"}],"about":[{"href":"https:\/\/www.europesays.com\/fr\/wp-json\/wp\/v2\/types\/post"}],"author":[{"embeddable":true,"href":"https:\/\/www.europesays.com\/fr\/wp-json\/wp\/v2\/users\/2"}],"replies":[{"embeddable":true,"href":"https:\/\/www.europesays.com\/fr\/wp-json\/wp\/v2\/comments?post=365541"}],"version-history":[{"count":0,"href":"https:\/\/www.europesays.com\/fr\/wp-json\/wp\/v2\/posts\/365541\/revisions"}],"wp:featuredmedia":[{"embeddable":true,"href":"https:\/\/www.europesays.com\/fr\/wp-json\/wp\/v2\/media\/365542"}],"wp:attachment":[{"href":"https:\/\/www.europesays.com\/fr\/wp-json\/wp\/v2\/media?parent=365541"}],"wp:term":[{"taxonomy":"category","embeddable":true,"href":"https:\/\/www.europesays.com\/fr\/wp-json\/wp\/v2\/categories?post=365541"},{"taxonomy":"post_tag","embeddable":true,"href":"https:\/\/www.europesays.com\/fr\/wp-json\/wp\/v2\/tags?post=365541"}],"curies":[{"name":"wp","href":"https:\/\/api.w.org\/{rel}","templated":true}]}}