{"id":365543,"date":"2025-09-04T11:16:14","date_gmt":"2025-09-04T11:16:14","guid":{"rendered":"https:\/\/www.europesays.com\/fr\/365543\/"},"modified":"2025-09-04T11:16:14","modified_gmt":"2025-09-04T11:16:14","slug":"quel-est-ce-nouveau-magasin-danimalerie-qui-ouvre-prochainement","status":"publish","type":"post","link":"https:\/\/www.europesays.com\/fr\/365543\/","title":{"rendered":"quel est ce nouveau magasin d&rsquo;animalerie qui ouvre prochainement\u00a0?"},"content":{"rendered":"<p>            Par<br \/>\n        <strong><br \/>\n            <a href=\"https:\/\/actu.fr\/auteur\/j-phan\" title=\"Consulter tous les articles de Jordan Phan\" rel=\"nofollow noopener\" target=\"_blank\">Jordan Phan<\/a><br \/>\n        <\/strong><\/p>\n<p>        Publi\u00e9 le<\/p>\n<p>            4 sept. 2025 \u00e0 12h42        <\/p>\n<p>C\u2019est probablement le <strong>leader fran\u00e7ais et europ\u00e9en de l\u2019animalerie<\/strong>. Maxi Zoo \u00e9tend son r\u00e9seau et s\u2019installe d\u00e9sormais aux <strong>Portes de la Mer \u00e0<\/strong> <strong>Lunel<\/strong> (\u00e0 c\u00f4t\u00e9 d\u2019Intermarch\u00e9) le <strong>mercredi 24 septembre 2025<\/strong>. Une ouverture qui s\u2019inscrit dans une volont\u00e9 de renforcer leur maillage territorial pour \u00eatre \u00e0 <strong>moins de 20 minutes<\/strong> de chaque propri\u00e9taire d\u2019animaux.\u00a0<\/p>\n<p>    <a href=\"https:\/\/www.google.com\/maps\/embed?pb=!1m14!1m8!1m3!1d360.67611224399576!2d4.1237805!3d43.6812619!3m2!1i1024!2i768!4f13.1!3m3!1m2!1s0x12b69dd61f20681d%3A0xef54d5b8b56f8b89!2sAv.%20les%20Portes%20de%20la%20Mer%2C%2034400%20Lunel!5e0!3m2!1sfr!2sfr!4v1756980102442!5m2!1sfr!2sfr\" title=\"Ouvrie le lien\" rel=\"nofollow noopener\" target=\"_blank\">Cliquez ici pour visualiser le contenu<\/a><\/p>\n<p>Pour nos amis les animaux<\/p>\n<p class=\" wall-content\">L\u2019animalerie s\u2019\u00e9tendra sur <strong>190 m2<\/strong> et offrira plus de <strong>2 700 r\u00e9f\u00e9rences de produits<\/strong> pour le bien-\u00eatre des animaux de compagnie. La liste est longue : croquettes, friandises, p\u00e2t\u00e9es, accessoires, jouets, couchages et produits d\u2019hygi\u00e8ne. Mais ce n\u2019est pas tout ! La pr\u00e9sence d\u2019un <strong>toutou bar<\/strong> avec des croquettes et de l\u2019eau fra\u00eeche est \u00e0 disposition des clients qui souhaitent raviver la truffe de leurs amis canins. De surcro\u00eet, Maxi Zoo organise tout au long de l\u2019ann\u00e9e des <strong>animations gratuites<\/strong>, comme par exemple, des s\u00e9ances photos, des ateliers d\u2019\u00e9ducation canine et de m\u00e9decine douce.<\/p>\n<p>Un personnel engag\u00e9<\/p>\n<p class=\" wall-content\">Une \u00e9quipe de<strong> trois personnes<\/strong> a \u00e9t\u00e9 recrut\u00e9e pour que l\u2019ouverture se passe au mieux, le magasin recherche des personnes engag\u00e9es pour le bien-\u00eatre animal et ayant du relationnel client. Au cours d\u2019une <strong>formation de deux ann\u00e9es<\/strong>, les nouveaux employ\u00e9s sont invit\u00e9s \u00e0 \u00e9tudier des th\u00e9matiques vari\u00e9es allant de l\u2019alimentation du chien \u00e0 l\u2019hygi\u00e8ne du chat en passant par le soin des petits mammif\u00e8res. Et bien \u00e9videmment, le management et la d\u00e9couverte de l\u2019enseigne et de ses produits.<\/p>\n<p>    <img   decoding=\"async\" loading=\"lazy\" src=\"https:\/\/www.europesays.com\/fr\/wp-content\/uploads\/2025\/09\/2e37c11a045860247c11a0458b647cv-960x640.jpeg\" alt=\"L'enseigne a \u00e9t\u00e9 \u00e9lue \" width=\"960\" height=\"640\"\/><br \/>\n    L\u2019enseigne a \u00e9t\u00e9 \u00e9lue \u00ab\u00a0Marque Pr\u00e9f\u00e9r\u00e9e des Fran\u00e7ais 2025\u00a0\u00bb dans la cat\u00e9gorie Animaleries, selon une \u00e9tude r\u00e9alis\u00e9e par OpinionWay (\u00a9VM)Vid\u00e9os : en ce moment sur ActuMaxi Zoo, pas qu\u2019un magasin<\/p>\n<p class=\" wall-content\">En parall\u00e8le de camper le r\u00f4le d\u2019animalerie, l\u2019enseigne organise de nombreuses collectes de dons tout au long de l\u2019ann\u00e9e en faveur des <strong>refuges locaux<\/strong>. Par ailleurs, un<strong> box refuge<\/strong> est install\u00e9 dans la boutique de fa\u00e7on permanente et visible pour permettre aux clients, quand bon leur semble, de d\u00e9poser un sac de croquettes, une bo\u00eete de p\u00e2t\u00e9e ou tout autre don.<\/p>\n<p>Votre r\u00e9gion, votre actu !<\/p>\n<p>Recevez chaque jour les infos qui comptent pour vous.<\/p>\n<p>\t<a href=\"https:\/\/actu.fr\/newsletter\" class=\"ac-btn ac-btn--corner ac-btn--medium ac-btn--blue800\" rel=\"nofollow noopener\" target=\"_blank\">S&rsquo;incrire<\/a><br \/>\nUne volont\u00e9 sans faille<\/p>\n<p class=\" wall-content\">\u00ab\u00a0Plus qu\u2019un simple distributeur, Maxi Zoo a la volont\u00e9 de devenir le meilleur partenaire des animaux et de leurs ma\u00eetres, en restant pr\u00e9sent pour eux, partout et tout le temps\u00a0\u00bb, s\u2019enthousiasme <strong>Jan Wejbrandt<\/strong>, PDG Maxi Zoo France. Et cette volont\u00e9 l\u00e0 se refl\u00e8te \u00e9galement par l\u2019augmentation de nouveaux magasins de l\u2019enseigne en France. Ce qui r\u00e9jouit d\u00e9j\u00e0 la Lunelloise Jasmine Kapisiz : \u00ab\u00a0Je trouve \u00e7a super cool et pratique d\u2019avoir une animalerie \u00e0 proximit\u00e9 de chez moi\u00a0\u00bb, s\u2019exclame la jeune femme, h\u00e2te de s\u2019empresser \u00e0 la boutique pour y faire un tour.<\/p>\n<p>&gt; Ouverture le mercredi 24 septembre 2025 aux Portes de la Mer \u00e0 Lunel \u2013 Sera ouvert du lundi au samedi de 9h30 \u00e0 19h<\/p>\n<p class=\" wall-content\">Personnalisez votre actualit\u00e9 en ajoutant vos villes et m\u00e9dias en favori avec <a href=\"https:\/\/moncompte.actu.fr\" title=\"D\u00e9couvez Mon Actu\" rel=\"nofollow noopener\" data-trk=\"{&quot;cta&quot;:{&quot;action&quot;:&quot;https:\\\/\\\/moncompte.actu.fr&quot;,&quot;category&quot;:&quot;mon compte&quot;,&quot;from&quot;:&quot;article footer&quot;,&quot;name&quot;:&quot;Mon actu&quot;,&quot;type&quot;:&quot;cta&quot;}}\" target=\"_blank\">Mon Actu<\/a>.<\/p>\n","protected":false},"excerpt":{"rendered":"Par Jordan Phan Publi\u00e9 le 4 sept. 2025 \u00e0 12h42 C\u2019est probablement le leader fran\u00e7ais et europ\u00e9en de&hellip;\n","protected":false},"author":2,"featured_media":365544,"comment_status":"","ping_status":"","sticky":false,"template":"","format":"standard","meta":{"footnotes":""},"categories":[9599],"tags":[1111,11,1867,7654,4850,1777,674,1011,27,2208,12,2680,25,104],"class_list":{"0":"post-365543","1":"post","2":"type-post","3":"status-publish","4":"format-standard","5":"has-post-thumbnail","7":"category-montpellier","8":"tag-actu","9":"tag-actualites","10":"tag-animaux","11":"tag-chat","12":"tag-chien","13":"tag-eu","14":"tag-europe","15":"tag-fr","16":"tag-france","17":"tag-montpellier","18":"tag-news","19":"tag-occitanie","20":"tag-republique-francaise","21":"tag-societe"},"share_on_mastodon":{"url":"https:\/\/pubeurope.com\/@fr\/115145748853147368","error":""},"_links":{"self":[{"href":"https:\/\/www.europesays.com\/fr\/wp-json\/wp\/v2\/posts\/365543","targetHints":{"allow":["GET"]}}],"collection":[{"href":"https:\/\/www.europesays.com\/fr\/wp-json\/wp\/v2\/posts"}],"about":[{"href":"https:\/\/www.europesays.com\/fr\/wp-json\/wp\/v2\/types\/post"}],"author":[{"embeddable":true,"href":"https:\/\/www.europesays.com\/fr\/wp-json\/wp\/v2\/users\/2"}],"replies":[{"embeddable":true,"href":"https:\/\/www.europesays.com\/fr\/wp-json\/wp\/v2\/comments?post=365543"}],"version-history":[{"count":0,"href":"https:\/\/www.europesays.com\/fr\/wp-json\/wp\/v2\/posts\/365543\/revisions"}],"wp:featuredmedia":[{"embeddable":true,"href":"https:\/\/www.europesays.com\/fr\/wp-json\/wp\/v2\/media\/365544"}],"wp:attachment":[{"href":"https:\/\/www.europesays.com\/fr\/wp-json\/wp\/v2\/media?parent=365543"}],"wp:term":[{"taxonomy":"category","embeddable":true,"href":"https:\/\/www.europesays.com\/fr\/wp-json\/wp\/v2\/categories?post=365543"},{"taxonomy":"post_tag","embeddable":true,"href":"https:\/\/www.europesays.com\/fr\/wp-json\/wp\/v2\/tags?post=365543"}],"curies":[{"name":"wp","href":"https:\/\/api.w.org\/{rel}","templated":true}]}}