{"id":365547,"date":"2025-09-04T11:20:29","date_gmt":"2025-09-04T11:20:29","guid":{"rendered":"https:\/\/www.europesays.com\/fr\/365547\/"},"modified":"2025-09-04T11:20:29","modified_gmt":"2025-09-04T11:20:29","slug":"objectif-artisan-a-rouen-2025-dates-horaires-tarifs-exposants","status":"publish","type":"post","link":"https:\/\/www.europesays.com\/fr\/365547\/","title":{"rendered":"Objectif Artisan \u00e0 Rouen 2025 : dates, horaires, tarifs, exposants"},"content":{"rendered":"<p class=\"fw-bold font-size-16 my-1\"> Le 09\/10\/2025<\/p>\n<p class=\"fw-bold font-size-16 my-1\"> CMA Normandie, 135 Boulevard de l&rsquo;Europe | <a href=\"https:\/\/www.jds.fr\/rouen\/\" rel=\"nofollow noopener\" target=\"_blank\">Rouen<\/a><\/p>\n<p class=\"fw-bold font-size-16 my-1\"> Gratuit <\/p>\n<p><strong>Envie d\u2019entreprendre\u00a0? Venez au Salon Objectif Artisan \u00e0 Rouen\u00a0!<\/strong><\/p>\n<p><a data-lightbox=\"article\" data-title=\"Objectif Artisan \u00e0 Rouen \u00a9 CMA Normandie\" class=\"image detail fullwidth  position-relative d-block\" href=\"https:\/\/www.jds.fr\/medias\/image\/0-22610800-1756112447-700803-920-0-F.webp\" title=\"Objectif Artisan \u00e0 Rouen \u00a9 CMA Normandie\" rel=\"nofollow noopener\" target=\"_blank\"><br \/>\n<img decoding=\"async\" loading=\"lazy\" src=\"https:\/\/www.europesays.com\/fr\/wp-content\/uploads\/2025\/09\/0-22610800-1756112447-700803-1200-0.webp.webp\"   width=\"685\" alt=\"Objectif Artisan \u00e0 Rouen\" class=\"border\"\/><br \/>\n\u00a9 CMA Normandie<br \/>\nObjectif Artisan \u00e0 Rouen<br \/>\n<\/a><\/p>\n<p>Cr\u00e9er ou reprendre une entreprise, \u00e7a vous a d\u00e9j\u00e0 travers\u00e9 l\u2019esprit\u00a0? Le jeudi 9 octobre 2025, la Chambre de M\u00e9tiers et de l\u2019Artisanat de Normandie vous donne rendez-vous \u00e0 Rouen pour une journ\u00e9e consacr\u00e9e \u00e0 l\u2019entrepreneuriat dans l\u2019artisanat.<\/p>\n<p>Vous n\u2019avez pas encore de projet pr\u00e9cis\u00a0? Ce salon est aussi pour vous\u00a0! C\u2019est l\u2019occasion de\u00a0:<\/p>\n<ul>&#13;<\/p>\n<li>d\u00e9couvrir comment na\u00eet et grandit une entreprise,<\/li>\n<p>&#13;<\/p>\n<li>\u00e9changer avec des experts (conseillers, banquiers, notaires, assureurs\u2026),<\/li>\n<p>&#13;<\/p>\n<li>explorer des id\u00e9es ou pistes professionnelles,<\/li>\n<p>&#13;<\/p>\n<li>poser toutes vos questions sur la cr\u00e9ation, la reprise ou la transmission d\u2019entreprise.<\/li>\n<p>&#13;\n<\/ul>\n<p>L\u2019artisanat repr\u00e9sente plus de 80 000 entreprises en Normandie\u00a0: un secteur dynamique, accessible et riche d\u2019opportunit\u00e9s. Que vous soyez en qu\u00eate d\u2019inspiration, en r\u00e9flexion sur votre avenir professionnel ou simplement curieux du monde entrepreneurial, le Salon Objectif Artisan peut \u00eatre le d\u00e9clic qu\u2019il vous manquait.<\/p>\n<p>De 9h00 \u00e0 16h00\u00a0: Une vingtaine d\u2019experts et professionnels de l\u2019entreprise seront \u00e0 votre disposition pour un accompagnement personnalis\u00e9 et gratuit dans les domaines du financement, du juridique, du fiscal et comptable, du social, de l\u2019assurance, du num\u00e9rique\u2026<\/p>\n<p>Profitez \u00e9galement des ateliers gratuits\u00a0:<\/p>\n<ul>&#13;<\/p>\n<li>9h30 \u2013 10h15\u00a0: Atelier d\u2019information sur la Cr\u00e9ation \u2013 Reprise d\u2019entreprise (anim\u00e9 par un conseiller CMA Normandie)<\/li>\n<p>&#13;<\/p>\n<li>11h00 \u2013 12h00\u00a0: Atelier Google (anim\u00e9 par un coach Google Ateliers Num\u00e9riques)<\/li>\n<p>&#13;<\/p>\n<li>14h00 \u2013 14h45\u00a0: Atelier d\u2019information sur la Cr\u00e9ation \u2013 Reprise d\u2019entreprise (anim\u00e9 par un conseiller CMA Normandie)<\/li>\n<p>&#13;<\/p>\n<li>15h00 \u2013 16h00\u00a0: Atelier Google (anim\u00e9 par un coach Google Ateliers Num\u00e9riques) pour se rendre\u00a0<\/li>\n<p>&#13;\n<\/ul>\n<p>\u00c0 gagner pendant le salon\u00a0:<\/p>\n<ul>&#13;<\/p>\n<li>Un repas pour 2 personnes chez un Ma\u00eetre Restaurateur<\/li>\n<p>&#13;<\/p>\n<li>Un bon d\u2019une valeur de 100\u20ac sur une prestation CMA (accompagnement, formation, formalit\u00e9\u2026)<\/li>\n<p>&#13;\n<\/ul>\n<p>Rendez-vous \u00e0 la CMA Normandie \u2013 Rouen, 135 boulevard de l\u2019Europe, de 9h \u00e0 16h.<br \/>Entr\u00e9e gratuite, ouverte \u00e0 tous.<\/p>\n<p>            Renseignements<\/p>\n<p><strong class=\"font-size-18\">O\u00f9\u00a0:<\/strong><br \/> CMA Normandie, 135 Boulevard de l&rsquo;Europe<a class=\"mt-1 d-block ps-4\" href=\"https:\/\/www.jds.fr\/rouen\/\" rel=\"nofollow noopener\" target=\"_blank\"> 76100 Rouen<\/a><\/p>\n<p>Dates et horaires\u00a0: <\/p>\n<ul class=\"liste-dates list-unstyled\" id=\"liste-dates-68b8bc2f8a1ec\">\n<li>Jeudi 9 Octobre 2025 de 9h \u00e0 16h<\/li>\n<\/ul>\n<p>Tarifs\u00a0: Inscription, billetterie ou r\u00e9servation\u00a0: <\/p>\n<p>Dans la m\u00eame rubrique<\/p>\n<ul class=\"mt-3 list-unstyled list-articles-v2\">\n<li class=\"col-12 pt-4\" data-view-id-type=\"1\" data-view-id=\"982441\" data-view-bc=\"0\"><a class=\"d-block titre text-black mb-1 mb-md-2\" href=\"https:\/\/www.jds.fr\/rouen\/foires-et-salons\/marches\/marche-de-bracquetuit-982441_A\" rel=\"nofollow noopener\" target=\"_blank\">March\u00e9 de Bracquetuit<\/a>Du 04\/09\/2025 au 31\/12\/2026 BracquetuitAfin de dynamiser le milieu rural et favoriser les circuits courts, la commune de Bracquetuit met en place un march\u00e9 semi-nocturne tous les jeudis de 16h \u00e0 19h sur le parking de [\u2026]<a class=\"image\" href=\"https:\/\/www.jds.fr\/rouen\/foires-et-salons\/marches\/marche-de-bracquetuit-982441_A\" rel=\"nofollow noopener\" target=\"_blank\"><img decoding=\"async\" loading=\"lazy\" src=\"https:\/\/www.europesays.com\/fr\/wp-content\/uploads\/2025\/06\/braderie-16470-180-180.webp.webp\" width=\"180\" height=\"180\" alt=\"March\u00e9 de Bracquetuit\" class=\"border\"\/><\/a><\/li>\n<li class=\"col-12 pt-4\" data-view-id-type=\"1\" data-view-id=\"982342\" data-view-bc=\"0\"><a class=\"d-block titre text-black mb-1 mb-md-2\" href=\"https:\/\/www.jds.fr\/rouen\/foires-et-salons\/marches\/marche-d-auffay-982342_A\" rel=\"nofollow noopener\" target=\"_blank\">March\u00e9 d&rsquo;Auffay<\/a>Du 05\/09\/2025 au 25\/12\/2026 Val-de-ScieLe march\u00e9 d&rsquo;Auffay  s&rsquo;installe chaque vendredi matin dans le centre-ville o\u00f9 commerces et marchands s&rsquo;allient pour vous proposer toute une gamme de produits frais. Id\u00e9al pour [\u2026]<a class=\"image\" href=\"https:\/\/www.jds.fr\/rouen\/foires-et-salons\/marches\/marche-d-auffay-982342_A\" rel=\"nofollow noopener\" target=\"_blank\"><img decoding=\"async\" loading=\"lazy\" src=\"https:\/\/www.europesays.com\/fr\/wp-content\/uploads\/2025\/06\/braderie-16470-180-180.webp.webp\" width=\"180\" height=\"180\" alt=\"March\u00e9 d'Auffay\" class=\"border\"\/><\/a><\/li>\n<li class=\"li_gp_div\">\n<\/li>\n<li class=\"col-12 pt-4\" data-view-id-type=\"1\" data-view-id=\"1085797\" data-view-bc=\"0\"><a class=\"d-block titre text-black mb-1 mb-md-2\" href=\"https:\/\/www.jds.fr\/rouen\/foires-et-salons\/marches\/marche-des-producteurs-a-gremonville-1085797_A\" rel=\"nofollow noopener\" target=\"_blank\">March\u00e9 des producteurs \u00e0 Gr\u00e9monville<\/a>Le 05\/09\/2025 Gr\u00e9monvilleMarch\u00e9 des producteurs se r\u00e9unissant sur la place de Gr\u00e9monville. Une douzaine d&rsquo;exposants pr\u00e9sents pour ce RDV mensuel.. March\u00e9 ouvert de 16h \u00e0 19h.<a class=\"image\" href=\"https:\/\/www.jds.fr\/rouen\/foires-et-salons\/marches\/marche-des-producteurs-a-gremonville-1085797_A\" rel=\"nofollow noopener\" target=\"_blank\"><img decoding=\"async\" loading=\"lazy\" src=\"https:\/\/www.europesays.com\/fr\/wp-content\/uploads\/2025\/06\/braderie-16470-180-180.webp.webp\" width=\"180\" height=\"180\" alt=\"March\u00e9 des producteurs \u00e0 Gr\u00e9monville\" class=\"border\"\/><\/a><\/li>\n<li class=\"col-12 pt-4\" data-view-id-type=\"1\" data-view-id=\"1070196\" data-view-bc=\"0\"><a class=\"d-block titre text-black mb-1 mb-md-2\" href=\"https:\/\/www.jds.fr\/rouen\/foires-et-salons\/marches\/portes-ouvertes-de-la-poterie-et-vannerie-seinomarine-1070196_A\" rel=\"nofollow noopener\" target=\"_blank\">Portes-ouvertes de la Poterie et Vannerie Seinomarine<\/a>Du 06\/09\/2025 au 07\/09\/2025 Saint-Clair-sur-les-MontsD\u00e9couvrez le savoir-faire de Claire-Marie, artisan d\u2019art qui fabrique des objets d\u00e9co en c\u00e9ramique pour la maison et le jardin, et celui de Daniel, qui fabrique des paniers et [\u2026]<a class=\"image\" href=\"https:\/\/www.jds.fr\/rouen\/foires-et-salons\/marches\/portes-ouvertes-de-la-poterie-et-vannerie-seinomarine-1070196_A\" rel=\"nofollow noopener\" target=\"_blank\"><img decoding=\"async\" loading=\"lazy\" src=\"https:\/\/www.europesays.com\/fr\/wp-content\/uploads\/2025\/06\/braderie-16470-180-180.webp.webp\" width=\"180\" height=\"180\" alt=\"Portes-ouvertes de la Poterie et Vannerie Seinomarine\" class=\"border\"\/><\/a><\/li>\n<li class=\"col-12 pt-4\" data-view-id-type=\"1\" data-view-id=\"910888\" data-view-bc=\"0\"><a class=\"d-block titre text-black mb-1 mb-md-2\" href=\"https:\/\/www.jds.fr\/rouen\/foires-et-salons\/marches\/puces-jeanne-d-arc-910888_A\" rel=\"nofollow noopener\" target=\"_blank\">Puces Jeanne d\u2019Arc<\/a>Du 07\/09\/2025 au 05\/10\/2025 RouenUn dimanche par mois, la rue Jeanne d\u2019Arc se m\u00e9tamorphose en paradis du vintage\u00a0! Entre friperies tendance, brocanteurs passionn\u00e9s, vinyles collector et livres d\u2019antan, [\u2026]<a class=\"image\" href=\"https:\/\/www.jds.fr\/rouen\/foires-et-salons\/marches\/puces-jeanne-d-arc-910888_A\" rel=\"nofollow noopener\" target=\"_blank\"><img decoding=\"async\" loading=\"lazy\" src=\"https:\/\/www.europesays.com\/fr\/wp-content\/uploads\/2025\/06\/braderie-16470-180-180.webp.webp\" width=\"180\" height=\"180\" alt=\"Puces Jeanne d\u2019Arc\" class=\"border\"\/><\/a><\/li>\n<li class=\"li_gp_div li_gp_div_infeed\"\/>\n<li class=\"col-12 pt-4\" data-view-id-type=\"1\" data-view-id=\"742345\" data-view-bc=\"0\"><a class=\"image\" href=\"https:\/\/www.jds.fr\/rouen\/foires-et-salons\/foires\/24h-emploi-formation-rouen-2025-742345_A\" rel=\"nofollow noopener\" target=\"_blank\"><img decoding=\"async\" loading=\"lazy\" src=\"https:\/\/www.europesays.com\/fr\/wp-content\/uploads\/2025\/08\/0-42429000-1732890293-484666-180-180.webp.webp\" width=\"180\" height=\"180\" alt=\"24h emploi formation Rouen 2025\" class=\"border\"\/><\/a><\/li>\n<li class=\"col-12 pt-4\" data-view-id-type=\"1\" data-view-id=\"1134189\" data-view-bc=\"0\"><a class=\"image\" href=\"https:\/\/www.jds.fr\/rouen\/foires-et-salons\/foires\/dominique-letellier-signe-ses-5-thrillers-a-rouen-le-14-septembre-2025-1134189_A\" rel=\"nofollow noopener\" target=\"_blank\"><img decoding=\"async\" loading=\"lazy\" src=\"https:\/\/www.europesays.com\/fr\/wp-content\/uploads\/2025\/09\/0-75873000-1755869921-698996-180-180.webp.webp\" width=\"180\" height=\"180\" alt=\"Dominique Letellier signe ses 5 thrillers \u00e0 Rouen le 14 septembre 2025\" class=\"border\"\/><\/a><\/li>\n<li class=\"col-12 pt-4\" data-view-id-type=\"1\" data-view-id=\"1103900\" data-view-bc=\"0\"><a class=\"d-block titre text-black mb-1 mb-md-2\" href=\"https:\/\/www.jds.fr\/rouen\/foires-et-salons\/marches\/salon-du-camping-car-de-rouen-1103900_A\" rel=\"nofollow noopener\" target=\"_blank\">Salon du Camping car de Rouen<\/a>Du 18\/09\/2025 au 21\/09\/2025 RouenManifestation commerciale regroupant trois distributeurs de v\u00e9hicules de loisirs, r\u00e9unis au sein de l\u2019association (A3CSM) Association des concessionnaires de camping-car de [\u2026]<a class=\"image\" href=\"https:\/\/www.jds.fr\/rouen\/foires-et-salons\/marches\/salon-du-camping-car-de-rouen-1103900_A\" rel=\"nofollow noopener\" target=\"_blank\"><img decoding=\"async\" loading=\"lazy\" src=\"https:\/\/www.europesays.com\/fr\/wp-content\/uploads\/2025\/06\/braderie-16470-180-180.webp.webp\" width=\"180\" height=\"180\" alt=\"Salon du Camping car de Rouen\" class=\"border\"\/><\/a><\/li>\n<li class=\"col-12 pt-4\" data-view-id-type=\"1\" data-view-id=\"1138469\" data-view-bc=\"0\"><a class=\"image\" href=\"https:\/\/www.jds.fr\/rouen\/foires-et-salons\/foires\/exposition-collection-d-art-1138469_A\" rel=\"nofollow noopener\" target=\"_blank\"><img decoding=\"async\" loading=\"lazy\" src=\"https:\/\/www.europesays.com\/fr\/wp-content\/uploads\/2025\/09\/0-32987300-1756106848-700769-180-180.webp.webp\" width=\"180\" height=\"180\" alt=\"Exposition Collection d'Art\" class=\"border\"\/><\/a><\/li>\n<li class=\"li_gp_div li_gp_div_infeed\"\/>\n<li class=\"col-12 pt-4\" data-view-id-type=\"1\" data-view-id=\"1096158\" data-view-bc=\"0\"><a class=\"image\" href=\"https:\/\/www.jds.fr\/rouen\/foires-et-salons\/foires\/salon-du-bien-etre-de-barentin-theme-rentree-zen-1096158_A\" rel=\"nofollow noopener\" target=\"_blank\"><img decoding=\"async\" loading=\"lazy\" src=\"https:\/\/www.europesays.com\/fr\/wp-content\/uploads\/2025\/08\/0-45536500-1752757488-677577-180-180.webp.webp\" width=\"180\" height=\"180\" alt=\"Salon du Bien-\u00catre de Barentin th\u00e8me : Rentr\u00e9e Zen\" class=\"border\"\/><\/a><\/li>\n<li class=\"col-12 pt-4\" data-view-id-type=\"1\" data-view-id=\"915568\" data-view-bc=\"0\"><a class=\"d-block titre text-black mb-1 mb-md-2\" href=\"https:\/\/www.jds.fr\/rouen\/foires-et-salons\/marches\/rouen-a-table-915568_A\" rel=\"nofollow noopener\" target=\"_blank\">Rouen \u00e0 Table\u00a0!<\/a>Du 08\/10\/2025 au 12\/10\/2025 Rouen<br \/>\nC\u2019est le retour tant attendu des gourmets, Rouen \u00e0 Table\u00a0! L&rsquo;\u00e9v\u00e9nement est de retour le week-end du 11 et 12 octobre en l&rsquo;honneur du r\u00e9seau des Villes Cr\u00e9atives UNESCO [\u2026]<a class=\"image\" href=\"https:\/\/www.jds.fr\/rouen\/foires-et-salons\/marches\/rouen-a-table-915568_A\" rel=\"nofollow noopener\" target=\"_blank\"><img decoding=\"async\" loading=\"lazy\" src=\"https:\/\/www.europesays.com\/fr\/wp-content\/uploads\/2025\/06\/braderie-16470-180-180.webp.webp\" width=\"180\" height=\"180\" alt=\"Rouen \u00e0 Table !\" class=\"border\"\/><\/a><\/li>\n<li class=\"col-12 pt-4\" data-view-id-type=\"1\" data-view-id=\"765528\" data-view-bc=\"0\"><a class=\"d-block titre text-black mb-1 mb-md-2\" href=\"https:\/\/www.jds.fr\/rouen\/foires-et-salons\/marches\/la-foire-saint-romain-765528_A\" rel=\"nofollow noopener\" target=\"_blank\">La Foire Saint Romain<\/a>Du 17\/10\/2025 au 16\/11\/2025 Rouen<br \/>\nLa Foire Saint-Romain illuminera la ville de Rouen du 17 octobre au 16 novembre 2025. .  Deuxi\u00e8me plus grande f\u00eate foraine de France apr\u00e8s la Foire du Tr\u00f4ne, la Foire [\u2026]<a class=\"image\" href=\"https:\/\/www.jds.fr\/rouen\/foires-et-salons\/marches\/la-foire-saint-romain-765528_A\" rel=\"nofollow noopener\" target=\"_blank\"><img decoding=\"async\" loading=\"lazy\" src=\"https:\/\/www.europesays.com\/fr\/wp-content\/uploads\/2025\/06\/braderie-16470-180-180.webp.webp\" width=\"180\" height=\"180\" alt=\"La Foire Saint Romain\" class=\"border\"\/><\/a><\/li>\n<li class=\"col-12 pt-4\" data-view-id-type=\"1\" data-view-id=\"1129013\" data-view-bc=\"0\"><a class=\"image\" href=\"https:\/\/www.jds.fr\/rouen\/foires-et-salons\/foires\/30eme-salon-international-de-rouen-fossiles-mineraux-et-prehistoire-1129013_A\" rel=\"nofollow noopener\" target=\"_blank\"><img decoding=\"async\" loading=\"lazy\" src=\"https:\/\/www.europesays.com\/fr\/wp-content\/uploads\/2025\/09\/0-62988800-1755530223-695560-180-180.webp.webp\" width=\"180\" height=\"180\" alt=\"30\u00e9me Salon International de Rouen Fossiles, Min\u00e9raux &amp; pr\u00e9histoire\" class=\"border\"\/><\/a><\/li>\n<li class=\"li_gp_div li_gp_div_infeed\"\/>\n<li class=\"col-12 pt-4\" data-view-id-type=\"1\" data-view-id=\"1096136\" data-view-bc=\"0\"><a class=\"image\" href=\"https:\/\/www.jds.fr\/rouen\/foires-et-salons\/foires\/salon-de-l-erotisme-erosexpo-1096136_A\" rel=\"nofollow noopener\" target=\"_blank\"><img decoding=\"async\" loading=\"lazy\" src=\"https:\/\/www.europesays.com\/fr\/wp-content\/uploads\/2025\/08\/0-51488800-1752751131-677547-180-180.webp.webp\" width=\"180\" height=\"180\" alt=\"Salon de l'\u00e9rotisme Erosexpo\" class=\"border\"\/><\/a><\/li>\n<li class=\"col-12 pt-4\" data-view-id-type=\"1\" data-view-id=\"1113038\" data-view-bc=\"0\"><a class=\"d-block titre text-black mb-1 mb-md-2\" href=\"https:\/\/www.jds.fr\/rouen\/foires-et-salons\/marches\/salon-du-mariage-et-de-la-fete-1113038_A\" rel=\"nofollow noopener\" target=\"_blank\">Salon du Mariage et de la f\u00eate<\/a>Du 07\/11\/2025 au 09\/11\/2025 RouenLe Salon du Mariage et de la F\u00eate est le rendez-vous incontournable pour les couples pr\u00e9parant le plus beau jour de leur vie.\n<p>C\u2019est aussi le lieu o\u00f9 tous ceux qui souhaitent [\u2026]<a class=\"image\" href=\"https:\/\/www.jds.fr\/rouen\/foires-et-salons\/marches\/salon-du-mariage-et-de-la-fete-1113038_A\" rel=\"nofollow noopener\" target=\"_blank\"><img decoding=\"async\" loading=\"lazy\" src=\"https:\/\/www.europesays.com\/fr\/wp-content\/uploads\/2025\/06\/braderie-16470-180-180.webp.webp\" width=\"180\" height=\"180\" alt=\"Salon du Mariage et de la f\u00eate\" class=\"border\"\/><\/a><\/li>\n<li class=\"col-12 pt-4\" data-view-id-type=\"1\" data-view-id=\"1116171\" data-view-bc=\"0\"><a class=\"d-block titre text-black mb-1 mb-md-2\" href=\"https:\/\/www.jds.fr\/rouen\/foires-et-salons\/marches\/rouen-givree-1116171_A\" rel=\"nofollow noopener\" target=\"_blank\">Rouen Givr\u00e9e<\/a>Du 21\/11\/2025 au 04\/01\/2026 Rouen<br \/>\nPlongez dans la magie de No\u00ebl avec Rouen Givr\u00e9e\u00a0! Fl\u00e2nez parmi les illuminations scintillantes et participez aux animations festives\u00a0:<\/p>\n<p>    parades<br \/>\n    ateliers [\u2026]<a class=\"image\" href=\"https:\/\/www.jds.fr\/rouen\/foires-et-salons\/marches\/rouen-givree-1116171_A\" rel=\"nofollow noopener\" target=\"_blank\"><img decoding=\"async\" loading=\"lazy\" src=\"https:\/\/www.europesays.com\/fr\/wp-content\/uploads\/2025\/06\/braderie-16470-180-180.webp.webp\" width=\"180\" height=\"180\" alt=\"Rouen Givr\u00e9e\" class=\"border\"\/><\/a><\/li>\n<li class=\"col-12 pt-4\" data-view-id-type=\"1\" data-view-id=\"1116292\" data-view-bc=\"0\"><a class=\"d-block titre text-black mb-1 mb-md-2\" href=\"https:\/\/www.jds.fr\/rouen\/foires-et-salons\/marches\/marche-de-noel-1116292_A\" rel=\"nofollow noopener\" target=\"_blank\">March\u00e9 de No\u00ebl<\/a>Du 21\/11\/2025 au 28\/12\/2025 RouenLes petites cabanes blanches par\u00e9es de guirlandes prennent place sur le parvis de la cath\u00e9drale du jeudi 21 novembre au dimanche 28 d\u00e9cembre 2025. De nombreux chalets seront [\u2026]<a class=\"image\" href=\"https:\/\/www.jds.fr\/rouen\/foires-et-salons\/marches\/marche-de-noel-1116292_A\" rel=\"nofollow noopener\" target=\"_blank\"><img decoding=\"async\" loading=\"lazy\" src=\"https:\/\/www.europesays.com\/fr\/wp-content\/uploads\/2025\/06\/braderie-16470-180-180.webp.webp\" width=\"180\" height=\"180\" alt=\"March\u00e9 de No\u00ebl\" class=\"border\"\/><\/a><\/li>\n<li class=\"li_gp_div li_gp_div_infeed\"\/>\n<li class=\"col-12 pt-4\" data-view-id-type=\"1\" data-view-id=\"1136557\" data-view-bc=\"0\"><a class=\"image\" href=\"https:\/\/www.jds.fr\/rouen\/foires-et-salons\/foires\/dominique-letellier-signe-ses-5-romans-a-sotteville-les-rouen-les-19-20-dec-2025-1136557_A\" rel=\"nofollow noopener\" target=\"_blank\"><img decoding=\"async\" loading=\"lazy\" src=\"https:\/\/www.europesays.com\/fr\/wp-content\/uploads\/2025\/09\/0-77394300-1755981286-699839-180-180.webp.webp\" width=\"180\" height=\"180\" alt=\"Dominique Letellier signe ses 5 romans \u00e0 Sotteville-l\u00e8s-Rouen les 19\/20 d\u00e9c 2025\" class=\"border\"\/><\/a><\/li>\n<\/ul>\n<p class=\"font-size-30 fw-bold lh-1 mt-0 mb-4\">Je trouve les meilleures sorties dans ma ville<\/p>\n<p>Les actualit\u00e9s \u00e0  Rouen<\/p>\n<ul class=\"mt-3 list-unstyled list-articles-v2\">\n<li class=\"col-12 pt-4\" data-view-id-type=\"1\" data-view-id=\"1150195\" data-view-bc=\"0\"><a class=\"image\" href=\"https:\/\/www.jds.fr\/rouen\/magazine\/sorties-du-week-end\/3-idees-sympa-pour-ce-week-end-a-rouen-du-5-au-7-septembre-1150195_A\" rel=\"nofollow noopener\" target=\"_blank\"><img decoding=\"async\" loading=\"lazy\" src=\"https:\/\/www.europesays.com\/fr\/wp-content\/uploads\/2025\/09\/candlelight-hommage-a-charles-aznavour-708157-180-180.webp.webp\" width=\"180\" height=\"180\" alt=\"3 id\u00e9es sympa pour ce week-end \u00e0 Rouen du 5 au 7 septembre\" class=\"border\"\/><\/a><\/li>\n<\/ul>\n<p><a href=\"https:\/\/www.jds.fr\/rouen\/magazine\/\" class=\"btn btn-outline-primary py-2 px-4\" rel=\"nofollow noopener\" target=\"_blank\">Voir toutes les actualit\u00e9s \u00e0  Rouen<\/a><\/p>\n<p class=\"mt-0 mb-3 h2\">Newsletter JDS Rouen<\/p>\n<p class=\"font-size-18 fw-normal lh-sm\">Pr\u00eat pour un week-end de folie\u00a0? Chaque jeudi tous les bons plans sorties<\/p>\n","protected":false},"excerpt":{"rendered":"Le 09\/10\/2025 CMA Normandie, 135 Boulevard de l&rsquo;Europe | Rouen Gratuit Envie d\u2019entreprendre\u00a0? Venez au Salon Objectif Artisan&hellip;\n","protected":false},"author":2,"featured_media":365548,"comment_status":"","ping_status":"","sticky":false,"template":"","format":"standard","meta":{"footnotes":""},"categories":[9587],"tags":[1111,11,1777,674,1011,27,12,5161,25,9590],"class_list":{"0":"post-365547","1":"post","2":"type-post","3":"status-publish","4":"format-standard","5":"has-post-thumbnail","7":"category-rouen","8":"tag-actu","9":"tag-actualites","10":"tag-eu","11":"tag-europe","12":"tag-fr","13":"tag-france","14":"tag-news","15":"tag-normandie","16":"tag-republique-francaise","17":"tag-rouen"},"share_on_mastodon":{"url":"https:\/\/pubeurope.com\/@fr\/115145764919935343","error":""},"_links":{"self":[{"href":"https:\/\/www.europesays.com\/fr\/wp-json\/wp\/v2\/posts\/365547","targetHints":{"allow":["GET"]}}],"collection":[{"href":"https:\/\/www.europesays.com\/fr\/wp-json\/wp\/v2\/posts"}],"about":[{"href":"https:\/\/www.europesays.com\/fr\/wp-json\/wp\/v2\/types\/post"}],"author":[{"embeddable":true,"href":"https:\/\/www.europesays.com\/fr\/wp-json\/wp\/v2\/users\/2"}],"replies":[{"embeddable":true,"href":"https:\/\/www.europesays.com\/fr\/wp-json\/wp\/v2\/comments?post=365547"}],"version-history":[{"count":0,"href":"https:\/\/www.europesays.com\/fr\/wp-json\/wp\/v2\/posts\/365547\/revisions"}],"wp:featuredmedia":[{"embeddable":true,"href":"https:\/\/www.europesays.com\/fr\/wp-json\/wp\/v2\/media\/365548"}],"wp:attachment":[{"href":"https:\/\/www.europesays.com\/fr\/wp-json\/wp\/v2\/media?parent=365547"}],"wp:term":[{"taxonomy":"category","embeddable":true,"href":"https:\/\/www.europesays.com\/fr\/wp-json\/wp\/v2\/categories?post=365547"},{"taxonomy":"post_tag","embeddable":true,"href":"https:\/\/www.europesays.com\/fr\/wp-json\/wp\/v2\/tags?post=365547"}],"curies":[{"name":"wp","href":"https:\/\/api.w.org\/{rel}","templated":true}]}}